{"id":16220,"date":"2025-11-04T10:52:07","date_gmt":"2025-11-04T10:52:07","guid":{"rendered":"https:\/\/livingmultimediosde.net.ar\/INDEX\/?p=16220"},"modified":"2025-11-04T10:52:38","modified_gmt":"2025-11-04T10:52:38","slug":"detuvieron-a-ex-fiscal-militar-jefa-de-israel-por-filtrar-un-video-de-abuso-contra-un-detenido-palestino","status":"publish","type":"post","link":"https:\/\/livingmultimediosde.net.ar\/INDEX\/2025\/11\/detuvieron-a-ex-fiscal-militar-jefa-de-israel-por-filtrar-un-video-de-abuso-contra-un-detenido-palestino\/","title":{"rendered":"Detuvieron a ex fiscal militar jefa de Israel por filtrar un video de abuso contra un detenido palestino"},"content":{"rendered":"\n<p class=\"wp-block-paragraph\">La exfiscal militar jefa de Israel fue arrestada tras admitir haber filtrado un video que muestra a soldados abusando de un detenido palestino en un centro de detenci\u00f3n en el sur del pa\u00eds, informaron hoy funcionarios.<\/p>\n\n\n\n<p class=\"wp-block-paragraph\">La general Yifat Tomer-Yerushalmi renunci\u00f3 el viernes tras asumir la responsabilidad de la filtraci\u00f3n y el arresto se produjo tras una intensa b\u00fasqueda a lo largo de la costa de Tel Aviv la noche del domingo, iniciada despu\u00e9s de que la familia de Tomer-Yerushalmi expresara su preocupaci\u00f3n por su seguridad y la Polic\u00eda encontrara su autom\u00f3vil abandonado cerca de la playa.<\/p>\n\n\n\n<p class=\"wp-block-paragraph\">La Polic\u00eda inform\u00f3 que fue encontrada poco despu\u00e9s \u201csana y salva\u201d; ya este lunes, el Tribunal de Magistrados de Tel Aviv orden\u00f3 su detenci\u00f3n preventiva al menos hasta el mi\u00e9rcoles.<\/p>\n\n\n\n<p class=\"wp-block-paragraph\">La Polic\u00eda indic\u00f3 que se la acusa de fraude, abuso de confianza, abuso de poder y obstrucci\u00f3n a la Justicia, mientras que el exfiscal militar Matan Solomesh tambi\u00e9n fue arrestado y puesto en prisi\u00f3n preventiva hasta el mi\u00e9rcoles.<\/p>\n\n\n\n<p class=\"wp-block-paragraph\">La cadena estatal Kan TV inform\u00f3 que varios oficiales de la fiscal\u00eda militar fueron interrogados por la Polic\u00eda, indica el informe de la agencia de noticias Xinhua.<\/p>\n\n\n\n<p class=\"wp-block-paragraph\">El tel\u00e9fono m\u00f3vil de Tomer-Yerushalmi no fue localizado, y los investigadores est\u00e1n examinando si pudo haberlo arrojado al mar para destruir pruebas.<\/p>\n\n\n\n<p class=\"wp-block-paragraph\">El ministro de Seguridad Nacional, Itamar Ben-Gvir, declar\u00f3 que se encuentra bajo vigilancia reforzada.<\/p>\n\n\n\n<p class=\"wp-block-paragraph\">El v\u00eddeo filtrado, emitido por el Canal 12, mostraba la agresi\u00f3n a un detenido palestino en el centro de detenci\u00f3n de Sde Teiman en agosto de 2024.<\/p>\n\n\n\n<p class=\"wp-block-paragraph\">En aquel momento, el ej\u00e9rcito investigaba el incidente y hab\u00eda detenido a varios soldados sospechosos de estar implicados, lo que provoc\u00f3 la indignaci\u00f3n de activistas de extrema derecha que irrumpieron en el centro en se\u00f1al de protesta.<\/p>\n\n\n\n<p class=\"wp-block-paragraph\">Cinco soldados fueron posteriormente acusados \u200b\u200bformalmente; seg\u00fan la acusaci\u00f3n, cuya copia fue vista por Xinhua, los cinco golpearon, patearon y agredieron a un detenido palestino de Gaza con una pistola el\u00e9ctrica, y lo sodomizaron mientras estaba vendado y esposado de pies y manos, caus\u00e1ndole graves lesiones.<\/p>\n\n\n\n<p class=\"wp-block-paragraph\">En su carta de dimisi\u00f3n, Tomer-Yerushalmi afirm\u00f3 que filtr\u00f3 el v\u00eddeo para contrarrestar la ola de indignaci\u00f3n p\u00fablica en Israel dirigida contra la fiscal\u00eda militar tras la detenci\u00f3n de los soldados sospechosos.<\/p>\n\n\n\n<p class=\"wp-block-paragraph\">Las fuerzas armadas tienen el deber de investigar siempre que existan sospechas razonables de violencia contra un detenido, escribi\u00f3. Lamentablemente, esta idea fundamental \u2014que hay acciones que jam\u00e1s deben llevarse a cabo, ni siquiera contra los detenidos m\u00e1s viles\u2014 ya no convence a todo el mundo, a\u00f1adi\u00f3.<\/p>\n","protected":false},"excerpt":{"rendered":"<p>La exfiscal militar jefa de Israel fue arrestada tras admitir haber filtrado un video que muestra a soldados abusando de un detenido palestino en un centro de detenci\u00f3n en el sur del pa\u00eds, informaron hoy funcionarios. La general Yifat Tomer-Yerushalmi renunci\u00f3 el viernes tras asumir la responsabilidad de la filtraci\u00f3n y el arresto se produjo tras una intensa b\u00fasqueda a lo largo de la costa de Tel Aviv la noche del domingo, iniciada despu\u00e9s de que la familia de Tomer-Yerushalmi expresara su preocupaci\u00f3n por su seguridad y la Polic\u00eda encontrara&hellip;<\/p>\n","protected":false},"author":1,"featured_media":16221,"comment_status":"closed","ping_status":"closed","sticky":false,"template":"","format":"standard","meta":{"footnotes":""},"categories":[4],"tags":[],"class_list":["post-16220","post","type-post","status-publish","format-standard","has-post-thumbnail","hentry","category-interes-general"],"rttpg_featured_image_url":{"full":["https:\/\/livingmultimediosde.net.ar\/INDEX\/wp-content\/uploads\/2025\/11\/jefa-de-Israel.webp",1080,720,false],"landscape":["https:\/\/livingmultimediosde.net.ar\/INDEX\/wp-content\/uploads\/2025\/11\/jefa-de-Israel.webp",1080,720,false],"portraits":["https:\/\/livingmultimediosde.net.ar\/INDEX\/wp-content\/uploads\/2025\/11\/jefa-de-Israel.webp",1080,720,false],"thumbnail":["https:\/\/livingmultimediosde.net.ar\/INDEX\/wp-content\/uploads\/2025\/11\/jefa-de-Israel-150x150.webp",150,150,true],"medium":["https:\/\/livingmultimediosde.net.ar\/INDEX\/wp-content\/uploads\/2025\/11\/jefa-de-Israel-300x200.webp",300,200,true],"large":["https:\/\/livingmultimediosde.net.ar\/INDEX\/wp-content\/uploads\/2025\/11\/jefa-de-Israel-1024x683.webp",640,427,true],"1536x1536":["https:\/\/livingmultimediosde.net.ar\/INDEX\/wp-content\/uploads\/2025\/11\/jefa-de-Israel.webp",1080,720,false],"2048x2048":["https:\/\/livingmultimediosde.net.ar\/INDEX\/wp-content\/uploads\/2025\/11\/jefa-de-Israel.webp",1080,720,false],"post-thumbnail":["https:\/\/livingmultimediosde.net.ar\/INDEX\/wp-content\/uploads\/2025\/11\/jefa-de-Israel-240x172.webp",240,172,true]},"rttpg_author":{"display_name":"rober","author_link":"https:\/\/livingmultimediosde.net.ar\/INDEX\/author\/rober\/"},"rttpg_comment":0,"rttpg_category":"<a href=\"https:\/\/livingmultimediosde.net.ar\/INDEX\/category\/interes-general\/\" rel=\"category tag\">INTERES GENERAL<\/a>","rttpg_excerpt":"La exfiscal militar jefa de Israel fue arrestada tras admitir haber filtrado un video que muestra a soldados abusando de un detenido palestino en un centro de detenci\u00f3n en el sur del pa\u00eds, informaron hoy funcionarios. La general Yifat Tomer-Yerushalmi renunci\u00f3 el viernes tras asumir la responsabilidad de la filtraci\u00f3n y el arresto se produjo&hellip;","_links":{"self":[{"href":"https:\/\/livingmultimediosde.net.ar\/INDEX\/wp-json\/wp\/v2\/posts\/16220","targetHints":{"allow":["GET"]}}],"collection":[{"href":"https:\/\/livingmultimediosde.net.ar\/INDEX\/wp-json\/wp\/v2\/posts"}],"about":[{"href":"https:\/\/livingmultimediosde.net.ar\/INDEX\/wp-json\/wp\/v2\/types\/post"}],"author":[{"embeddable":true,"href":"https:\/\/livingmultimediosde.net.ar\/INDEX\/wp-json\/wp\/v2\/users\/1"}],"replies":[{"embeddable":true,"href":"https:\/\/livingmultimediosde.net.ar\/INDEX\/wp-json\/wp\/v2\/comments?post=16220"}],"version-history":[{"count":1,"href":"https:\/\/livingmultimediosde.net.ar\/INDEX\/wp-json\/wp\/v2\/posts\/16220\/revisions"}],"predecessor-version":[{"id":16222,"href":"https:\/\/livingmultimediosde.net.ar\/INDEX\/wp-json\/wp\/v2\/posts\/16220\/revisions\/16222"}],"wp:featuredmedia":[{"embeddable":true,"href":"https:\/\/livingmultimediosde.net.ar\/INDEX\/wp-json\/wp\/v2\/media\/16221"}],"wp:attachment":[{"href":"https:\/\/livingmultimediosde.net.ar\/INDEX\/wp-json\/wp\/v2\/media?parent=16220"}],"wp:term":[{"taxonomy":"category","embeddable":true,"href":"https:\/\/livingmultimediosde.net.ar\/INDEX\/wp-json\/wp\/v2\/categories?post=16220"},{"taxonomy":"post_tag","embeddable":true,"href":"https:\/\/livingmultimediosde.net.ar\/INDEX\/wp-json\/wp\/v2\/tags?post=16220"}],"curies":[{"name":"wp","href":"https:\/\/api.w.org\/{rel}","templated":true}]}}