{"id":16217,"date":"2025-11-04T10:46:36","date_gmt":"2025-11-04T10:46:36","guid":{"rendered":"https:\/\/livingmultimediosde.net.ar\/INDEX\/?p=16217"},"modified":"2025-11-04T10:46:39","modified_gmt":"2025-11-04T10:46:39","slug":"electricidad-de-la-municipalidad-realiza-mejoras-del-alumbrado-en-el-barrio-caceres","status":"publish","type":"post","link":"https:\/\/livingmultimediosde.net.ar\/INDEX\/2025\/11\/electricidad-de-la-municipalidad-realiza-mejoras-del-alumbrado-en-el-barrio-caceres\/","title":{"rendered":"ELECTRICIDAD DE LA MUNICIPALIDAD REALIZA MEJORAS DEL ALUMBRADO EN EL BARRIO C\u00c1CERES"},"content":{"rendered":"\n<p class=\"wp-block-paragraph\">La Direcci\u00f3n de Electricidad de la Capital lleva adelante la renovaci\u00f3n del alumbrado p\u00fablico de la calle 3 de febrero, desde V\u00e9lez Sarsfield hasta Olaechea en el barrio C\u00e1ceres.<br>Las tareas incluyen la instalaci\u00f3n de 23 columnas recuperadas con sus correspondientes luminarias led de \u00faltima generaci\u00f3n y la colocaci\u00f3n de m\u00e1s de 500 metros de cable en altura.<br>Los trabajos sobre 3 de Febrero se complementan con la obra que se concret\u00f3 anteriormente sobre V\u00e9lez Sarsfield, entre Alsina hasta Pueyrred\u00f3n.<br>Adem\u00e1s, empleados de la Direcci\u00f3n de Parques y Paseos realizan la poda de los \u00e1rboles ubicados en la v\u00eda p\u00fablica para facilitar el desplazamiento de los transe\u00fantes y de los veh\u00edculos y reducir el contacto de las ramas con las instalaciones el\u00e9ctricas a los fines de no obstruir la iluminaci\u00f3n.<br>Al respecto, el director de Electricidad, Marcelo Aguilar, indic\u00f3 que \u00ablas obras a cargo del personal municipal buscan mejorar la iluminaci\u00f3n de los accesos a los barrios y de las calles por las que circula el transporte p\u00fablico de pasajeros. Similares trabajos se est\u00e1n llevando a cabo en calles de los barrios Campo Contreras y Juan D\u00edaz de Sol\u00eds\u201d.<\/p>\n","protected":false},"excerpt":{"rendered":"<p>La Direcci\u00f3n de Electricidad de la Capital lleva adelante la renovaci\u00f3n del alumbrado p\u00fablico de la calle 3 de febrero, desde V\u00e9lez Sarsfield hasta Olaechea en el barrio C\u00e1ceres.Las tareas incluyen la instalaci\u00f3n de 23 columnas recuperadas con sus correspondientes luminarias led de \u00faltima generaci\u00f3n y la colocaci\u00f3n de m\u00e1s de 500 metros de cable en altura.Los trabajos sobre 3 de Febrero se complementan con la obra que se concret\u00f3 anteriormente sobre V\u00e9lez Sarsfield, entre Alsina hasta Pueyrred\u00f3n.Adem\u00e1s, empleados de la Direcci\u00f3n de Parques y Paseos realizan la poda de&hellip;<\/p>\n","protected":false},"author":1,"featured_media":16218,"comment_status":"closed","ping_status":"closed","sticky":false,"template":"","format":"standard","meta":{"footnotes":""},"categories":[9],"tags":[],"class_list":["post-16217","post","type-post","status-publish","format-standard","has-post-thumbnail","hentry","category-noticias"],"rttpg_featured_image_url":{"full":["https:\/\/livingmultimediosde.net.ar\/INDEX\/wp-content\/uploads\/2025\/11\/electri.jpeg",1600,1066,false],"landscape":["https:\/\/livingmultimediosde.net.ar\/INDEX\/wp-content\/uploads\/2025\/11\/electri.jpeg",1600,1066,false],"portraits":["https:\/\/livingmultimediosde.net.ar\/INDEX\/wp-content\/uploads\/2025\/11\/electri.jpeg",1600,1066,false],"thumbnail":["https:\/\/livingmultimediosde.net.ar\/INDEX\/wp-content\/uploads\/2025\/11\/electri-150x150.jpeg",150,150,true],"medium":["https:\/\/livingmultimediosde.net.ar\/INDEX\/wp-content\/uploads\/2025\/11\/electri-300x200.jpeg",300,200,true],"large":["https:\/\/livingmultimediosde.net.ar\/INDEX\/wp-content\/uploads\/2025\/11\/electri-1024x682.jpeg",640,426,true],"1536x1536":["https:\/\/livingmultimediosde.net.ar\/INDEX\/wp-content\/uploads\/2025\/11\/electri-1536x1023.jpeg",1536,1023,true],"2048x2048":["https:\/\/livingmultimediosde.net.ar\/INDEX\/wp-content\/uploads\/2025\/11\/electri.jpeg",1600,1066,false],"post-thumbnail":["https:\/\/livingmultimediosde.net.ar\/INDEX\/wp-content\/uploads\/2025\/11\/electri-240x172.jpeg",240,172,true]},"rttpg_author":{"display_name":"rober","author_link":"https:\/\/livingmultimediosde.net.ar\/INDEX\/author\/rober\/"},"rttpg_comment":0,"rttpg_category":"<a href=\"https:\/\/livingmultimediosde.net.ar\/INDEX\/category\/noticias\/\" rel=\"category tag\">NOTICIAS<\/a>","rttpg_excerpt":"La Direcci\u00f3n de Electricidad de la Capital lleva adelante la renovaci\u00f3n del alumbrado p\u00fablico de la calle 3 de febrero, desde V\u00e9lez Sarsfield hasta Olaechea en el barrio C\u00e1ceres.Las tareas incluyen la instalaci\u00f3n de 23 columnas recuperadas con sus correspondientes luminarias led de \u00faltima generaci\u00f3n y la colocaci\u00f3n de m\u00e1s de 500 metros de cable&hellip;","_links":{"self":[{"href":"https:\/\/livingmultimediosde.net.ar\/INDEX\/wp-json\/wp\/v2\/posts\/16217","targetHints":{"allow":["GET"]}}],"collection":[{"href":"https:\/\/livingmultimediosde.net.ar\/INDEX\/wp-json\/wp\/v2\/posts"}],"about":[{"href":"https:\/\/livingmultimediosde.net.ar\/INDEX\/wp-json\/wp\/v2\/types\/post"}],"author":[{"embeddable":true,"href":"https:\/\/livingmultimediosde.net.ar\/INDEX\/wp-json\/wp\/v2\/users\/1"}],"replies":[{"embeddable":true,"href":"https:\/\/livingmultimediosde.net.ar\/INDEX\/wp-json\/wp\/v2\/comments?post=16217"}],"version-history":[{"count":1,"href":"https:\/\/livingmultimediosde.net.ar\/INDEX\/wp-json\/wp\/v2\/posts\/16217\/revisions"}],"predecessor-version":[{"id":16219,"href":"https:\/\/livingmultimediosde.net.ar\/INDEX\/wp-json\/wp\/v2\/posts\/16217\/revisions\/16219"}],"wp:featuredmedia":[{"embeddable":true,"href":"https:\/\/livingmultimediosde.net.ar\/INDEX\/wp-json\/wp\/v2\/media\/16218"}],"wp:attachment":[{"href":"https:\/\/livingmultimediosde.net.ar\/INDEX\/wp-json\/wp\/v2\/media?parent=16217"}],"wp:term":[{"taxonomy":"category","embeddable":true,"href":"https:\/\/livingmultimediosde.net.ar\/INDEX\/wp-json\/wp\/v2\/categories?post=16217"},{"taxonomy":"post_tag","embeddable":true,"href":"https:\/\/livingmultimediosde.net.ar\/INDEX\/wp-json\/wp\/v2\/tags?post=16217"}],"curies":[{"name":"wp","href":"https:\/\/api.w.org\/{rel}","templated":true}]}}