{"id":16214,"date":"2025-11-04T10:37:25","date_gmt":"2025-11-04T10:37:25","guid":{"rendered":"https:\/\/livingmultimediosde.net.ar\/INDEX\/?p=16214"},"modified":"2025-11-04T10:37:29","modified_gmt":"2025-11-04T10:37:29","slug":"la-municipalidad-dio-inicio-a-la-segunda-edicion-del-curso-basico-en-lengua-de-senas","status":"publish","type":"post","link":"https:\/\/livingmultimediosde.net.ar\/INDEX\/2025\/11\/la-municipalidad-dio-inicio-a-la-segunda-edicion-del-curso-basico-en-lengua-de-senas\/","title":{"rendered":"LA MUNICIPALIDAD DIO INICIO A LA SEGUNDA EDICI\u00d3N DEL CURSO B\u00c1SICO EN LENGUA DE SE\u00d1AS"},"content":{"rendered":"\n<p class=\"wp-block-paragraph\">La Direcci\u00f3n de Desarrollo Social y Comunitario de la Municipalidad de la Capital, a trav\u00e9s de su \u00e1rea de Discapacidad, dio inicio a la segunda comisi\u00f3n del Curso B\u00e1sico en Lengua de Se\u00f1as Argentina (LSA), con la participaci\u00f3n de m\u00e1s de 200 inscriptos.<br>Realizado en la Casa de la Cultura del Bicentenario, el espacio de formaci\u00f3n tiene como prop\u00f3sito promover la inclusi\u00f3n y la comunicaci\u00f3n accesible, brindando a los asistentes herramientas fundamentales para interactuar con personas sordas, favoreciendo una sociedad m\u00e1s emp\u00e1tica y comprometida con la discapacidad.<br>El taller se desarrolla de forma articulada con la Asociaci\u00f3n Civil de Ayuda a Personas Sordas de Santiago del Estero (ACAPSSE) y se extender\u00e1 a lo largo de cinco encuentros, con material did\u00e1ctico inclu\u00eddo.<\/p>\n","protected":false},"excerpt":{"rendered":"<p>La Direcci\u00f3n de Desarrollo Social y Comunitario de la Municipalidad de la Capital, a trav\u00e9s de su \u00e1rea de Discapacidad, dio inicio a la segunda comisi\u00f3n del Curso B\u00e1sico en Lengua de Se\u00f1as Argentina (LSA), con la participaci\u00f3n de m\u00e1s de 200 inscriptos.Realizado en la Casa de la Cultura del Bicentenario, el espacio de formaci\u00f3n tiene como prop\u00f3sito promover la inclusi\u00f3n y la comunicaci\u00f3n accesible, brindando a los asistentes herramientas fundamentales para interactuar con personas sordas, favoreciendo una sociedad m\u00e1s emp\u00e1tica y comprometida con la discapacidad.El taller se desarrolla de&hellip;<\/p>\n","protected":false},"author":1,"featured_media":16215,"comment_status":"closed","ping_status":"closed","sticky":false,"template":"","format":"standard","meta":{"footnotes":""},"categories":[9],"tags":[],"class_list":["post-16214","post","type-post","status-publish","format-standard","has-post-thumbnail","hentry","category-noticias"],"rttpg_featured_image_url":{"full":["https:\/\/livingmultimediosde.net.ar\/INDEX\/wp-content\/uploads\/2025\/11\/senas1.jpeg",1280,853,false],"landscape":["https:\/\/livingmultimediosde.net.ar\/INDEX\/wp-content\/uploads\/2025\/11\/senas1.jpeg",1280,853,false],"portraits":["https:\/\/livingmultimediosde.net.ar\/INDEX\/wp-content\/uploads\/2025\/11\/senas1.jpeg",1280,853,false],"thumbnail":["https:\/\/livingmultimediosde.net.ar\/INDEX\/wp-content\/uploads\/2025\/11\/senas1-150x150.jpeg",150,150,true],"medium":["https:\/\/livingmultimediosde.net.ar\/INDEX\/wp-content\/uploads\/2025\/11\/senas1-300x200.jpeg",300,200,true],"large":["https:\/\/livingmultimediosde.net.ar\/INDEX\/wp-content\/uploads\/2025\/11\/senas1-1024x682.jpeg",640,426,true],"1536x1536":["https:\/\/livingmultimediosde.net.ar\/INDEX\/wp-content\/uploads\/2025\/11\/senas1.jpeg",1280,853,false],"2048x2048":["https:\/\/livingmultimediosde.net.ar\/INDEX\/wp-content\/uploads\/2025\/11\/senas1.jpeg",1280,853,false],"post-thumbnail":["https:\/\/livingmultimediosde.net.ar\/INDEX\/wp-content\/uploads\/2025\/11\/senas1-240x172.jpeg",240,172,true]},"rttpg_author":{"display_name":"rober","author_link":"https:\/\/livingmultimediosde.net.ar\/INDEX\/author\/rober\/"},"rttpg_comment":0,"rttpg_category":"<a href=\"https:\/\/livingmultimediosde.net.ar\/INDEX\/category\/noticias\/\" rel=\"category tag\">NOTICIAS<\/a>","rttpg_excerpt":"La Direcci\u00f3n de Desarrollo Social y Comunitario de la Municipalidad de la Capital, a trav\u00e9s de su \u00e1rea de Discapacidad, dio inicio a la segunda comisi\u00f3n del Curso B\u00e1sico en Lengua de Se\u00f1as Argentina (LSA), con la participaci\u00f3n de m\u00e1s de 200 inscriptos.Realizado en la Casa de la Cultura del Bicentenario, el espacio de formaci\u00f3n&hellip;","_links":{"self":[{"href":"https:\/\/livingmultimediosde.net.ar\/INDEX\/wp-json\/wp\/v2\/posts\/16214","targetHints":{"allow":["GET"]}}],"collection":[{"href":"https:\/\/livingmultimediosde.net.ar\/INDEX\/wp-json\/wp\/v2\/posts"}],"about":[{"href":"https:\/\/livingmultimediosde.net.ar\/INDEX\/wp-json\/wp\/v2\/types\/post"}],"author":[{"embeddable":true,"href":"https:\/\/livingmultimediosde.net.ar\/INDEX\/wp-json\/wp\/v2\/users\/1"}],"replies":[{"embeddable":true,"href":"https:\/\/livingmultimediosde.net.ar\/INDEX\/wp-json\/wp\/v2\/comments?post=16214"}],"version-history":[{"count":1,"href":"https:\/\/livingmultimediosde.net.ar\/INDEX\/wp-json\/wp\/v2\/posts\/16214\/revisions"}],"predecessor-version":[{"id":16216,"href":"https:\/\/livingmultimediosde.net.ar\/INDEX\/wp-json\/wp\/v2\/posts\/16214\/revisions\/16216"}],"wp:featuredmedia":[{"embeddable":true,"href":"https:\/\/livingmultimediosde.net.ar\/INDEX\/wp-json\/wp\/v2\/media\/16215"}],"wp:attachment":[{"href":"https:\/\/livingmultimediosde.net.ar\/INDEX\/wp-json\/wp\/v2\/media?parent=16214"}],"wp:term":[{"taxonomy":"category","embeddable":true,"href":"https:\/\/livingmultimediosde.net.ar\/INDEX\/wp-json\/wp\/v2\/categories?post=16214"},{"taxonomy":"post_tag","embeddable":true,"href":"https:\/\/livingmultimediosde.net.ar\/INDEX\/wp-json\/wp\/v2\/tags?post=16214"}],"curies":[{"name":"wp","href":"https:\/\/api.w.org\/{rel}","templated":true}]}}