{"id":16211,"date":"2025-11-04T10:34:48","date_gmt":"2025-11-04T10:34:48","guid":{"rendered":"https:\/\/livingmultimediosde.net.ar\/INDEX\/?p=16211"},"modified":"2025-11-04T10:35:19","modified_gmt":"2025-11-04T10:35:19","slug":"el-centro-de-educacion-municipal-para-el-arte-organiza-talleres-de-danzas-folcloricas-en-el-parque-ecologico","status":"publish","type":"post","link":"https:\/\/livingmultimediosde.net.ar\/INDEX\/2025\/11\/el-centro-de-educacion-municipal-para-el-arte-organiza-talleres-de-danzas-folcloricas-en-el-parque-ecologico\/","title":{"rendered":"EL CENTRO DE EDUCACI\u00d3N MUNICIPAL PARA EL ARTE ORGANIZA TALLERES DE DANZAS FOLCL\u00d3RICAS EN EL PARQUE ECOL\u00d3GICO"},"content":{"rendered":"\n<p class=\"wp-block-paragraph\">El Centro de Educaci\u00f3n para el Arte (CEA) de la Municipalidad de la Capital informa que este martes 4 de noviembre a las 19:30 horas comenzar\u00e1 un Taller de Danzas Folcl\u00f3ricas en el Parque Ecol\u00f3gico \u201cAshpaKausay\u201d ubicado en Av. N\u00fa\u00f1ez del Prado (N) y Av. Libertador.<br>A cargo del profesor Miguel Serrano, el curso es libre y gratuito y se extender\u00e1 durante todo el mes de noviembre. No se requiere contar con conocimientos previos para participar y se solicita asistir con ropa c\u00f3moda y pa\u00f1uelo.<br>De este modo, el taller se suma a los otros espacios formativos que ya se dictan en el CEA, entre los que se destacan canto, coro, danzas, teatro, guitarra y teclado.<br>Los interesados en formar parte pueden solicitar m\u00e1s informaci\u00f3n en las oficinas del CEA ubicadas en C\u00f3rdoba 254 o v\u00eda telef\u00f3nica al n\u00famero 6029347.<\/p>\n","protected":false},"excerpt":{"rendered":"<p>El Centro de Educaci\u00f3n para el Arte (CEA) de la Municipalidad de la Capital informa que este martes 4 de noviembre a las 19:30 horas comenzar\u00e1 un Taller de Danzas Folcl\u00f3ricas en el Parque Ecol\u00f3gico \u201cAshpaKausay\u201d ubicado en Av. N\u00fa\u00f1ez del Prado (N) y Av. Libertador.A cargo del profesor Miguel Serrano, el curso es libre y gratuito y se extender\u00e1 durante todo el mes de noviembre. No se requiere contar con conocimientos previos para participar y se solicita asistir con ropa c\u00f3moda y pa\u00f1uelo.De este modo, el taller se suma&hellip;<\/p>\n","protected":false},"author":1,"featured_media":16212,"comment_status":"closed","ping_status":"closed","sticky":false,"template":"","format":"standard","meta":{"footnotes":""},"categories":[9],"tags":[],"class_list":["post-16211","post","type-post","status-publish","format-standard","has-post-thumbnail","hentry","category-noticias"],"rttpg_featured_image_url":{"full":["https:\/\/livingmultimediosde.net.ar\/INDEX\/wp-content\/uploads\/2025\/11\/eco-danzas.jpeg",1600,989,false],"landscape":["https:\/\/livingmultimediosde.net.ar\/INDEX\/wp-content\/uploads\/2025\/11\/eco-danzas.jpeg",1600,989,false],"portraits":["https:\/\/livingmultimediosde.net.ar\/INDEX\/wp-content\/uploads\/2025\/11\/eco-danzas.jpeg",1600,989,false],"thumbnail":["https:\/\/livingmultimediosde.net.ar\/INDEX\/wp-content\/uploads\/2025\/11\/eco-danzas-150x150.jpeg",150,150,true],"medium":["https:\/\/livingmultimediosde.net.ar\/INDEX\/wp-content\/uploads\/2025\/11\/eco-danzas-300x185.jpeg",300,185,true],"large":["https:\/\/livingmultimediosde.net.ar\/INDEX\/wp-content\/uploads\/2025\/11\/eco-danzas-1024x633.jpeg",640,396,true],"1536x1536":["https:\/\/livingmultimediosde.net.ar\/INDEX\/wp-content\/uploads\/2025\/11\/eco-danzas-1536x949.jpeg",1536,949,true],"2048x2048":["https:\/\/livingmultimediosde.net.ar\/INDEX\/wp-content\/uploads\/2025\/11\/eco-danzas.jpeg",1600,989,false],"post-thumbnail":["https:\/\/livingmultimediosde.net.ar\/INDEX\/wp-content\/uploads\/2025\/11\/eco-danzas-240x172.jpeg",240,172,true]},"rttpg_author":{"display_name":"rober","author_link":"https:\/\/livingmultimediosde.net.ar\/INDEX\/author\/rober\/"},"rttpg_comment":0,"rttpg_category":"<a href=\"https:\/\/livingmultimediosde.net.ar\/INDEX\/category\/noticias\/\" rel=\"category tag\">NOTICIAS<\/a>","rttpg_excerpt":"El Centro de Educaci\u00f3n para el Arte (CEA) de la Municipalidad de la Capital informa que este martes 4 de noviembre a las 19:30 horas comenzar\u00e1 un Taller de Danzas Folcl\u00f3ricas en el Parque Ecol\u00f3gico \u201cAshpaKausay\u201d ubicado en Av. N\u00fa\u00f1ez del Prado (N) y Av. Libertador.A cargo del profesor Miguel Serrano, el curso es libre&hellip;","_links":{"self":[{"href":"https:\/\/livingmultimediosde.net.ar\/INDEX\/wp-json\/wp\/v2\/posts\/16211","targetHints":{"allow":["GET"]}}],"collection":[{"href":"https:\/\/livingmultimediosde.net.ar\/INDEX\/wp-json\/wp\/v2\/posts"}],"about":[{"href":"https:\/\/livingmultimediosde.net.ar\/INDEX\/wp-json\/wp\/v2\/types\/post"}],"author":[{"embeddable":true,"href":"https:\/\/livingmultimediosde.net.ar\/INDEX\/wp-json\/wp\/v2\/users\/1"}],"replies":[{"embeddable":true,"href":"https:\/\/livingmultimediosde.net.ar\/INDEX\/wp-json\/wp\/v2\/comments?post=16211"}],"version-history":[{"count":1,"href":"https:\/\/livingmultimediosde.net.ar\/INDEX\/wp-json\/wp\/v2\/posts\/16211\/revisions"}],"predecessor-version":[{"id":16213,"href":"https:\/\/livingmultimediosde.net.ar\/INDEX\/wp-json\/wp\/v2\/posts\/16211\/revisions\/16213"}],"wp:featuredmedia":[{"embeddable":true,"href":"https:\/\/livingmultimediosde.net.ar\/INDEX\/wp-json\/wp\/v2\/media\/16212"}],"wp:attachment":[{"href":"https:\/\/livingmultimediosde.net.ar\/INDEX\/wp-json\/wp\/v2\/media?parent=16211"}],"wp:term":[{"taxonomy":"category","embeddable":true,"href":"https:\/\/livingmultimediosde.net.ar\/INDEX\/wp-json\/wp\/v2\/categories?post=16211"},{"taxonomy":"post_tag","embeddable":true,"href":"https:\/\/livingmultimediosde.net.ar\/INDEX\/wp-json\/wp\/v2\/tags?post=16211"}],"curies":[{"name":"wp","href":"https:\/\/api.w.org\/{rel}","templated":true}]}}