{"id":16208,"date":"2025-11-01T22:15:04","date_gmt":"2025-11-01T22:15:04","guid":{"rendered":"https:\/\/livingmultimediosde.net.ar\/INDEX\/?p=16208"},"modified":"2025-11-01T22:15:11","modified_gmt":"2025-11-01T22:15:11","slug":"angel-iniguez-destaco-los-logros-alcanzados-y-anticipo-los-festejos-por-el-55-aniversario-de-colonia-el-simbolar","status":"publish","type":"post","link":"https:\/\/livingmultimediosde.net.ar\/INDEX\/2025\/11\/angel-iniguez-destaco-los-logros-alcanzados-y-anticipo-los-festejos-por-el-55-aniversario-de-colonia-el-simbolar\/","title":{"rendered":"\u00c1ngel I\u00f1iguez destac\u00f3 los logros alcanzados y anticip\u00f3 los festejos por el 55\u00b0 aniversario de Colonia El Simbolar"},"content":{"rendered":"\n<p class=\"wp-block-paragraph\">Colonia El Simbolar. El comisionado municipal de&nbsp;<strong>Colonia El Simbolar<\/strong>&nbsp;y presidente de la&nbsp;<strong>Junta Departamental del Partido Justicialista<\/strong>,&nbsp;<strong>profesor \u00c1ngel I\u00f1iguez<\/strong>, realiz\u00f3 un balance positivo de los resultados electorales recientes y brind\u00f3 detalles sobre los preparativos del&nbsp;<strong>55\u00b0 aniversario de la comunidad<\/strong>, que se celebrar\u00e1 el pr\u00f3ximo&nbsp;<strong>viernes 7 de noviembre<\/strong>.<\/p>\n\n\n\n<p class=\"wp-block-paragraph\">En di\u00e1logo con la prensa, I\u00f1iguez destac\u00f3 que \u201c<strong>la realidad pol\u00edtica del departamento se ha transformado<\/strong>\u201d, subrayando que \u201cde los ocho municipios con los que cuenta la zona, hoy&nbsp;<strong>cinco pertenecen a nuestro espacio pol\u00edtico<\/strong>, revirtiendo un escenario en el que antes solo tres estaban alineados\u201d.<\/p>\n\n\n\n<p class=\"wp-block-paragraph\">\u201cEstos resultados \u2014se\u00f1al\u00f3\u2014 son fruto del trabajo en equipo, del compromiso militante y de una mirada integradora que busca el&nbsp;<strong>fortalecimiento regional<\/strong>&nbsp;y el crecimiento de todas las comunidades del departamento.\u201d<\/p>\n\n\n\n<p class=\"wp-block-paragraph\">El jefe comunal tambi\u00e9n destac\u00f3 la continuidad de obras y programas en ejecuci\u00f3n, se\u00f1alando que \u201cla comunidad ha entendido que&nbsp;<strong>el progreso de Colonia El Simbolar es posible gracias al acompa\u00f1amiento del Gobierno de la Provincia<\/strong>, encabezado por el gobernador&nbsp;<strong>Gerardo Zamora<\/strong>, el vicegobernador y el senador departamental\u201d.<\/p>\n\n\n\n<p class=\"wp-block-paragraph\">\u201c<strong>Nadie m\u00e1s que nosotros puede cuidar lo mucho que se ha conseguido<\/strong>. El crecimiento de nuestra comunidad es resultado de una administraci\u00f3n provincial ordenada, que promueve el desarrollo equitativo de todos los municipios\u201d, agreg\u00f3.<\/p>\n\n\n\n<p class=\"wp-block-paragraph\">I\u00f1iguez remarc\u00f3 los avances en infraestructura, salud y programas sociales implementados durante su gesti\u00f3n. Entre ellos, mencion\u00f3 la&nbsp;<strong>renovaci\u00f3n integral del Hospital Zonal<\/strong>, la creaci\u00f3n de la&nbsp;<strong>Escuela Municipal de Arte<\/strong>, la&nbsp;<strong>Escuela de Ciudadan\u00eda para j\u00f3venes no escolarizados<\/strong>, y el&nbsp;<strong>programa CADCA<\/strong>, uno de los pocos en el pa\u00eds enfocados en la prevenci\u00f3n de adicciones desde el \u00e1mbito comunitario.<\/p>\n\n\n\n<p class=\"wp-block-paragraph\">\u201c<strong>El acento de nuestra gesti\u00f3n no est\u00e1 solo en las obras, sino en los servicios y programas que mejoran la calidad de vida de los vecinos<\/strong>\u201d, afirm\u00f3, destacando tambi\u00e9n el trabajo en materia de seguridad, con la&nbsp;<strong>recategorizaci\u00f3n de la dependencia policial<\/strong>&nbsp;y la incorporaci\u00f3n de nuevos m\u00f3viles y equipamiento.<\/p>\n\n\n\n<p class=\"wp-block-paragraph\">Consultado sobre los desaf\u00edos, el comisionado reconoci\u00f3 que \u201cquedan cosas por hacer\u201d, pero expres\u00f3 satisfacci\u00f3n por cerrar su segundo mandato \u201c<strong>con la tranquilidad de haber transformado una comunidad que antes sufr\u00eda postergaciones, en un pueblo con identidad, desarrollo y oportunidades<\/strong>\u201d.<\/p>\n\n\n\n<p class=\"wp-block-paragraph\">Finalmente, adelant\u00f3 los detalles del&nbsp;<strong>55\u00b0 aniversario de Colonia El Simbolar<\/strong>, que se celebrar\u00e1 el&nbsp;<strong>viernes 7 de noviembre<\/strong>.<br>\u201cPara nosotros es una decisi\u00f3n pol\u00edtica celebrar el d\u00eda exacto del aniversario, sin importar si es feriado o laboral. Es una fecha que refuerza nuestra identidad y sentido de pertenencia\u201d, explic\u00f3.<\/p>\n\n\n\n<p class=\"wp-block-paragraph\">El festejo contar\u00e1 con&nbsp;<strong>actos protocolares, academias locales y un espect\u00e1culo art\u00edstico variado<\/strong>, con propuestas para todas las edades. \u201cSer\u00e1 una celebraci\u00f3n austera pero con la importancia que merece nuestra comunidad. Cada a\u00f1o se realiza con el mismo entusiasmo, porque&nbsp;<strong>honrar nuestras ra\u00edces tambi\u00e9n es parte del progreso<\/strong>\u201d, concluy\u00f3.<\/p>\n","protected":false},"excerpt":{"rendered":"<p>Colonia El Simbolar. El comisionado municipal de&nbsp;Colonia El Simbolar&nbsp;y presidente de la&nbsp;Junta Departamental del Partido Justicialista,&nbsp;profesor \u00c1ngel I\u00f1iguez, realiz\u00f3 un balance positivo de los resultados electorales recientes y brind\u00f3 detalles sobre los preparativos del&nbsp;55\u00b0 aniversario de la comunidad, que se celebrar\u00e1 el pr\u00f3ximo&nbsp;viernes 7 de noviembre. En di\u00e1logo con la prensa, I\u00f1iguez destac\u00f3 que \u201cla realidad pol\u00edtica del departamento se ha transformado\u201d, subrayando que \u201cde los ocho municipios con los que cuenta la zona, hoy&nbsp;cinco pertenecen a nuestro espacio pol\u00edtico, revirtiendo un escenario en el que antes solo tres estaban&hellip;<\/p>\n","protected":false},"author":1,"featured_media":16209,"comment_status":"closed","ping_status":"closed","sticky":false,"template":"","format":"standard","meta":{"footnotes":""},"categories":[9],"tags":[],"class_list":["post-16208","post","type-post","status-publish","format-standard","has-post-thumbnail","hentry","category-noticias"],"rttpg_featured_image_url":{"full":["https:\/\/livingmultimediosde.net.ar\/INDEX\/wp-content\/uploads\/2025\/11\/angel-iniguez-foto.jpg",1200,987,false],"landscape":["https:\/\/livingmultimediosde.net.ar\/INDEX\/wp-content\/uploads\/2025\/11\/angel-iniguez-foto.jpg",1200,987,false],"portraits":["https:\/\/livingmultimediosde.net.ar\/INDEX\/wp-content\/uploads\/2025\/11\/angel-iniguez-foto.jpg",1200,987,false],"thumbnail":["https:\/\/livingmultimediosde.net.ar\/INDEX\/wp-content\/uploads\/2025\/11\/angel-iniguez-foto-150x150.jpg",150,150,true],"medium":["https:\/\/livingmultimediosde.net.ar\/INDEX\/wp-content\/uploads\/2025\/11\/angel-iniguez-foto-300x247.jpg",300,247,true],"large":["https:\/\/livingmultimediosde.net.ar\/INDEX\/wp-content\/uploads\/2025\/11\/angel-iniguez-foto-1024x842.jpg",640,526,true],"1536x1536":["https:\/\/livingmultimediosde.net.ar\/INDEX\/wp-content\/uploads\/2025\/11\/angel-iniguez-foto.jpg",1200,987,false],"2048x2048":["https:\/\/livingmultimediosde.net.ar\/INDEX\/wp-content\/uploads\/2025\/11\/angel-iniguez-foto.jpg",1200,987,false],"post-thumbnail":["https:\/\/livingmultimediosde.net.ar\/INDEX\/wp-content\/uploads\/2025\/11\/angel-iniguez-foto-240x172.jpg",240,172,true]},"rttpg_author":{"display_name":"rober","author_link":"https:\/\/livingmultimediosde.net.ar\/INDEX\/author\/rober\/"},"rttpg_comment":0,"rttpg_category":"<a href=\"https:\/\/livingmultimediosde.net.ar\/INDEX\/category\/noticias\/\" rel=\"category tag\">NOTICIAS<\/a>","rttpg_excerpt":"Colonia El Simbolar. El comisionado municipal de&nbsp;Colonia El Simbolar&nbsp;y presidente de la&nbsp;Junta Departamental del Partido Justicialista,&nbsp;profesor \u00c1ngel I\u00f1iguez, realiz\u00f3 un balance positivo de los resultados electorales recientes y brind\u00f3 detalles sobre los preparativos del&nbsp;55\u00b0 aniversario de la comunidad, que se celebrar\u00e1 el pr\u00f3ximo&nbsp;viernes 7 de noviembre. En di\u00e1logo con la prensa, I\u00f1iguez destac\u00f3 que \u201cla&hellip;","_links":{"self":[{"href":"https:\/\/livingmultimediosde.net.ar\/INDEX\/wp-json\/wp\/v2\/posts\/16208","targetHints":{"allow":["GET"]}}],"collection":[{"href":"https:\/\/livingmultimediosde.net.ar\/INDEX\/wp-json\/wp\/v2\/posts"}],"about":[{"href":"https:\/\/livingmultimediosde.net.ar\/INDEX\/wp-json\/wp\/v2\/types\/post"}],"author":[{"embeddable":true,"href":"https:\/\/livingmultimediosde.net.ar\/INDEX\/wp-json\/wp\/v2\/users\/1"}],"replies":[{"embeddable":true,"href":"https:\/\/livingmultimediosde.net.ar\/INDEX\/wp-json\/wp\/v2\/comments?post=16208"}],"version-history":[{"count":1,"href":"https:\/\/livingmultimediosde.net.ar\/INDEX\/wp-json\/wp\/v2\/posts\/16208\/revisions"}],"predecessor-version":[{"id":16210,"href":"https:\/\/livingmultimediosde.net.ar\/INDEX\/wp-json\/wp\/v2\/posts\/16208\/revisions\/16210"}],"wp:featuredmedia":[{"embeddable":true,"href":"https:\/\/livingmultimediosde.net.ar\/INDEX\/wp-json\/wp\/v2\/media\/16209"}],"wp:attachment":[{"href":"https:\/\/livingmultimediosde.net.ar\/INDEX\/wp-json\/wp\/v2\/media?parent=16208"}],"wp:term":[{"taxonomy":"category","embeddable":true,"href":"https:\/\/livingmultimediosde.net.ar\/INDEX\/wp-json\/wp\/v2\/categories?post=16208"},{"taxonomy":"post_tag","embeddable":true,"href":"https:\/\/livingmultimediosde.net.ar\/INDEX\/wp-json\/wp\/v2\/tags?post=16208"}],"curies":[{"name":"wp","href":"https:\/\/api.w.org\/{rel}","templated":true}]}}