{"id":16204,"date":"2025-11-01T14:03:29","date_gmt":"2025-11-01T14:03:29","guid":{"rendered":"https:\/\/livingmultimediosde.net.ar\/INDEX\/?p=16204"},"modified":"2025-11-01T14:03:32","modified_gmt":"2025-11-01T14:03:32","slug":"hcd-se-eligieron-las-autoridades-del-cuerpo-deliberativo-municipal","status":"publish","type":"post","link":"https:\/\/livingmultimediosde.net.ar\/INDEX\/2025\/11\/hcd-se-eligieron-las-autoridades-del-cuerpo-deliberativo-municipal\/","title":{"rendered":"HCD: Se eligieron las autoridades del cuerpo deliberativo municipal"},"content":{"rendered":"\n<p class=\"wp-block-paragraph\">31.10.25 En un clima de tranquilidad, se llev\u00f3 a cabo la sesi\u00f3n extraordinaria del H. Concejo Deliberante de la Capital para la elecci\u00f3n de autoridades del cuerpo. La misma, fue presidida por su titular, Humberto Eduardo Santill\u00e1n, y cont\u00f3 con la presencia de 9 ediles. Por las bancadas de la oposici\u00f3n participaron por el bloque Libres del Sur, Cra. Marianella Lezama Hid y por el bloque Juntos por el Cambio, Lic. Cecilia Neme. La presidencia recay\u00f3 en Humberto Santill\u00e1n (FC); la vicepresidencia primera, en Walter Medina Salom\u00f3n (FC) y la vicepresidencia segunda, en Carlos Alberto Nazer (FC). En tanto, en la secretar\u00eda general, fue electo el Dr. Santiago Federico Cisneros y en la pro-secretar\u00eda, Omar Roque Santill\u00e1n.<\/p>\n\n\n\n<p class=\"wp-block-paragraph\">En efecto, en cumplimiento del Decreto 299\/25, se convoc\u00f3 a los concejales miembros \u00abpara el viernes 31 del actual, a las 10 hs, a los efectos de que reunidos en sesi\u00f3n extraordinaria consideren como \u00fanico punto del Orden del Dia, la elecci\u00f3n de un presidente, un vicepresidente primero, un vicepresidente segundo, un secretario general y un pro-secretario, cuyos mandatos y funciones se iniciar\u00e1n a partir del 31 de octubre de 2025 y por un a\u00f1o de conformidad a lo establecido por la Carta Org\u00e1nica Municipal, el Reglamento Interno y a lo anunciado en los considerandos del presente Decreto\u00bb.<\/p>\n\n\n\n<p class=\"wp-block-paragraph\">Las autoridades electas durar\u00e1n un a\u00f1o en sus funciones para lo cual debe convocarse a Sesi\u00f3n Extraordinaria.<\/p>\n\n\n\n<p class=\"wp-block-paragraph\">Al momento de las deliberaciones, para la elecci\u00f3n de presidente del cuerpo, la concejala Aida Luz Soria, por el bloque del Frente C\u00edvico, mocion\u00f3 al edil Humberto Santill\u00e1n destacando \u201csu idoneidad, dedicaci\u00f3n y experiencia en el actual cargo\u201d. La votaci\u00f3n fue nominal, imponi\u00e9ndose por 9 votos y una abstenci\u00f3n la designaci\u00f3n de Humberto Santill\u00e1n.<\/p>\n\n\n\n<p class=\"wp-block-paragraph\">En tanto, para la elecci\u00f3n para el cargo de vicepresidente primero, la moci\u00f3n correspondi\u00f3 a la concejala del Frente C\u00edvico, la concejala Marta Arenas quien nomin\u00f3 al concejal Walter Medina Salom\u00f3n poniendo de relieve \u201csu labor parlamentaria, su idoneidad y transparencia en el desempe\u00f1o\u201d. La votaci\u00f3n fue nominal, imponi\u00e9ndose por 9 votos y una abstenci\u00f3n la designaci\u00f3n de Walter Medina Salom\u00f3n.<\/p>\n\n\n\n<p class=\"wp-block-paragraph\">En el caso del cargo de vicepresidente segundo, la concejala Dra. Gabriela Ortiz, mocion\u00f3 al edil, Mario Alberto Nazer, ponderando que \u201ces una persona a quien conocemos por sus caracter\u00edsticas personales, y no tenemos dudas que desempe\u00f1ar\u00e1 la funci\u00f3n con apego y observancia a la constituci\u00f3n provincial, la carta org\u00e1nica y las leyes, con el decoro y el respeto que siempre lo caracteriz\u00f3\u201d.<\/p>\n\n\n\n<p class=\"wp-block-paragraph\">Finalizada la nominaci\u00f3n y proclamaci\u00f3n de las electas autoridades, las mismas prestaron juramento de estilo en la oportunidad.<\/p>\n\n\n\n<p class=\"wp-block-paragraph\">Mario Alberto Nazer<\/p>\n\n\n\n<p class=\"wp-block-paragraph\">En di\u00e1logo con la prensa, el electo vicepresidente segundo, el concejal del FC, Mario Alberto Nazer, se\u00f1al\u00f3: \u201cQuiero expresar mi profundo agradecimiento a mis pares por la confianza depositada al designarme para ejercer esta nueva responsabilidad. Asumo este compromiso con el mismo esp\u00edritu de trabajo, lealtad y vocaci\u00f3n de servicio que me ha guiado siempre, reafirmando mi acompa\u00f1amiento al proyecto pol\u00edtico que compartimos y que busca, con convicci\u00f3n y esfuerzo, el crecimiento sostenido de nuestra ciudad.<\/p>\n\n\n\n<p class=\"wp-block-paragraph\">A\u00f1adi\u00f3 que \u00abtrabajar\u00e9 con di\u00e1logo, respeto y compromiso para contribuir al bienestar de cada vecino y al fortalecimiento institucional del Concejo, convencido de que s\u00f3lo a trav\u00e9s del trabajo conjunto podremos construir una comunidad m\u00e1s justa, desarrollada y solidaria\u201d concluy\u00f3.<\/p>\n","protected":false},"excerpt":{"rendered":"<p>31.10.25 En un clima de tranquilidad, se llev\u00f3 a cabo la sesi\u00f3n extraordinaria del H. Concejo Deliberante de la Capital para la elecci\u00f3n de autoridades del cuerpo. La misma, fue presidida por su titular, Humberto Eduardo Santill\u00e1n, y cont\u00f3 con la presencia de 9 ediles. Por las bancadas de la oposici\u00f3n participaron por el bloque Libres del Sur, Cra. Marianella Lezama Hid y por el bloque Juntos por el Cambio, Lic. Cecilia Neme. La presidencia recay\u00f3 en Humberto Santill\u00e1n (FC); la vicepresidencia primera, en Walter Medina Salom\u00f3n (FC) y la&hellip;<\/p>\n","protected":false},"author":1,"featured_media":16205,"comment_status":"closed","ping_status":"closed","sticky":false,"template":"","format":"standard","meta":{"footnotes":""},"categories":[3],"tags":[],"class_list":["post-16204","post","type-post","status-publish","format-standard","has-post-thumbnail","hentry","category-hcd-capital"],"rttpg_featured_image_url":{"full":["https:\/\/livingmultimediosde.net.ar\/INDEX\/wp-content\/uploads\/2025\/11\/foto4.jpeg",800,531,false],"landscape":["https:\/\/livingmultimediosde.net.ar\/INDEX\/wp-content\/uploads\/2025\/11\/foto4.jpeg",800,531,false],"portraits":["https:\/\/livingmultimediosde.net.ar\/INDEX\/wp-content\/uploads\/2025\/11\/foto4.jpeg",800,531,false],"thumbnail":["https:\/\/livingmultimediosde.net.ar\/INDEX\/wp-content\/uploads\/2025\/11\/foto4-150x150.jpeg",150,150,true],"medium":["https:\/\/livingmultimediosde.net.ar\/INDEX\/wp-content\/uploads\/2025\/11\/foto4-300x199.jpeg",300,199,true],"large":["https:\/\/livingmultimediosde.net.ar\/INDEX\/wp-content\/uploads\/2025\/11\/foto4.jpeg",640,425,false],"1536x1536":["https:\/\/livingmultimediosde.net.ar\/INDEX\/wp-content\/uploads\/2025\/11\/foto4.jpeg",800,531,false],"2048x2048":["https:\/\/livingmultimediosde.net.ar\/INDEX\/wp-content\/uploads\/2025\/11\/foto4.jpeg",800,531,false],"post-thumbnail":["https:\/\/livingmultimediosde.net.ar\/INDEX\/wp-content\/uploads\/2025\/11\/foto4-240x172.jpeg",240,172,true]},"rttpg_author":{"display_name":"rober","author_link":"https:\/\/livingmultimediosde.net.ar\/INDEX\/author\/rober\/"},"rttpg_comment":0,"rttpg_category":"<a href=\"https:\/\/livingmultimediosde.net.ar\/INDEX\/category\/hcd-capital\/\" rel=\"category tag\">HCD CAPITAL<\/a>","rttpg_excerpt":"31.10.25 En un clima de tranquilidad, se llev\u00f3 a cabo la sesi\u00f3n extraordinaria del H. Concejo Deliberante de la Capital para la elecci\u00f3n de autoridades del cuerpo. La misma, fue presidida por su titular, Humberto Eduardo Santill\u00e1n, y cont\u00f3 con la presencia de 9 ediles. Por las bancadas de la oposici\u00f3n participaron por el bloque&hellip;","_links":{"self":[{"href":"https:\/\/livingmultimediosde.net.ar\/INDEX\/wp-json\/wp\/v2\/posts\/16204","targetHints":{"allow":["GET"]}}],"collection":[{"href":"https:\/\/livingmultimediosde.net.ar\/INDEX\/wp-json\/wp\/v2\/posts"}],"about":[{"href":"https:\/\/livingmultimediosde.net.ar\/INDEX\/wp-json\/wp\/v2\/types\/post"}],"author":[{"embeddable":true,"href":"https:\/\/livingmultimediosde.net.ar\/INDEX\/wp-json\/wp\/v2\/users\/1"}],"replies":[{"embeddable":true,"href":"https:\/\/livingmultimediosde.net.ar\/INDEX\/wp-json\/wp\/v2\/comments?post=16204"}],"version-history":[{"count":1,"href":"https:\/\/livingmultimediosde.net.ar\/INDEX\/wp-json\/wp\/v2\/posts\/16204\/revisions"}],"predecessor-version":[{"id":16206,"href":"https:\/\/livingmultimediosde.net.ar\/INDEX\/wp-json\/wp\/v2\/posts\/16204\/revisions\/16206"}],"wp:featuredmedia":[{"embeddable":true,"href":"https:\/\/livingmultimediosde.net.ar\/INDEX\/wp-json\/wp\/v2\/media\/16205"}],"wp:attachment":[{"href":"https:\/\/livingmultimediosde.net.ar\/INDEX\/wp-json\/wp\/v2\/media?parent=16204"}],"wp:term":[{"taxonomy":"category","embeddable":true,"href":"https:\/\/livingmultimediosde.net.ar\/INDEX\/wp-json\/wp\/v2\/categories?post=16204"},{"taxonomy":"post_tag","embeddable":true,"href":"https:\/\/livingmultimediosde.net.ar\/INDEX\/wp-json\/wp\/v2\/tags?post=16204"}],"curies":[{"name":"wp","href":"https:\/\/api.w.org\/{rel}","templated":true}]}}