{"id":16195,"date":"2025-11-01T12:46:38","date_gmt":"2025-11-01T12:46:38","guid":{"rendered":"https:\/\/livingmultimediosde.net.ar\/INDEX\/?p=16195"},"modified":"2025-11-01T12:47:09","modified_gmt":"2025-11-01T12:47:09","slug":"la-municipalidad-trabaja-en-un-operativo-integral-en-la-piedad-por-conmemorase-los-dias-de-todos-los-santos-y-de-los-fieles-difuntos","status":"publish","type":"post","link":"https:\/\/livingmultimediosde.net.ar\/INDEX\/2025\/11\/la-municipalidad-trabaja-en-un-operativo-integral-en-la-piedad-por-conmemorase-los-dias-de-todos-los-santos-y-de-los-fieles-difuntos\/","title":{"rendered":"LA MUNICIPALIDAD TRABAJA EN UN OPERATIVO INTEGRAL EN LA PIEDAD POR CONMEMORASE LOS D\u00cdAS DE TODOS LOS SANTOS Y DE LOS FIELES DIFUNTOS"},"content":{"rendered":"\n<p class=\"wp-block-paragraph\">Con motivo de conmemorarse los d\u00edas de Todos los Santos y de los Fieles Difuntos, este s\u00e1bado 1 y domingo 2 de noviembre, el cementerio \u201cLa Piedad\u201d permanecer\u00e1 abierto en horario corrido de 7 a 19.<br>Debido a la gran concurrencia que se espera durante ambas jornadas, el municipio organizar\u00e1 un operativo integral en el interior y en los alrededores de la necr\u00f3polis para brindar una mejor atenci\u00f3n a los deudos.<br>Asimismo, se comunic\u00f3 que el d\u00eda domingo a partir de las 9 se celebrar\u00e1 el oficio religioso en honor a los difuntos en la capilla de la necr\u00f3polis.<br>Durante la jornada del viernes, funcionarios de diversas \u00e1reas de la comuna mantuvieron una reuni\u00f3n de trabajo en La Piedad para definir los detalles del operativo.<br>El secretario de Gobierno, N\u00e9stor Machado, inform\u00f3 que \u00abpara ordenar el movimiento de transe\u00fantes y de veh\u00edculos, organizar a los vendedores y prestar servicios de atenci\u00f3n m\u00e9dica, intervendr\u00e1n las \u00e1reas de Tr\u00e1nsito, Calidad de Vida y Salud\u00bb. Adem\u00e1s se reforzar\u00e1 el servicio de limpieza durante las dos jornadas y se tendr\u00e1 la colaboraci\u00f3n permanente de Defensa Civil municipal.<br>Los agentes de tr\u00e1nsito se ocupar\u00e1n del ordenamiento de los veh\u00edculos particulares, de los servicios de transporte y de los cruces peatonales en las adyacencias, y en interior del cementerio. Precisamente, quienes ingresen al predio de automotores deber\u00e1n hacerlo por calle Islas Malvinas y salir por calle Pio XII.<br>Por su parte, el personal del cementerio facilitar\u00e1 la orientaci\u00f3n a los visitantes con mapas y gu\u00edas que requieran indicaciones para encontrar el monumento en el que yacen los restos de sus seres queridos.<\/p>\n","protected":false},"excerpt":{"rendered":"<p>Con motivo de conmemorarse los d\u00edas de Todos los Santos y de los Fieles Difuntos, este s\u00e1bado 1 y domingo 2 de noviembre, el cementerio \u201cLa Piedad\u201d permanecer\u00e1 abierto en horario corrido de 7 a 19.Debido a la gran concurrencia que se espera durante ambas jornadas, el municipio organizar\u00e1 un operativo integral en el interior y en los alrededores de la necr\u00f3polis para brindar una mejor atenci\u00f3n a los deudos.Asimismo, se comunic\u00f3 que el d\u00eda domingo a partir de las 9 se celebrar\u00e1 el oficio religioso en honor a los&hellip;<\/p>\n","protected":false},"author":1,"featured_media":16196,"comment_status":"closed","ping_status":"closed","sticky":false,"template":"","format":"standard","meta":{"footnotes":""},"categories":[9],"tags":[],"class_list":["post-16195","post","type-post","status-publish","format-standard","has-post-thumbnail","hentry","category-noticias"],"rttpg_featured_image_url":{"full":["https:\/\/livingmultimediosde.net.ar\/INDEX\/wp-content\/uploads\/2025\/11\/autoridades-cementerio.jpg",1600,1066,false],"landscape":["https:\/\/livingmultimediosde.net.ar\/INDEX\/wp-content\/uploads\/2025\/11\/autoridades-cementerio.jpg",1600,1066,false],"portraits":["https:\/\/livingmultimediosde.net.ar\/INDEX\/wp-content\/uploads\/2025\/11\/autoridades-cementerio.jpg",1600,1066,false],"thumbnail":["https:\/\/livingmultimediosde.net.ar\/INDEX\/wp-content\/uploads\/2025\/11\/autoridades-cementerio-150x150.jpg",150,150,true],"medium":["https:\/\/livingmultimediosde.net.ar\/INDEX\/wp-content\/uploads\/2025\/11\/autoridades-cementerio-300x200.jpg",300,200,true],"large":["https:\/\/livingmultimediosde.net.ar\/INDEX\/wp-content\/uploads\/2025\/11\/autoridades-cementerio-1024x682.jpg",640,426,true],"1536x1536":["https:\/\/livingmultimediosde.net.ar\/INDEX\/wp-content\/uploads\/2025\/11\/autoridades-cementerio-1536x1023.jpg",1536,1023,true],"2048x2048":["https:\/\/livingmultimediosde.net.ar\/INDEX\/wp-content\/uploads\/2025\/11\/autoridades-cementerio.jpg",1600,1066,false],"post-thumbnail":["https:\/\/livingmultimediosde.net.ar\/INDEX\/wp-content\/uploads\/2025\/11\/autoridades-cementerio-240x172.jpg",240,172,true]},"rttpg_author":{"display_name":"rober","author_link":"https:\/\/livingmultimediosde.net.ar\/INDEX\/author\/rober\/"},"rttpg_comment":0,"rttpg_category":"<a href=\"https:\/\/livingmultimediosde.net.ar\/INDEX\/category\/noticias\/\" rel=\"category tag\">NOTICIAS<\/a>","rttpg_excerpt":"Con motivo de conmemorarse los d\u00edas de Todos los Santos y de los Fieles Difuntos, este s\u00e1bado 1 y domingo 2 de noviembre, el cementerio \u201cLa Piedad\u201d permanecer\u00e1 abierto en horario corrido de 7 a 19.Debido a la gran concurrencia que se espera durante ambas jornadas, el municipio organizar\u00e1 un operativo integral en el interior&hellip;","_links":{"self":[{"href":"https:\/\/livingmultimediosde.net.ar\/INDEX\/wp-json\/wp\/v2\/posts\/16195","targetHints":{"allow":["GET"]}}],"collection":[{"href":"https:\/\/livingmultimediosde.net.ar\/INDEX\/wp-json\/wp\/v2\/posts"}],"about":[{"href":"https:\/\/livingmultimediosde.net.ar\/INDEX\/wp-json\/wp\/v2\/types\/post"}],"author":[{"embeddable":true,"href":"https:\/\/livingmultimediosde.net.ar\/INDEX\/wp-json\/wp\/v2\/users\/1"}],"replies":[{"embeddable":true,"href":"https:\/\/livingmultimediosde.net.ar\/INDEX\/wp-json\/wp\/v2\/comments?post=16195"}],"version-history":[{"count":1,"href":"https:\/\/livingmultimediosde.net.ar\/INDEX\/wp-json\/wp\/v2\/posts\/16195\/revisions"}],"predecessor-version":[{"id":16197,"href":"https:\/\/livingmultimediosde.net.ar\/INDEX\/wp-json\/wp\/v2\/posts\/16195\/revisions\/16197"}],"wp:featuredmedia":[{"embeddable":true,"href":"https:\/\/livingmultimediosde.net.ar\/INDEX\/wp-json\/wp\/v2\/media\/16196"}],"wp:attachment":[{"href":"https:\/\/livingmultimediosde.net.ar\/INDEX\/wp-json\/wp\/v2\/media?parent=16195"}],"wp:term":[{"taxonomy":"category","embeddable":true,"href":"https:\/\/livingmultimediosde.net.ar\/INDEX\/wp-json\/wp\/v2\/categories?post=16195"},{"taxonomy":"post_tag","embeddable":true,"href":"https:\/\/livingmultimediosde.net.ar\/INDEX\/wp-json\/wp\/v2\/tags?post=16195"}],"curies":[{"name":"wp","href":"https:\/\/api.w.org\/{rel}","templated":true}]}}