{"id":16185,"date":"2025-10-31T17:18:45","date_gmt":"2025-10-31T17:18:45","guid":{"rendered":"https:\/\/livingmultimediosde.net.ar\/INDEX\/?p=16185"},"modified":"2025-10-31T17:19:16","modified_gmt":"2025-10-31T17:19:16","slug":"desde-el-entorno-de-kicillof-dicen-que-los-argumentos-de-cristina-kirchner-son-desmentidos-por-la-realidad","status":"publish","type":"post","link":"https:\/\/livingmultimediosde.net.ar\/INDEX\/2025\/10\/desde-el-entorno-de-kicillof-dicen-que-los-argumentos-de-cristina-kirchner-son-desmentidos-por-la-realidad\/","title":{"rendered":"Desde el entorno de Kicillof dicen que los argumentos de Cristina Kirchner \u00abson desmentidos por la realidad\u00bb"},"content":{"rendered":"\n<p class=\"wp-block-paragraph\">Desde el entorno del gobernador de Buenos Aires, Axel Kicillof, afirmaron hoy que la cr\u00edtica de la ex presidente Cristina Kirchner \u00abno caus\u00f3 sorpresa\u00bb y aseguraron que sus argumentos son \u00abdesmentidos\u00bb por la realidad, seg\u00fan explicaron a la agencia Noticias Argentinas.<\/p>\n\n\n\n<p class=\"wp-block-paragraph\">Para la c\u00fapula del Gobierno de la provincia de Buenos Aires, la ex mandataria repiti\u00f3 una reflexi\u00f3n \u00abama\u00f1ada\u00bb que, \u00abdesde ese sector (La C\u00e1mpora), se est\u00e1 tratando de instalar desde el domingo pasado\u00bb.<\/p>\n\n\n\n<p class=\"wp-block-paragraph\">\u00abEstos argumentos son desmentidos por la realidad, ya que la estrategia de septiembre funcion\u00f3 y la de octubre no. No solo en PBA, sino en todo el pa\u00eds\u00bb, agregaron.<\/p>\n\n\n\n<p class=\"wp-block-paragraph\">La respuesta desde La Plata se da antes de la reuni\u00f3n que encabezar\u00e1 hoy Kicillof con intendentes de su espacio Movimiento Derecho al Futuro (MDF).<\/p>\n\n\n\n<p class=\"wp-block-paragraph\">M\u00e1s temprano, la ex jefa de Estado hab\u00eda cuestionado a su ex ministro de Econom\u00eda haber desdoblado las elecciones provinciales, algo que calific\u00f3 como \u00aberror pol\u00edtico\u00bb.<\/p>\n\n\n\n<p class=\"wp-block-paragraph\">Cristina Kirchner apunt\u00f3 a Kicillof por la derrota electoral: \u00abEl desdoblamiento fue un error pol\u00edtico\u00bb<br>Al hacer un extenso an\u00e1lisis de la derrota del domingo, Cristina Kirchner record\u00f3 que cuando se anunci\u00f3 la divisi\u00f3n de las elecciones advirti\u00f3 que era una equivocaci\u00f3n.<\/p>\n\n\n\n<p class=\"wp-block-paragraph\">\u201cLo hice de coraz\u00f3n y por un motivo sencillo: no me interesa tener raz\u00f3n, me interesa ganar las elecciones, como tambi\u00e9n se lo dije personalmente al Gobernador\u201d, enfatiz\u00f3 en sus redes sociales.<\/p>\n\n\n\n<p class=\"wp-block-paragraph\">Para reforzar su argumento, la ex jefa de Estado ejemplific\u00f3 con el resto de los gobernadores peronistas que ganaron elecciones parlamentarias como Sergio Ziliotto, de La Pampa; Ricardo Quintela, de La Rioja; Ra\u00fal Jalil, de Catamarca; Osvaldo Jaldo, de Tucum\u00e1n; y Gildo Insfr\u00e1n, de Formosa)<\/p>\n\n\n\n<p class=\"wp-block-paragraph\">\u201cNo lo digo con el diario del lunes, como suelen hacer los \u2018expertos y analistas\u2019. Lo dijimos p\u00fablicamente el 14 de abril cuando, ante la decisi\u00f3n del Gobernador de desdoblar la elecci\u00f3n provincial, como presidenta del PJ nacional instru\u00ed a nuestra fuerza pol\u00edtica en la Legislatura bonaerense a desistir del Proyecto de Ley de Concurrencia Electoral que ten\u00eda como objetivo que los bonaerenses votaran una sola vez PARA NO DIVIDIR LOS ESFUERZOS EN DOS ELECCIONES SEPARADAS POR APENAS 49 D\u00cdAS\u201d, indic\u00f3.<\/p>\n\n\n\n<p class=\"wp-block-paragraph\">En esa l\u00ednea, Cristina Kirchner profundiz\u00f3: \u201cAdem\u00e1s, en privado (por la caracter\u00edstica del planteo) tambi\u00e9n sostuve que adelantar las elecciones de la PBA era muy riesgoso tanto por su peso electoral y su valor simb\u00f3lico, como porque si se perd\u00eda iba a tener un efecto devastador para el peronismo a nivel nacional y si se ganaba iba a producir un \u2018efecto balotaje\u2019 que permitir\u00eda reagrupar todo el voto antiperonista para las legislativas de octubre\u201d.<\/p>\n","protected":false},"excerpt":{"rendered":"<p>Desde el entorno del gobernador de Buenos Aires, Axel Kicillof, afirmaron hoy que la cr\u00edtica de la ex presidente Cristina Kirchner \u00abno caus\u00f3 sorpresa\u00bb y aseguraron que sus argumentos son \u00abdesmentidos\u00bb por la realidad, seg\u00fan explicaron a la agencia Noticias Argentinas. Para la c\u00fapula del Gobierno de la provincia de Buenos Aires, la ex mandataria repiti\u00f3 una reflexi\u00f3n \u00abama\u00f1ada\u00bb que, \u00abdesde ese sector (La C\u00e1mpora), se est\u00e1 tratando de instalar desde el domingo pasado\u00bb. \u00abEstos argumentos son desmentidos por la realidad, ya que la estrategia de septiembre funcion\u00f3 y la&hellip;<\/p>\n","protected":false},"author":1,"featured_media":16186,"comment_status":"closed","ping_status":"closed","sticky":false,"template":"","format":"standard","meta":{"footnotes":""},"categories":[4],"tags":[],"class_list":["post-16185","post","type-post","status-publish","format-standard","has-post-thumbnail","hentry","category-interes-general"],"rttpg_featured_image_url":{"full":["https:\/\/livingmultimediosde.net.ar\/INDEX\/wp-content\/uploads\/2025\/10\/Kicillof-1.webp",1080,720,false],"landscape":["https:\/\/livingmultimediosde.net.ar\/INDEX\/wp-content\/uploads\/2025\/10\/Kicillof-1.webp",1080,720,false],"portraits":["https:\/\/livingmultimediosde.net.ar\/INDEX\/wp-content\/uploads\/2025\/10\/Kicillof-1.webp",1080,720,false],"thumbnail":["https:\/\/livingmultimediosde.net.ar\/INDEX\/wp-content\/uploads\/2025\/10\/Kicillof-1-150x150.webp",150,150,true],"medium":["https:\/\/livingmultimediosde.net.ar\/INDEX\/wp-content\/uploads\/2025\/10\/Kicillof-1-300x200.webp",300,200,true],"large":["https:\/\/livingmultimediosde.net.ar\/INDEX\/wp-content\/uploads\/2025\/10\/Kicillof-1-1024x683.webp",640,427,true],"1536x1536":["https:\/\/livingmultimediosde.net.ar\/INDEX\/wp-content\/uploads\/2025\/10\/Kicillof-1.webp",1080,720,false],"2048x2048":["https:\/\/livingmultimediosde.net.ar\/INDEX\/wp-content\/uploads\/2025\/10\/Kicillof-1.webp",1080,720,false],"post-thumbnail":["https:\/\/livingmultimediosde.net.ar\/INDEX\/wp-content\/uploads\/2025\/10\/Kicillof-1-240x172.webp",240,172,true]},"rttpg_author":{"display_name":"rober","author_link":"https:\/\/livingmultimediosde.net.ar\/INDEX\/author\/rober\/"},"rttpg_comment":0,"rttpg_category":"<a href=\"https:\/\/livingmultimediosde.net.ar\/INDEX\/category\/interes-general\/\" rel=\"category tag\">INTERES GENERAL<\/a>","rttpg_excerpt":"Desde el entorno del gobernador de Buenos Aires, Axel Kicillof, afirmaron hoy que la cr\u00edtica de la ex presidente Cristina Kirchner \u00abno caus\u00f3 sorpresa\u00bb y aseguraron que sus argumentos son \u00abdesmentidos\u00bb por la realidad, seg\u00fan explicaron a la agencia Noticias Argentinas. Para la c\u00fapula del Gobierno de la provincia de Buenos Aires, la ex mandataria&hellip;","_links":{"self":[{"href":"https:\/\/livingmultimediosde.net.ar\/INDEX\/wp-json\/wp\/v2\/posts\/16185","targetHints":{"allow":["GET"]}}],"collection":[{"href":"https:\/\/livingmultimediosde.net.ar\/INDEX\/wp-json\/wp\/v2\/posts"}],"about":[{"href":"https:\/\/livingmultimediosde.net.ar\/INDEX\/wp-json\/wp\/v2\/types\/post"}],"author":[{"embeddable":true,"href":"https:\/\/livingmultimediosde.net.ar\/INDEX\/wp-json\/wp\/v2\/users\/1"}],"replies":[{"embeddable":true,"href":"https:\/\/livingmultimediosde.net.ar\/INDEX\/wp-json\/wp\/v2\/comments?post=16185"}],"version-history":[{"count":1,"href":"https:\/\/livingmultimediosde.net.ar\/INDEX\/wp-json\/wp\/v2\/posts\/16185\/revisions"}],"predecessor-version":[{"id":16187,"href":"https:\/\/livingmultimediosde.net.ar\/INDEX\/wp-json\/wp\/v2\/posts\/16185\/revisions\/16187"}],"wp:featuredmedia":[{"embeddable":true,"href":"https:\/\/livingmultimediosde.net.ar\/INDEX\/wp-json\/wp\/v2\/media\/16186"}],"wp:attachment":[{"href":"https:\/\/livingmultimediosde.net.ar\/INDEX\/wp-json\/wp\/v2\/media?parent=16185"}],"wp:term":[{"taxonomy":"category","embeddable":true,"href":"https:\/\/livingmultimediosde.net.ar\/INDEX\/wp-json\/wp\/v2\/categories?post=16185"},{"taxonomy":"post_tag","embeddable":true,"href":"https:\/\/livingmultimediosde.net.ar\/INDEX\/wp-json\/wp\/v2\/tags?post=16185"}],"curies":[{"name":"wp","href":"https:\/\/api.w.org\/{rel}","templated":true}]}}