{"id":16175,"date":"2025-10-31T15:19:30","date_gmt":"2025-10-31T15:19:30","guid":{"rendered":"https:\/\/livingmultimediosde.net.ar\/INDEX\/?p=16175"},"modified":"2025-10-31T15:19:34","modified_gmt":"2025-10-31T15:19:34","slug":"parece-que-dios-se-olvido-de-rio","status":"publish","type":"post","link":"https:\/\/livingmultimediosde.net.ar\/INDEX\/2025\/10\/parece-que-dios-se-olvido-de-rio\/","title":{"rendered":"Parece que Dios se olvid\u00f3 de R\u00edo"},"content":{"rendered":"\n<p class=\"wp-block-paragraph\">Una escena dantesca y mas de 130 muertos en R\u00edo de Janeiro.<br>La incursi\u00f3n de la Polic\u00eda militar, el ej\u00e9rcito de Brasil y el Bope, han desatado un infierno agobiante, en las tres favelas PPG (Pav\u00e3o, Pav\u00e3ozinho y Cantagalo),<br>El objetivo y la misi\u00f3n de Castro, gobernador de R\u00edo, es claro y directo, destruir a las cabezas del Comando Vermelho y combatir el narco terrorismo que ellos pregonan.<br>El sur de la ciudad es una zona de guerra, entre Ipanema y Copacabana, ya no se puede caminar tranquilo, la regi\u00f3n no tiene paz y los ciudadanos sufren un conflicto que reci\u00e9n est\u00e1 emergiendo.<\/p>\n\n\n\n<p class=\"wp-block-paragraph\">La historia del Comando Vermelho<\/p>\n\n\n\n<p class=\"wp-block-paragraph\">El 1969 en las c\u00e1rceles cariocas, varios presidiarios de izquierda, y criminales en busca de mejores condiciones para los encarcelados, crean un movimiento de reclamo y lucha en las distintas penitenciarias. Diez a\u00f1os despu\u00e9s, en 1979, en la c\u00e1rcel de IIha, se funda el comando Vermelho.<br>Organizado y preparado para manejar el tr\u00e1fico desde las c\u00e1rceles a la ciudad con bases en las favelas, el CV empieza a expandirse en todos los \u00e1mbitos. En la ciudad de Dios, en ese momento, terminaba una guerra extensa entre dos grupos b\u00e9licos que se disputaban la venta de drogas y el liderazgo absoluto.<br>Despu\u00e9s de tanta matanza, el poder qued\u00f3 asefalo, un grupo en su mayor\u00eda hu\u00e9rfanos , tomo el mando de la favela e incursion\u00f3 con mucho m\u00e1s poder, las cachavachas serian parte de la fuerza armada del comando, inculcando sus ense\u00f1anzas y el manejo total del narcotr\u00e1fico en casi todo Brasil por muchos a\u00f1os.<br>Actualmente el Vermelho tiene un asentamiento fuerte en otros pa\u00edses como Bolivia y Paraguay, cuenta con 50 mil miembros y tiene milicia brasilera en sus filas, as\u00ed como tambi\u00e9n, grupos mercenarios colombianos contratados.<br>Tres de sus l\u00edderes detenidos, siguen tomando las decisiones desde la c\u00e1rcel, Luiz Fernando da Costa, Antonio Bonfim Lopes, Marcio dos Santos Nepomuceno, est\u00e1n planeando la operaci\u00f3n \u00abdesquite\u00bbpor la invasi\u00f3n a su territorio, la venganza m\u00e1s temida por todos los inocentes que est\u00e1n en el medio de este conflicto.<\/p>\n\n\n\n<p class=\"wp-block-paragraph\">El Bope<\/p>\n\n\n\n<p class=\"wp-block-paragraph\">El grupo elite de las fuerzas brasileras, creado para eliminar a los narcos de las favelas, se creo en 1978, formados y entrenados en la excelencia militar y con preparaci\u00f3n de las fuerzas militares Israelitas, cuenta con 500 hombres en sus bases operativas.<br>El objetivo del Bope es uno solo, limpiar y barrer a los delincuentes y a la delincuencia.<br>A\u00f1os de combates en misiones secretas y p\u00fablicas, muchas cabezas cortadas de la serpiente interminable, y el esfuerzo parece no alcanzar. Hoy, el batall\u00f3n, libera la lucha m\u00e1s dura.<br>Lamentablemente, ya no solo se ven amenazados en los entrenamientos cuerpo a cuerpo, si no que tambi\u00e9n, sus familiares son blancos del CV.<br>La Teniente coronel Ileana C\u00e9spedes Alvarado, perdi\u00f3 dos hombres en esta tr\u00e1gica traves\u00eda, y se sabe que los calaveras se lo toman de forma muy personal a las p\u00e9rdidas de sus compa\u00f1eros.<br>Mas all\u00e1 de las decisiones gubernamentales, el batall\u00f3n no piensa retroceder ni un cent\u00edmetro y tiene pensado perseguir a todo el CV, sea a d\u00f3nde sea que se encontre.<\/p>\n\n\n\n<p class=\"wp-block-paragraph\">El gobierno de R\u00edo de Janeiro<\/p>\n\n\n\n<p class=\"wp-block-paragraph\">El gobernador Costas, con una ideolog\u00eda de derecha y afinidad con Bolsonaro, tomo la decisi\u00f3n de invadir las favelas para tratar de terminar con los l\u00edderes del CV, la operaci\u00f3n contenci\u00f3n, trajo muertes y la incertidumbre en todo Brasil.<br>El objetivo fue cumplido a medias, ya que los l\u00edderes en su mayor\u00eda, lograron escapar antes de la zona en conflicto.<br>Con cr\u00edticas en todo el pa\u00eds, y exacerbados di\u00e1logos crudos con Lula Da Silva, el gobernador se ve envuelto en una encrucijada. Poner pa\u00f1os fr\u00edos a la situaci\u00f3n, tranquilizar al pueblo y a la opini\u00f3n p\u00fablica, o no parar y seguir la lucha contra el comando en todos los estados de Brasil.<br>Parece que Dios se olvid\u00f3 de R\u00edo, y el para\u00edso que conocemos, sufre una triste realidad que tiene en vilo a todo Brasil y a la regi\u00f3n Latinoam\u00e9rica.<\/p>\n\n\n\n<figure class=\"wp-block-image\"><a href=\"https:\/\/prensaya.com.ar\/wp-content\/uploads\/2025\/10\/WhatsApp-Image-2025-10-31-at-11.02.17-AM.jpeg\"><img decoding=\"async\" data-src=\"https:\/\/prensaya.com.ar\/wp-content\/uploads\/2025\/10\/WhatsApp-Image-2025-10-31-at-11.02.17-AM-418x365.jpeg\" src=\"data:image\/gif;base64,R0lGODlhAQABAIAAAAAAAP\/\/\/yH5BAEAAAAALAAAAAABAAEAAAIBRAA7\" alt=\"\" class=\"wp-image-26591 lazyload\"\/><noscript><img decoding=\"async\" src=\"https:\/\/prensaya.com.ar\/wp-content\/uploads\/2025\/10\/WhatsApp-Image-2025-10-31-at-11.02.17-AM-418x365.jpeg\" alt=\"\" class=\"wp-image-26591\"><\/noscript><\/a><\/figure>\n\n\n\n<p class=\"wp-block-paragraph\">Por Emilio Javier Sialle<br>Analista en Comercio Internacional<br>Director de Sialle y Asociados<\/p>\n","protected":false},"excerpt":{"rendered":"<p>Una escena dantesca y mas de 130 muertos en R\u00edo de Janeiro.La incursi\u00f3n de la Polic\u00eda militar, el ej\u00e9rcito de Brasil y el Bope, han desatado un infierno agobiante, en las tres favelas PPG (Pav\u00e3o, Pav\u00e3ozinho y Cantagalo),El objetivo y la misi\u00f3n de Castro, gobernador de R\u00edo, es claro y directo, destruir a las cabezas del Comando Vermelho y combatir el narco terrorismo que ellos pregonan.El sur de la ciudad es una zona de guerra, entre Ipanema y Copacabana, ya no se puede caminar tranquilo, la regi\u00f3n no tiene paz&hellip;<\/p>\n","protected":false},"author":1,"featured_media":16176,"comment_status":"closed","ping_status":"closed","sticky":false,"template":"","format":"standard","meta":{"footnotes":""},"categories":[9],"tags":[],"class_list":["post-16175","post","type-post","status-publish","format-standard","has-post-thumbnail","hentry","category-noticias"],"rttpg_featured_image_url":{"full":["https:\/\/livingmultimediosde.net.ar\/INDEX\/wp-content\/uploads\/2025\/10\/WhatsApp-Image-2025-10-31-at-11.02.18-AM.jpeg",1599,1599,false],"landscape":["https:\/\/livingmultimediosde.net.ar\/INDEX\/wp-content\/uploads\/2025\/10\/WhatsApp-Image-2025-10-31-at-11.02.18-AM.jpeg",1599,1599,false],"portraits":["https:\/\/livingmultimediosde.net.ar\/INDEX\/wp-content\/uploads\/2025\/10\/WhatsApp-Image-2025-10-31-at-11.02.18-AM.jpeg",1599,1599,false],"thumbnail":["https:\/\/livingmultimediosde.net.ar\/INDEX\/wp-content\/uploads\/2025\/10\/WhatsApp-Image-2025-10-31-at-11.02.18-AM-150x150.jpeg",150,150,true],"medium":["https:\/\/livingmultimediosde.net.ar\/INDEX\/wp-content\/uploads\/2025\/10\/WhatsApp-Image-2025-10-31-at-11.02.18-AM-300x300.jpeg",300,300,true],"large":["https:\/\/livingmultimediosde.net.ar\/INDEX\/wp-content\/uploads\/2025\/10\/WhatsApp-Image-2025-10-31-at-11.02.18-AM-1024x1024.jpeg",640,640,true],"1536x1536":["https:\/\/livingmultimediosde.net.ar\/INDEX\/wp-content\/uploads\/2025\/10\/WhatsApp-Image-2025-10-31-at-11.02.18-AM-1536x1536.jpeg",1536,1536,true],"2048x2048":["https:\/\/livingmultimediosde.net.ar\/INDEX\/wp-content\/uploads\/2025\/10\/WhatsApp-Image-2025-10-31-at-11.02.18-AM.jpeg",1599,1599,false],"post-thumbnail":["https:\/\/livingmultimediosde.net.ar\/INDEX\/wp-content\/uploads\/2025\/10\/WhatsApp-Image-2025-10-31-at-11.02.18-AM-240x172.jpeg",240,172,true]},"rttpg_author":{"display_name":"rober","author_link":"https:\/\/livingmultimediosde.net.ar\/INDEX\/author\/rober\/"},"rttpg_comment":0,"rttpg_category":"<a href=\"https:\/\/livingmultimediosde.net.ar\/INDEX\/category\/noticias\/\" rel=\"category tag\">NOTICIAS<\/a>","rttpg_excerpt":"Una escena dantesca y mas de 130 muertos en R\u00edo de Janeiro.La incursi\u00f3n de la Polic\u00eda militar, el ej\u00e9rcito de Brasil y el Bope, han desatado un infierno agobiante, en las tres favelas PPG (Pav\u00e3o, Pav\u00e3ozinho y Cantagalo),El objetivo y la misi\u00f3n de Castro, gobernador de R\u00edo, es claro y directo, destruir a las cabezas&hellip;","_links":{"self":[{"href":"https:\/\/livingmultimediosde.net.ar\/INDEX\/wp-json\/wp\/v2\/posts\/16175","targetHints":{"allow":["GET"]}}],"collection":[{"href":"https:\/\/livingmultimediosde.net.ar\/INDEX\/wp-json\/wp\/v2\/posts"}],"about":[{"href":"https:\/\/livingmultimediosde.net.ar\/INDEX\/wp-json\/wp\/v2\/types\/post"}],"author":[{"embeddable":true,"href":"https:\/\/livingmultimediosde.net.ar\/INDEX\/wp-json\/wp\/v2\/users\/1"}],"replies":[{"embeddable":true,"href":"https:\/\/livingmultimediosde.net.ar\/INDEX\/wp-json\/wp\/v2\/comments?post=16175"}],"version-history":[{"count":1,"href":"https:\/\/livingmultimediosde.net.ar\/INDEX\/wp-json\/wp\/v2\/posts\/16175\/revisions"}],"predecessor-version":[{"id":16177,"href":"https:\/\/livingmultimediosde.net.ar\/INDEX\/wp-json\/wp\/v2\/posts\/16175\/revisions\/16177"}],"wp:featuredmedia":[{"embeddable":true,"href":"https:\/\/livingmultimediosde.net.ar\/INDEX\/wp-json\/wp\/v2\/media\/16176"}],"wp:attachment":[{"href":"https:\/\/livingmultimediosde.net.ar\/INDEX\/wp-json\/wp\/v2\/media?parent=16175"}],"wp:term":[{"taxonomy":"category","embeddable":true,"href":"https:\/\/livingmultimediosde.net.ar\/INDEX\/wp-json\/wp\/v2\/categories?post=16175"},{"taxonomy":"post_tag","embeddable":true,"href":"https:\/\/livingmultimediosde.net.ar\/INDEX\/wp-json\/wp\/v2\/tags?post=16175"}],"curies":[{"name":"wp","href":"https:\/\/api.w.org\/{rel}","templated":true}]}}