{"id":16169,"date":"2025-10-31T11:47:40","date_gmt":"2025-10-31T11:47:40","guid":{"rendered":"https:\/\/livingmultimediosde.net.ar\/INDEX\/?p=16169"},"modified":"2025-10-31T11:47:43","modified_gmt":"2025-10-31T11:47:43","slug":"el-presidente-de-la-nacion-convoco-a-gobernadores-para-iniciar-el-dialogo-que-permita-avanzar-con-la-aprobacion-del-presupuesto-para-el-ano-2026","status":"publish","type":"post","link":"https:\/\/livingmultimediosde.net.ar\/INDEX\/2025\/10\/el-presidente-de-la-nacion-convoco-a-gobernadores-para-iniciar-el-dialogo-que-permita-avanzar-con-la-aprobacion-del-presupuesto-para-el-ano-2026\/","title":{"rendered":"El presidente de la Naci\u00f3n convoc\u00f3 a gobernadores para iniciar el di\u00e1logo que permita avanzar con la aprobaci\u00f3n del presupuesto para el a\u00f1o 2026"},"content":{"rendered":"\n<p class=\"wp-block-paragraph\">La reuni\u00f3n tambi\u00e9n tuvo como objetivo buscar dialogar sobre una agenda de reformas, cuyos anteproyectos se dar\u00edan a conocer en los pr\u00f3ximos d\u00edas, antes de enviarlos a consideraci\u00f3n del Congreso de la Naci\u00f3n.<\/p>\n\n\n\n<p class=\"wp-block-paragraph\">El gobernador Gerardo Zamora fue unos de los invitados y estuvo presente en Casa Rosada.<\/p>\n","protected":false},"excerpt":{"rendered":"<p>La reuni\u00f3n tambi\u00e9n tuvo como objetivo buscar dialogar sobre una agenda de reformas, cuyos anteproyectos se dar\u00edan a conocer en los pr\u00f3ximos d\u00edas, antes de enviarlos a consideraci\u00f3n del Congreso de la Naci\u00f3n. El gobernador Gerardo Zamora fue unos de los invitados y estuvo presente en Casa Rosada.<\/p>\n","protected":false},"author":1,"featured_media":16170,"comment_status":"closed","ping_status":"closed","sticky":false,"template":"","format":"standard","meta":{"footnotes":""},"categories":[9],"tags":[],"class_list":["post-16169","post","type-post","status-publish","format-standard","has-post-thumbnail","hentry","category-noticias"],"rttpg_featured_image_url":{"full":["https:\/\/livingmultimediosde.net.ar\/INDEX\/wp-content\/uploads\/2025\/10\/WhatsApp-Image-2025-10-30-at-9.03.06-PM.jpeg",1280,854,false],"landscape":["https:\/\/livingmultimediosde.net.ar\/INDEX\/wp-content\/uploads\/2025\/10\/WhatsApp-Image-2025-10-30-at-9.03.06-PM.jpeg",1280,854,false],"portraits":["https:\/\/livingmultimediosde.net.ar\/INDEX\/wp-content\/uploads\/2025\/10\/WhatsApp-Image-2025-10-30-at-9.03.06-PM.jpeg",1280,854,false],"thumbnail":["https:\/\/livingmultimediosde.net.ar\/INDEX\/wp-content\/uploads\/2025\/10\/WhatsApp-Image-2025-10-30-at-9.03.06-PM-150x150.jpeg",150,150,true],"medium":["https:\/\/livingmultimediosde.net.ar\/INDEX\/wp-content\/uploads\/2025\/10\/WhatsApp-Image-2025-10-30-at-9.03.06-PM-300x200.jpeg",300,200,true],"large":["https:\/\/livingmultimediosde.net.ar\/INDEX\/wp-content\/uploads\/2025\/10\/WhatsApp-Image-2025-10-30-at-9.03.06-PM-1024x683.jpeg",640,427,true],"1536x1536":["https:\/\/livingmultimediosde.net.ar\/INDEX\/wp-content\/uploads\/2025\/10\/WhatsApp-Image-2025-10-30-at-9.03.06-PM.jpeg",1280,854,false],"2048x2048":["https:\/\/livingmultimediosde.net.ar\/INDEX\/wp-content\/uploads\/2025\/10\/WhatsApp-Image-2025-10-30-at-9.03.06-PM.jpeg",1280,854,false],"post-thumbnail":["https:\/\/livingmultimediosde.net.ar\/INDEX\/wp-content\/uploads\/2025\/10\/WhatsApp-Image-2025-10-30-at-9.03.06-PM-240x172.jpeg",240,172,true]},"rttpg_author":{"display_name":"rober","author_link":"https:\/\/livingmultimediosde.net.ar\/INDEX\/author\/rober\/"},"rttpg_comment":0,"rttpg_category":"<a href=\"https:\/\/livingmultimediosde.net.ar\/INDEX\/category\/noticias\/\" rel=\"category tag\">NOTICIAS<\/a>","rttpg_excerpt":"La reuni\u00f3n tambi\u00e9n tuvo como objetivo buscar dialogar sobre una agenda de reformas, cuyos anteproyectos se dar\u00edan a conocer en los pr\u00f3ximos d\u00edas, antes de enviarlos a consideraci\u00f3n del Congreso de la Naci\u00f3n. El gobernador Gerardo Zamora fue unos de los invitados y estuvo presente en Casa Rosada.","_links":{"self":[{"href":"https:\/\/livingmultimediosde.net.ar\/INDEX\/wp-json\/wp\/v2\/posts\/16169","targetHints":{"allow":["GET"]}}],"collection":[{"href":"https:\/\/livingmultimediosde.net.ar\/INDEX\/wp-json\/wp\/v2\/posts"}],"about":[{"href":"https:\/\/livingmultimediosde.net.ar\/INDEX\/wp-json\/wp\/v2\/types\/post"}],"author":[{"embeddable":true,"href":"https:\/\/livingmultimediosde.net.ar\/INDEX\/wp-json\/wp\/v2\/users\/1"}],"replies":[{"embeddable":true,"href":"https:\/\/livingmultimediosde.net.ar\/INDEX\/wp-json\/wp\/v2\/comments?post=16169"}],"version-history":[{"count":1,"href":"https:\/\/livingmultimediosde.net.ar\/INDEX\/wp-json\/wp\/v2\/posts\/16169\/revisions"}],"predecessor-version":[{"id":16171,"href":"https:\/\/livingmultimediosde.net.ar\/INDEX\/wp-json\/wp\/v2\/posts\/16169\/revisions\/16171"}],"wp:featuredmedia":[{"embeddable":true,"href":"https:\/\/livingmultimediosde.net.ar\/INDEX\/wp-json\/wp\/v2\/media\/16170"}],"wp:attachment":[{"href":"https:\/\/livingmultimediosde.net.ar\/INDEX\/wp-json\/wp\/v2\/media?parent=16169"}],"wp:term":[{"taxonomy":"category","embeddable":true,"href":"https:\/\/livingmultimediosde.net.ar\/INDEX\/wp-json\/wp\/v2\/categories?post=16169"},{"taxonomy":"post_tag","embeddable":true,"href":"https:\/\/livingmultimediosde.net.ar\/INDEX\/wp-json\/wp\/v2\/tags?post=16169"}],"curies":[{"name":"wp","href":"https:\/\/api.w.org\/{rel}","templated":true}]}}