{"id":16163,"date":"2025-10-30T14:53:17","date_gmt":"2025-10-30T14:53:17","guid":{"rendered":"https:\/\/livingmultimediosde.net.ar\/INDEX\/?p=16163"},"modified":"2025-10-30T14:53:20","modified_gmt":"2025-10-30T14:53:20","slug":"alumnos-de-el-arenal-visitaron-casa-de-gobierno","status":"publish","type":"post","link":"https:\/\/livingmultimediosde.net.ar\/INDEX\/2025\/10\/alumnos-de-el-arenal-visitaron-casa-de-gobierno\/","title":{"rendered":"ALUMNOS DE EL ARENAL VISITARON CASA DE GOBIERNO"},"content":{"rendered":"\n<p class=\"wp-block-paragraph\">En representaci\u00f3n del gobernador Gerardo Zamora, el ministro de Gobierno Seguridad y Culto, Marcelo Barbur, recibi\u00f3 este jueves en Casa de Gobierno a una delegaci\u00f3n de 41 alumnos de la Escuela N\u00ba 777 de El Arenal, departamento Jim\u00e9nez.<br>El encuentro se llev\u00f3 a cabo en el marco del proyecto institucional \u201cConociendo Nuestra Provincia\u201d, trabajado desde el espacio de Ciencias Sociales con el objetivo de conocer los lugares m\u00e1s emblem\u00e1ticos y tur\u00edsticos de la ciudad Capital.<br>Barbur transmiti\u00f3 el saludo del gobernador y felicit\u00f3 a los docentes por su compromiso y la iniciativa para que desde el espacio educativo los estudiantes puedan conocer la historia de la provincia.<\/p>\n","protected":false},"excerpt":{"rendered":"<p>En representaci\u00f3n del gobernador Gerardo Zamora, el ministro de Gobierno Seguridad y Culto, Marcelo Barbur, recibi\u00f3 este jueves en Casa de Gobierno a una delegaci\u00f3n de 41 alumnos de la Escuela N\u00ba 777 de El Arenal, departamento Jim\u00e9nez.El encuentro se llev\u00f3 a cabo en el marco del proyecto institucional \u201cConociendo Nuestra Provincia\u201d, trabajado desde el espacio de Ciencias Sociales con el objetivo de conocer los lugares m\u00e1s emblem\u00e1ticos y tur\u00edsticos de la ciudad Capital.Barbur transmiti\u00f3 el saludo del gobernador y felicit\u00f3 a los docentes por su compromiso y la iniciativa&hellip;<\/p>\n","protected":false},"author":1,"featured_media":16164,"comment_status":"closed","ping_status":"closed","sticky":false,"template":"","format":"standard","meta":{"footnotes":""},"categories":[9],"tags":[],"class_list":["post-16163","post","type-post","status-publish","format-standard","has-post-thumbnail","hentry","category-noticias"],"rttpg_featured_image_url":{"full":["https:\/\/livingmultimediosde.net.ar\/INDEX\/wp-content\/uploads\/2025\/10\/WhatsApp-Image-2025-10-30-at-11.38.42-AM.jpeg",900,599,false],"landscape":["https:\/\/livingmultimediosde.net.ar\/INDEX\/wp-content\/uploads\/2025\/10\/WhatsApp-Image-2025-10-30-at-11.38.42-AM.jpeg",900,599,false],"portraits":["https:\/\/livingmultimediosde.net.ar\/INDEX\/wp-content\/uploads\/2025\/10\/WhatsApp-Image-2025-10-30-at-11.38.42-AM.jpeg",900,599,false],"thumbnail":["https:\/\/livingmultimediosde.net.ar\/INDEX\/wp-content\/uploads\/2025\/10\/WhatsApp-Image-2025-10-30-at-11.38.42-AM-150x150.jpeg",150,150,true],"medium":["https:\/\/livingmultimediosde.net.ar\/INDEX\/wp-content\/uploads\/2025\/10\/WhatsApp-Image-2025-10-30-at-11.38.42-AM-300x200.jpeg",300,200,true],"large":["https:\/\/livingmultimediosde.net.ar\/INDEX\/wp-content\/uploads\/2025\/10\/WhatsApp-Image-2025-10-30-at-11.38.42-AM.jpeg",640,426,false],"1536x1536":["https:\/\/livingmultimediosde.net.ar\/INDEX\/wp-content\/uploads\/2025\/10\/WhatsApp-Image-2025-10-30-at-11.38.42-AM.jpeg",900,599,false],"2048x2048":["https:\/\/livingmultimediosde.net.ar\/INDEX\/wp-content\/uploads\/2025\/10\/WhatsApp-Image-2025-10-30-at-11.38.42-AM.jpeg",900,599,false],"post-thumbnail":["https:\/\/livingmultimediosde.net.ar\/INDEX\/wp-content\/uploads\/2025\/10\/WhatsApp-Image-2025-10-30-at-11.38.42-AM-240x172.jpeg",240,172,true]},"rttpg_author":{"display_name":"rober","author_link":"https:\/\/livingmultimediosde.net.ar\/INDEX\/author\/rober\/"},"rttpg_comment":0,"rttpg_category":"<a href=\"https:\/\/livingmultimediosde.net.ar\/INDEX\/category\/noticias\/\" rel=\"category tag\">NOTICIAS<\/a>","rttpg_excerpt":"En representaci\u00f3n del gobernador Gerardo Zamora, el ministro de Gobierno Seguridad y Culto, Marcelo Barbur, recibi\u00f3 este jueves en Casa de Gobierno a una delegaci\u00f3n de 41 alumnos de la Escuela N\u00ba 777 de El Arenal, departamento Jim\u00e9nez.El encuentro se llev\u00f3 a cabo en el marco del proyecto institucional \u201cConociendo Nuestra Provincia\u201d, trabajado desde el&hellip;","_links":{"self":[{"href":"https:\/\/livingmultimediosde.net.ar\/INDEX\/wp-json\/wp\/v2\/posts\/16163","targetHints":{"allow":["GET"]}}],"collection":[{"href":"https:\/\/livingmultimediosde.net.ar\/INDEX\/wp-json\/wp\/v2\/posts"}],"about":[{"href":"https:\/\/livingmultimediosde.net.ar\/INDEX\/wp-json\/wp\/v2\/types\/post"}],"author":[{"embeddable":true,"href":"https:\/\/livingmultimediosde.net.ar\/INDEX\/wp-json\/wp\/v2\/users\/1"}],"replies":[{"embeddable":true,"href":"https:\/\/livingmultimediosde.net.ar\/INDEX\/wp-json\/wp\/v2\/comments?post=16163"}],"version-history":[{"count":1,"href":"https:\/\/livingmultimediosde.net.ar\/INDEX\/wp-json\/wp\/v2\/posts\/16163\/revisions"}],"predecessor-version":[{"id":16165,"href":"https:\/\/livingmultimediosde.net.ar\/INDEX\/wp-json\/wp\/v2\/posts\/16163\/revisions\/16165"}],"wp:featuredmedia":[{"embeddable":true,"href":"https:\/\/livingmultimediosde.net.ar\/INDEX\/wp-json\/wp\/v2\/media\/16164"}],"wp:attachment":[{"href":"https:\/\/livingmultimediosde.net.ar\/INDEX\/wp-json\/wp\/v2\/media?parent=16163"}],"wp:term":[{"taxonomy":"category","embeddable":true,"href":"https:\/\/livingmultimediosde.net.ar\/INDEX\/wp-json\/wp\/v2\/categories?post=16163"},{"taxonomy":"post_tag","embeddable":true,"href":"https:\/\/livingmultimediosde.net.ar\/INDEX\/wp-json\/wp\/v2\/tags?post=16163"}],"curies":[{"name":"wp","href":"https:\/\/api.w.org\/{rel}","templated":true}]}}