{"id":16154,"date":"2025-10-30T14:43:13","date_gmt":"2025-10-30T14:43:13","guid":{"rendered":"https:\/\/livingmultimediosde.net.ar\/INDEX\/?p=16154"},"modified":"2025-10-30T14:43:16","modified_gmt":"2025-10-30T14:43:16","slug":"termino-el-escrutinio-y-el-peronismo-riojano-de-quintela-gano-por-782-votos","status":"publish","type":"post","link":"https:\/\/livingmultimediosde.net.ar\/INDEX\/2025\/10\/termino-el-escrutinio-y-el-peronismo-riojano-de-quintela-gano-por-782-votos\/","title":{"rendered":"Termin\u00f3 el escrutinio y el peronismo riojano de Quintela gan\u00f3 por 782 votos"},"content":{"rendered":"\n<p class=\"wp-block-paragraph\">El peronismo riojano respaldado por el gobernador Ricardo Quintela, finalmente, gan\u00f3 las legislativas del pasado 26 de octubre por solo 782 votos, luego de que se conociera el escrutinio definitivo ayer.<\/p>\n\n\n\n<p class=\"wp-block-paragraph\">Seg\u00fan los datos finales, el frente Federales Defendamos La Rioja (DLR) obtuvo 90.686 votos, mientras que La Libertad Avanza (LLA) logr\u00f3 89.804.<\/p>\n\n\n\n<p class=\"wp-block-paragraph\">No obstante, las dos bancas que se disputaba la provincia para la C\u00e1mara de Diputados quedaron divididas entre la peronista Gabriela Pedrali y el libertario Gino Visconti.<\/p>\n\n\n\n<p class=\"wp-block-paragraph\">Una de las situaciones que llev\u00f3 a que LLA pusiera el foco en esta provincia est\u00e1 vinculado con la figura de Mart\u00edn Menem, dado que fue el candidato, sin \u00e9xito, para ocupar el puesto de gobernador por su espacio, en el a\u00f1o 2023, y existen posibilidades de que vuelva a postularse en 2027.<\/p>\n\n\n\n<p class=\"wp-block-paragraph\">Referido a este tema, el legislador provincial electo por LLA y exsecretario administrativo en la C\u00e1mara de Diputados, Diego Molina G\u00f3mez, sostuvo que, en las pr\u00f3ximas elecciones, el candidato a gobernador tiene que volver a ser Menem porque \u201cse puso la campa\u00f1a al hombro\u201d.<\/p>\n\n\n\n<p class=\"wp-block-paragraph\">En la misma l\u00ednea, lo calific\u00f3 como \u201cl\u00edder\u201d del movimiento libertario en la provincia y mostr\u00f3 el apoyo total por parte del espacio.<\/p>\n\n\n\n<p class=\"wp-block-paragraph\">Por \u00faltimo, para LLA era importante ganar en La Rioja, debido a que Quintela es uno de los gobernadores opositores m\u00e1s cr\u00edticos del presidente Javier Milei.<\/p>\n","protected":false},"excerpt":{"rendered":"<p>El peronismo riojano respaldado por el gobernador Ricardo Quintela, finalmente, gan\u00f3 las legislativas del pasado 26 de octubre por solo 782 votos, luego de que se conociera el escrutinio definitivo ayer. Seg\u00fan los datos finales, el frente Federales Defendamos La Rioja (DLR) obtuvo 90.686 votos, mientras que La Libertad Avanza (LLA) logr\u00f3 89.804. No obstante, las dos bancas que se disputaba la provincia para la C\u00e1mara de Diputados quedaron divididas entre la peronista Gabriela Pedrali y el libertario Gino Visconti. Una de las situaciones que llev\u00f3 a que LLA pusiera&hellip;<\/p>\n","protected":false},"author":1,"featured_media":16155,"comment_status":"closed","ping_status":"closed","sticky":false,"template":"","format":"standard","meta":{"footnotes":""},"categories":[4],"tags":[],"class_list":["post-16154","post","type-post","status-publish","format-standard","has-post-thumbnail","hentry","category-interes-general"],"rttpg_featured_image_url":{"full":["https:\/\/livingmultimediosde.net.ar\/INDEX\/wp-content\/uploads\/2025\/10\/peronismo-riojano.webp",1044,720,false],"landscape":["https:\/\/livingmultimediosde.net.ar\/INDEX\/wp-content\/uploads\/2025\/10\/peronismo-riojano.webp",1044,720,false],"portraits":["https:\/\/livingmultimediosde.net.ar\/INDEX\/wp-content\/uploads\/2025\/10\/peronismo-riojano.webp",1044,720,false],"thumbnail":["https:\/\/livingmultimediosde.net.ar\/INDEX\/wp-content\/uploads\/2025\/10\/peronismo-riojano-150x150.webp",150,150,true],"medium":["https:\/\/livingmultimediosde.net.ar\/INDEX\/wp-content\/uploads\/2025\/10\/peronismo-riojano-300x207.webp",300,207,true],"large":["https:\/\/livingmultimediosde.net.ar\/INDEX\/wp-content\/uploads\/2025\/10\/peronismo-riojano-1024x706.webp",640,441,true],"1536x1536":["https:\/\/livingmultimediosde.net.ar\/INDEX\/wp-content\/uploads\/2025\/10\/peronismo-riojano.webp",1044,720,false],"2048x2048":["https:\/\/livingmultimediosde.net.ar\/INDEX\/wp-content\/uploads\/2025\/10\/peronismo-riojano.webp",1044,720,false],"post-thumbnail":["https:\/\/livingmultimediosde.net.ar\/INDEX\/wp-content\/uploads\/2025\/10\/peronismo-riojano-240x172.webp",240,172,true]},"rttpg_author":{"display_name":"rober","author_link":"https:\/\/livingmultimediosde.net.ar\/INDEX\/author\/rober\/"},"rttpg_comment":0,"rttpg_category":"<a href=\"https:\/\/livingmultimediosde.net.ar\/INDEX\/category\/interes-general\/\" rel=\"category tag\">INTERES GENERAL<\/a>","rttpg_excerpt":"El peronismo riojano respaldado por el gobernador Ricardo Quintela, finalmente, gan\u00f3 las legislativas del pasado 26 de octubre por solo 782 votos, luego de que se conociera el escrutinio definitivo ayer. Seg\u00fan los datos finales, el frente Federales Defendamos La Rioja (DLR) obtuvo 90.686 votos, mientras que La Libertad Avanza (LLA) logr\u00f3 89.804. No obstante,&hellip;","_links":{"self":[{"href":"https:\/\/livingmultimediosde.net.ar\/INDEX\/wp-json\/wp\/v2\/posts\/16154","targetHints":{"allow":["GET"]}}],"collection":[{"href":"https:\/\/livingmultimediosde.net.ar\/INDEX\/wp-json\/wp\/v2\/posts"}],"about":[{"href":"https:\/\/livingmultimediosde.net.ar\/INDEX\/wp-json\/wp\/v2\/types\/post"}],"author":[{"embeddable":true,"href":"https:\/\/livingmultimediosde.net.ar\/INDEX\/wp-json\/wp\/v2\/users\/1"}],"replies":[{"embeddable":true,"href":"https:\/\/livingmultimediosde.net.ar\/INDEX\/wp-json\/wp\/v2\/comments?post=16154"}],"version-history":[{"count":1,"href":"https:\/\/livingmultimediosde.net.ar\/INDEX\/wp-json\/wp\/v2\/posts\/16154\/revisions"}],"predecessor-version":[{"id":16156,"href":"https:\/\/livingmultimediosde.net.ar\/INDEX\/wp-json\/wp\/v2\/posts\/16154\/revisions\/16156"}],"wp:featuredmedia":[{"embeddable":true,"href":"https:\/\/livingmultimediosde.net.ar\/INDEX\/wp-json\/wp\/v2\/media\/16155"}],"wp:attachment":[{"href":"https:\/\/livingmultimediosde.net.ar\/INDEX\/wp-json\/wp\/v2\/media?parent=16154"}],"wp:term":[{"taxonomy":"category","embeddable":true,"href":"https:\/\/livingmultimediosde.net.ar\/INDEX\/wp-json\/wp\/v2\/categories?post=16154"},{"taxonomy":"post_tag","embeddable":true,"href":"https:\/\/livingmultimediosde.net.ar\/INDEX\/wp-json\/wp\/v2\/tags?post=16154"}],"curies":[{"name":"wp","href":"https:\/\/api.w.org\/{rel}","templated":true}]}}