{"id":16145,"date":"2025-10-30T04:02:16","date_gmt":"2025-10-30T04:02:16","guid":{"rendered":"https:\/\/livingmultimediosde.net.ar\/INDEX\/?p=16145"},"modified":"2025-10-30T04:02:47","modified_gmt":"2025-10-30T04:02:47","slug":"educacion-de-la-municipalidad-informo-que-comenzara-el-periodo-de-tachas-para-interinatos-y-suplencias","status":"publish","type":"post","link":"https:\/\/livingmultimediosde.net.ar\/INDEX\/2025\/10\/educacion-de-la-municipalidad-informo-que-comenzara-el-periodo-de-tachas-para-interinatos-y-suplencias\/","title":{"rendered":"EDUCACI\u00d3N DE LA MUNICIPALIDAD INFORM\u00d3 QUE COMENZAR\u00c1 EL PERIODO DE TACHAS PARA INTERINATOS Y SUPLENCIAS"},"content":{"rendered":"\n<p class=\"wp-block-paragraph\">La Junta de Calificaciones y Clasificaciones del Servicio Educativo Municipal inform\u00f3 que el Per\u00edodo de Tachas correspondiente a la Inscripci\u00f3n Ordinaria para Interinatos y Suplencias de Maestras de Secci\u00f3n, Profesores\/as de M\u00fasica y Profesores\/as de Educaci\u00f3n F\u00edsica 2026, se llevar\u00e1 a cabo desde el lunes 3 hasta el viernes 7 de noviembre.<br>Los docentes inscriptos deber\u00e1n dirigirse de manera presencial a las oficinas ubicadas en Avda. Belgrano (N) 800, Bloque 1, Planta Baja del \u00abComplejo Parque Norte\u00bb, de lunes a viernes en el horario de 8 a 18.<br>Adem\u00e1s, se comunic\u00f3 que la nueva p\u00e1gina web para seguimiento de puntajes y\/o actualizaci\u00f3n de claves o de datos personales es www.sistema.santiagociudad.gov.ar\/educacion\/ingreso.php.<\/p>\n","protected":false},"excerpt":{"rendered":"<p>La Junta de Calificaciones y Clasificaciones del Servicio Educativo Municipal inform\u00f3 que el Per\u00edodo de Tachas correspondiente a la Inscripci\u00f3n Ordinaria para Interinatos y Suplencias de Maestras de Secci\u00f3n, Profesores\/as de M\u00fasica y Profesores\/as de Educaci\u00f3n F\u00edsica 2026, se llevar\u00e1 a cabo desde el lunes 3 hasta el viernes 7 de noviembre.Los docentes inscriptos deber\u00e1n dirigirse de manera presencial a las oficinas ubicadas en Avda. Belgrano (N) 800, Bloque 1, Planta Baja del \u00abComplejo Parque Norte\u00bb, de lunes a viernes en el horario de 8 a 18.Adem\u00e1s, se comunic\u00f3 que&hellip;<\/p>\n","protected":false},"author":1,"featured_media":16146,"comment_status":"closed","ping_status":"closed","sticky":false,"template":"","format":"standard","meta":{"footnotes":""},"categories":[9],"tags":[],"class_list":["post-16145","post","type-post","status-publish","format-standard","has-post-thumbnail","hentry","category-noticias"],"rttpg_featured_image_url":{"full":["https:\/\/livingmultimediosde.net.ar\/INDEX\/wp-content\/uploads\/2025\/10\/docentes-muni.jpeg",1071,710,false],"landscape":["https:\/\/livingmultimediosde.net.ar\/INDEX\/wp-content\/uploads\/2025\/10\/docentes-muni.jpeg",1071,710,false],"portraits":["https:\/\/livingmultimediosde.net.ar\/INDEX\/wp-content\/uploads\/2025\/10\/docentes-muni.jpeg",1071,710,false],"thumbnail":["https:\/\/livingmultimediosde.net.ar\/INDEX\/wp-content\/uploads\/2025\/10\/docentes-muni-150x150.jpeg",150,150,true],"medium":["https:\/\/livingmultimediosde.net.ar\/INDEX\/wp-content\/uploads\/2025\/10\/docentes-muni-300x199.jpeg",300,199,true],"large":["https:\/\/livingmultimediosde.net.ar\/INDEX\/wp-content\/uploads\/2025\/10\/docentes-muni-1024x679.jpeg",640,424,true],"1536x1536":["https:\/\/livingmultimediosde.net.ar\/INDEX\/wp-content\/uploads\/2025\/10\/docentes-muni.jpeg",1071,710,false],"2048x2048":["https:\/\/livingmultimediosde.net.ar\/INDEX\/wp-content\/uploads\/2025\/10\/docentes-muni.jpeg",1071,710,false],"post-thumbnail":["https:\/\/livingmultimediosde.net.ar\/INDEX\/wp-content\/uploads\/2025\/10\/docentes-muni-240x172.jpeg",240,172,true]},"rttpg_author":{"display_name":"rober","author_link":"https:\/\/livingmultimediosde.net.ar\/INDEX\/author\/rober\/"},"rttpg_comment":0,"rttpg_category":"<a href=\"https:\/\/livingmultimediosde.net.ar\/INDEX\/category\/noticias\/\" rel=\"category tag\">NOTICIAS<\/a>","rttpg_excerpt":"La Junta de Calificaciones y Clasificaciones del Servicio Educativo Municipal inform\u00f3 que el Per\u00edodo de Tachas correspondiente a la Inscripci\u00f3n Ordinaria para Interinatos y Suplencias de Maestras de Secci\u00f3n, Profesores\/as de M\u00fasica y Profesores\/as de Educaci\u00f3n F\u00edsica 2026, se llevar\u00e1 a cabo desde el lunes 3 hasta el viernes 7 de noviembre.Los docentes inscriptos deber\u00e1n&hellip;","_links":{"self":[{"href":"https:\/\/livingmultimediosde.net.ar\/INDEX\/wp-json\/wp\/v2\/posts\/16145","targetHints":{"allow":["GET"]}}],"collection":[{"href":"https:\/\/livingmultimediosde.net.ar\/INDEX\/wp-json\/wp\/v2\/posts"}],"about":[{"href":"https:\/\/livingmultimediosde.net.ar\/INDEX\/wp-json\/wp\/v2\/types\/post"}],"author":[{"embeddable":true,"href":"https:\/\/livingmultimediosde.net.ar\/INDEX\/wp-json\/wp\/v2\/users\/1"}],"replies":[{"embeddable":true,"href":"https:\/\/livingmultimediosde.net.ar\/INDEX\/wp-json\/wp\/v2\/comments?post=16145"}],"version-history":[{"count":1,"href":"https:\/\/livingmultimediosde.net.ar\/INDEX\/wp-json\/wp\/v2\/posts\/16145\/revisions"}],"predecessor-version":[{"id":16147,"href":"https:\/\/livingmultimediosde.net.ar\/INDEX\/wp-json\/wp\/v2\/posts\/16145\/revisions\/16147"}],"wp:featuredmedia":[{"embeddable":true,"href":"https:\/\/livingmultimediosde.net.ar\/INDEX\/wp-json\/wp\/v2\/media\/16146"}],"wp:attachment":[{"href":"https:\/\/livingmultimediosde.net.ar\/INDEX\/wp-json\/wp\/v2\/media?parent=16145"}],"wp:term":[{"taxonomy":"category","embeddable":true,"href":"https:\/\/livingmultimediosde.net.ar\/INDEX\/wp-json\/wp\/v2\/categories?post=16145"},{"taxonomy":"post_tag","embeddable":true,"href":"https:\/\/livingmultimediosde.net.ar\/INDEX\/wp-json\/wp\/v2\/tags?post=16145"}],"curies":[{"name":"wp","href":"https:\/\/api.w.org\/{rel}","templated":true}]}}