{"id":16136,"date":"2025-10-29T18:23:54","date_gmt":"2025-10-29T18:23:54","guid":{"rendered":"https:\/\/livingmultimediosde.net.ar\/INDEX\/?p=16136"},"modified":"2025-10-29T18:23:58","modified_gmt":"2025-10-29T18:23:58","slug":"legislatura-provincial-tras-las-elecciones-destacan-el-compromiso-ciudadano-e-instan-a-seguir-trabajando-unidos-por-el-progreso-de-santiago","status":"publish","type":"post","link":"https:\/\/livingmultimediosde.net.ar\/INDEX\/2025\/10\/legislatura-provincial-tras-las-elecciones-destacan-el-compromiso-ciudadano-e-instan-a-seguir-trabajando-unidos-por-el-progreso-de-santiago\/","title":{"rendered":"Legislatura provincial tras las elecciones: Destacan el compromiso ciudadano e instan a seguir trabajando unidos por el progreso de Santiago"},"content":{"rendered":"\n<p class=\"wp-block-paragraph\">La C\u00e1mara de Diputados de Santiago del Estero se reuni\u00f3 en sesi\u00f3n ordinaria este martes y centr\u00f3 su discurso en el an\u00e1lisis de las elecciones provinciales del pasado 26 de octubre, destacando la gran participaci\u00f3n ciudadana, el compromiso dirigencial demostrado e instando a seguir trabajando unidos por Santiago.<\/p>\n\n\n\n<p class=\"wp-block-paragraph\">El vicegobernador y presidente natural del Poder Legislativo, Dr. Carlos Silva Neder, quien presidi\u00f3 la sesi\u00f3n, tom\u00f3 la palabra en primer t\u00e9rmino para extender sus felicitaciones a todos los candidatos que resultaron electos y su reconocimiento a todos aquellos que participaron del acto eleccionario.<\/p>\n\n\n\n<p class=\"wp-block-paragraph\">Adem\u00e1s, expres\u00f3 un profundo agradecimiento y reconocimiento: \u201ca la militancia, dirigencia y, fundamentalmente, al pueblo de Santiago del Estero por la comprometida participaci\u00f3n ciudadana en las urnas\u201d.<\/p>\n\n\n\n<p class=\"wp-block-paragraph\">Desde las distintas bancas, los legisladores se sumaron a las felicitaciones, destacando la elecci\u00f3n de los candidatos electos por el Frente C\u00edvico por Santiago: El\u00edas Miguel Su\u00e1rez como Gobernador y el propio Carlos Silva Neder como Vicegobernador.<\/p>\n\n\n\n<p class=\"wp-block-paragraph\">Los diputados subrayaron que el acto eleccionario se desarroll\u00f3 con \u201ctotal normalidad\u201d, lo que consideraron un \u201creafirmaci\u00f3n del sistema democr\u00e1tico\u201d provincial.<\/p>\n\n\n\n<p class=\"wp-block-paragraph\">El mensaje central de la sesi\u00f3n se enfoc\u00f3 en la construcci\u00f3n del futuro de la provincia. \u201cDesde el di\u00e1logo y la unidad, estamos forjando este Santiago de desarrollo, progreso, solidario, inclusivo y de justicia social para todos los ciudadanos\u201d, concluyeron los legisladores, reafirmando la agenda de trabajo de cara al nuevo per\u00edodo de gobierno.<\/p>\n\n\n\n<p class=\"wp-block-paragraph\">Importantes iniciativas aprobadas<\/p>\n\n\n\n<p class=\"wp-block-paragraph\">La C\u00e1mara de Diputados declar\u00f3 de inter\u00e9s: la 3\u00b0 Edici\u00f3n de la Feria Provincial del Texto Sachero, en Sauce Solo; la 1\u00b0 Jornada Nacional Inteligente \u201cLa IA y su combinaci\u00f3n con otras Tecnolog\u00edas\u201d; la 1\u2070 Marat\u00f3n de la Lealtad y el lanzamiento del Proyecto Cicatrices Que Salvan Vidas: Prevenci\u00f3n y Detecci\u00f3n Temprana del C\u00e1ncer de Mama.<\/p>\n\n\n\n<p class=\"wp-block-paragraph\">Los legisladores tambi\u00e9n declararon de inter\u00e9s: el d\u00eda del Empleado Bancario (6\/11); los actos por el D\u00eda del Canillita (7\/11); el encuentro de academias de Folclore PACHADANZA (20\/11) en el Patio Cultural Tinkuy; la 1\u00b0 Jornada de Fortalecimiento Institucional de Organizaciones de la Econom\u00eda Social, Solidaria, del Trabajo y Popular y el 137\u00b0 aniversario de la fundaci\u00f3n de Estaci\u00f3n Taboada, Dpto. San Mart\u00edn.<\/p>\n\n\n\n<p class=\"wp-block-paragraph\">Durante el trabajo legislativo, se declar\u00f3 de inter\u00e9s: la participaci\u00f3n del equipo femenino de b\u00e1squet santiague\u00f1o en el 25\u00b0 Torneo Internacional de Clubes de Maxi B\u00e1squet Femenino y Masculino (del 29\/10 al 2\/11) en Entre R\u00edos; la participaci\u00f3n de Marcelo Ezequiel Cisterna en la Cumbre Mundial de Alcaldes 2025 (del 3 al 5\/11) y la Jornada Cient\u00edfica \u201cInnovaci\u00f3n, desaf\u00edos y nuevos horizontes en medicina fetal\u201d (7\/11); la 9\u00b0 Expo Regional Productiva 2025; los actos por el D\u00eda del Taqu\u00edgrafo Parlamentario (16\/11) y las actividades por el D\u00eda Mundial del Bast\u00f3n Blanco.<\/p>\n","protected":false},"excerpt":{"rendered":"<p>La C\u00e1mara de Diputados de Santiago del Estero se reuni\u00f3 en sesi\u00f3n ordinaria este martes y centr\u00f3 su discurso en el an\u00e1lisis de las elecciones provinciales del pasado 26 de octubre, destacando la gran participaci\u00f3n ciudadana, el compromiso dirigencial demostrado e instando a seguir trabajando unidos por Santiago. El vicegobernador y presidente natural del Poder Legislativo, Dr. Carlos Silva Neder, quien presidi\u00f3 la sesi\u00f3n, tom\u00f3 la palabra en primer t\u00e9rmino para extender sus felicitaciones a todos los candidatos que resultaron electos y su reconocimiento a todos aquellos que participaron del&hellip;<\/p>\n","protected":false},"author":1,"featured_media":16137,"comment_status":"closed","ping_status":"closed","sticky":false,"template":"","format":"standard","meta":{"footnotes":""},"categories":[9],"tags":[],"class_list":["post-16136","post","type-post","status-publish","format-standard","has-post-thumbnail","hentry","category-noticias"],"rttpg_featured_image_url":{"full":["https:\/\/livingmultimediosde.net.ar\/INDEX\/wp-content\/uploads\/2025\/10\/legis2-768x576-1-e1761762225751.jpg",768,404,false],"landscape":["https:\/\/livingmultimediosde.net.ar\/INDEX\/wp-content\/uploads\/2025\/10\/legis2-768x576-1-e1761762225751.jpg",768,404,false],"portraits":["https:\/\/livingmultimediosde.net.ar\/INDEX\/wp-content\/uploads\/2025\/10\/legis2-768x576-1-e1761762225751.jpg",768,404,false],"thumbnail":["https:\/\/livingmultimediosde.net.ar\/INDEX\/wp-content\/uploads\/2025\/10\/legis2-768x576-1-e1761762225751-150x150.jpg",150,150,true],"medium":["https:\/\/livingmultimediosde.net.ar\/INDEX\/wp-content\/uploads\/2025\/10\/legis2-768x576-1-e1761762225751-300x158.jpg",300,158,true],"large":["https:\/\/livingmultimediosde.net.ar\/INDEX\/wp-content\/uploads\/2025\/10\/legis2-768x576-1-e1761762225751.jpg",640,337,false],"1536x1536":["https:\/\/livingmultimediosde.net.ar\/INDEX\/wp-content\/uploads\/2025\/10\/legis2-768x576-1-e1761762225751.jpg",768,404,false],"2048x2048":["https:\/\/livingmultimediosde.net.ar\/INDEX\/wp-content\/uploads\/2025\/10\/legis2-768x576-1-e1761762225751.jpg",768,404,false],"post-thumbnail":["https:\/\/livingmultimediosde.net.ar\/INDEX\/wp-content\/uploads\/2025\/10\/legis2-768x576-1-e1761762225751-240x172.jpg",240,172,true]},"rttpg_author":{"display_name":"rober","author_link":"https:\/\/livingmultimediosde.net.ar\/INDEX\/author\/rober\/"},"rttpg_comment":0,"rttpg_category":"<a href=\"https:\/\/livingmultimediosde.net.ar\/INDEX\/category\/noticias\/\" rel=\"category tag\">NOTICIAS<\/a>","rttpg_excerpt":"La C\u00e1mara de Diputados de Santiago del Estero se reuni\u00f3 en sesi\u00f3n ordinaria este martes y centr\u00f3 su discurso en el an\u00e1lisis de las elecciones provinciales del pasado 26 de octubre, destacando la gran participaci\u00f3n ciudadana, el compromiso dirigencial demostrado e instando a seguir trabajando unidos por Santiago. El vicegobernador y presidente natural del Poder&hellip;","_links":{"self":[{"href":"https:\/\/livingmultimediosde.net.ar\/INDEX\/wp-json\/wp\/v2\/posts\/16136","targetHints":{"allow":["GET"]}}],"collection":[{"href":"https:\/\/livingmultimediosde.net.ar\/INDEX\/wp-json\/wp\/v2\/posts"}],"about":[{"href":"https:\/\/livingmultimediosde.net.ar\/INDEX\/wp-json\/wp\/v2\/types\/post"}],"author":[{"embeddable":true,"href":"https:\/\/livingmultimediosde.net.ar\/INDEX\/wp-json\/wp\/v2\/users\/1"}],"replies":[{"embeddable":true,"href":"https:\/\/livingmultimediosde.net.ar\/INDEX\/wp-json\/wp\/v2\/comments?post=16136"}],"version-history":[{"count":1,"href":"https:\/\/livingmultimediosde.net.ar\/INDEX\/wp-json\/wp\/v2\/posts\/16136\/revisions"}],"predecessor-version":[{"id":16138,"href":"https:\/\/livingmultimediosde.net.ar\/INDEX\/wp-json\/wp\/v2\/posts\/16136\/revisions\/16138"}],"wp:featuredmedia":[{"embeddable":true,"href":"https:\/\/livingmultimediosde.net.ar\/INDEX\/wp-json\/wp\/v2\/media\/16137"}],"wp:attachment":[{"href":"https:\/\/livingmultimediosde.net.ar\/INDEX\/wp-json\/wp\/v2\/media?parent=16136"}],"wp:term":[{"taxonomy":"category","embeddable":true,"href":"https:\/\/livingmultimediosde.net.ar\/INDEX\/wp-json\/wp\/v2\/categories?post=16136"},{"taxonomy":"post_tag","embeddable":true,"href":"https:\/\/livingmultimediosde.net.ar\/INDEX\/wp-json\/wp\/v2\/tags?post=16136"}],"curies":[{"name":"wp","href":"https:\/\/api.w.org\/{rel}","templated":true}]}}