{"id":16133,"date":"2025-10-29T17:42:53","date_gmt":"2025-10-29T17:42:53","guid":{"rendered":"https:\/\/livingmultimediosde.net.ar\/INDEX\/?p=16133"},"modified":"2025-10-29T17:42:56","modified_gmt":"2025-10-29T17:42:56","slug":"hcd-convocatoria-a-sesion-extraordinaria-para-la-eleccion-de-autoridades","status":"publish","type":"post","link":"https:\/\/livingmultimediosde.net.ar\/INDEX\/2025\/10\/hcd-convocatoria-a-sesion-extraordinaria-para-la-eleccion-de-autoridades\/","title":{"rendered":"HCD: Convocatoria a Sesi\u00f3n Extraordinaria para la elecci\u00f3n de autoridades"},"content":{"rendered":"\n<p class=\"wp-block-paragraph\">29.10.25 En efecto, Presidencia del H. Concejo Deliberante de la Capital, a cargo de Humberto Eduardo Santill\u00e1n, convoc\u00f3 a los concejales miembros \u00abpara el viernes 31 del actual, a las 10 hs, a los efectos de que reunidos en sesi\u00f3n extraordinaria consideren como \u00fanico punto del Orden del Dia, la elecci\u00f3n de un presidente, un vicepresidente primero, un vicepresidente segundo, un secretario general y un pro-secretario, cuyos mandatos y funciones se iniciar\u00e1n a partir del 31 de octubre de 2025 y por un a\u00f1o de conformidad a lo establecido por la Carta Org\u00e1nica Municipal, el Reglamento Interno y a lo anunciado en los considerandos del presente Decreto\u00bb.<\/p>\n\n\n\n<p class=\"wp-block-paragraph\">En los considerandos del Decreto 299\/25 se indica que \u00abtanto el Art\u00edculo 40 de la Carta Org\u00e1nica Municipal y el Art\u00edculo 1 del Reglamento Interno del HCD, establecen que el Honorable Cuerpo debe reunirse todos los a\u00f1os en sesi\u00f3n con el objeto de elegir autoridades, las que durar\u00e1n un a\u00f1o en sus funciones para lo cual debe convocarse a Sesi\u00f3n Extraordinaria\u00bb.<\/p>\n\n\n\n<p class=\"wp-block-paragraph\">Se indica que el pr\u00f3ximo 31 de octubre del a\u00f1o en curso vence el mandato de las autoridades.<\/p>\n","protected":false},"excerpt":{"rendered":"<p>29.10.25 En efecto, Presidencia del H. Concejo Deliberante de la Capital, a cargo de Humberto Eduardo Santill\u00e1n, convoc\u00f3 a los concejales miembros \u00abpara el viernes 31 del actual, a las 10 hs, a los efectos de que reunidos en sesi\u00f3n extraordinaria consideren como \u00fanico punto del Orden del Dia, la elecci\u00f3n de un presidente, un vicepresidente primero, un vicepresidente segundo, un secretario general y un pro-secretario, cuyos mandatos y funciones se iniciar\u00e1n a partir del 31 de octubre de 2025 y por un a\u00f1o de conformidad a lo establecido por&hellip;<\/p>\n","protected":false},"author":1,"featured_media":16134,"comment_status":"closed","ping_status":"closed","sticky":false,"template":"","format":"standard","meta":{"footnotes":""},"categories":[3],"tags":[],"class_list":["post-16133","post","type-post","status-publish","format-standard","has-post-thumbnail","hentry","category-hcd-capital"],"rttpg_featured_image_url":{"full":["https:\/\/livingmultimediosde.net.ar\/INDEX\/wp-content\/uploads\/2025\/10\/sesion-concejo-1536x864-1.jpeg",1536,864,false],"landscape":["https:\/\/livingmultimediosde.net.ar\/INDEX\/wp-content\/uploads\/2025\/10\/sesion-concejo-1536x864-1.jpeg",1536,864,false],"portraits":["https:\/\/livingmultimediosde.net.ar\/INDEX\/wp-content\/uploads\/2025\/10\/sesion-concejo-1536x864-1.jpeg",1536,864,false],"thumbnail":["https:\/\/livingmultimediosde.net.ar\/INDEX\/wp-content\/uploads\/2025\/10\/sesion-concejo-1536x864-1-150x150.jpeg",150,150,true],"medium":["https:\/\/livingmultimediosde.net.ar\/INDEX\/wp-content\/uploads\/2025\/10\/sesion-concejo-1536x864-1-300x169.jpeg",300,169,true],"large":["https:\/\/livingmultimediosde.net.ar\/INDEX\/wp-content\/uploads\/2025\/10\/sesion-concejo-1536x864-1-1024x576.jpeg",640,360,true],"1536x1536":["https:\/\/livingmultimediosde.net.ar\/INDEX\/wp-content\/uploads\/2025\/10\/sesion-concejo-1536x864-1.jpeg",1536,864,false],"2048x2048":["https:\/\/livingmultimediosde.net.ar\/INDEX\/wp-content\/uploads\/2025\/10\/sesion-concejo-1536x864-1.jpeg",1536,864,false],"post-thumbnail":["https:\/\/livingmultimediosde.net.ar\/INDEX\/wp-content\/uploads\/2025\/10\/sesion-concejo-1536x864-1-240x172.jpeg",240,172,true]},"rttpg_author":{"display_name":"rober","author_link":"https:\/\/livingmultimediosde.net.ar\/INDEX\/author\/rober\/"},"rttpg_comment":0,"rttpg_category":"<a href=\"https:\/\/livingmultimediosde.net.ar\/INDEX\/category\/hcd-capital\/\" rel=\"category tag\">HCD CAPITAL<\/a>","rttpg_excerpt":"29.10.25 En efecto, Presidencia del H. Concejo Deliberante de la Capital, a cargo de Humberto Eduardo Santill\u00e1n, convoc\u00f3 a los concejales miembros \u00abpara el viernes 31 del actual, a las 10 hs, a los efectos de que reunidos en sesi\u00f3n extraordinaria consideren como \u00fanico punto del Orden del Dia, la elecci\u00f3n de un presidente, un&hellip;","_links":{"self":[{"href":"https:\/\/livingmultimediosde.net.ar\/INDEX\/wp-json\/wp\/v2\/posts\/16133","targetHints":{"allow":["GET"]}}],"collection":[{"href":"https:\/\/livingmultimediosde.net.ar\/INDEX\/wp-json\/wp\/v2\/posts"}],"about":[{"href":"https:\/\/livingmultimediosde.net.ar\/INDEX\/wp-json\/wp\/v2\/types\/post"}],"author":[{"embeddable":true,"href":"https:\/\/livingmultimediosde.net.ar\/INDEX\/wp-json\/wp\/v2\/users\/1"}],"replies":[{"embeddable":true,"href":"https:\/\/livingmultimediosde.net.ar\/INDEX\/wp-json\/wp\/v2\/comments?post=16133"}],"version-history":[{"count":1,"href":"https:\/\/livingmultimediosde.net.ar\/INDEX\/wp-json\/wp\/v2\/posts\/16133\/revisions"}],"predecessor-version":[{"id":16135,"href":"https:\/\/livingmultimediosde.net.ar\/INDEX\/wp-json\/wp\/v2\/posts\/16133\/revisions\/16135"}],"wp:featuredmedia":[{"embeddable":true,"href":"https:\/\/livingmultimediosde.net.ar\/INDEX\/wp-json\/wp\/v2\/media\/16134"}],"wp:attachment":[{"href":"https:\/\/livingmultimediosde.net.ar\/INDEX\/wp-json\/wp\/v2\/media?parent=16133"}],"wp:term":[{"taxonomy":"category","embeddable":true,"href":"https:\/\/livingmultimediosde.net.ar\/INDEX\/wp-json\/wp\/v2\/categories?post=16133"},{"taxonomy":"post_tag","embeddable":true,"href":"https:\/\/livingmultimediosde.net.ar\/INDEX\/wp-json\/wp\/v2\/tags?post=16133"}],"curies":[{"name":"wp","href":"https:\/\/api.w.org\/{rel}","templated":true}]}}