{"id":16130,"date":"2025-10-29T17:41:06","date_gmt":"2025-10-29T17:41:06","guid":{"rendered":"https:\/\/livingmultimediosde.net.ar\/INDEX\/?p=16130"},"modified":"2025-10-29T17:41:37","modified_gmt":"2025-10-29T17:41:37","slug":"hcd-los-ediles-del-fc-saludaron-el-triunfo-electoral-del-oficialismo-el-pasado-domingo","status":"publish","type":"post","link":"https:\/\/livingmultimediosde.net.ar\/INDEX\/2025\/10\/hcd-los-ediles-del-fc-saludaron-el-triunfo-electoral-del-oficialismo-el-pasado-domingo\/","title":{"rendered":"HCD: Los ediles del FC saludaron el triunfo electoral del oficialismo el pasado domingo"},"content":{"rendered":"\n<p class=\"wp-block-paragraph\">28.10.25 \u201cHa sido una verdadera fiesta c\u00edvica para la democracia, con total transparencia\u00bb dijo Marta Arenas (FC). Se celebr\u00f3 la 33\u00aa Sesi\u00f3n Ordinaria del Honorable Concejo Deliberante de la Capital en un clima de tranquilidad y normalidad institucional. La sesi\u00f3n fue presidida por su titular, Humberto Eduardo Santill\u00e1n, y cont\u00f3 con la presencia de 11 ediles. Durante la jornada, desde la bancada oficialista del Frente C\u00edvico, los concejales destacaron el resultado categ\u00f3rico obtenido en las elecciones del 26 de octubre, subrayando el respaldo ciudadano al proyecto de gobierno provincial encabezado por Gerardo Zamora, quien asumir\u00e1 como senador nacional, y por el gobernador electo El\u00edas Su\u00e1rez, junto al vicegobernador Carlos Silva Neder.<\/p>\n\n\n\n<p class=\"wp-block-paragraph\">Reconocimientos y mensajes de los ediles<\/p>\n\n\n\n<p class=\"wp-block-paragraph\">La concejala Marta Arenas (FC), expres\u00f3 su satisfacci\u00f3n por el desarrollo de un nuevo acto democr\u00e1tico: \u201cHa sido una verdadera fiesta c\u00edvica para la democracia, con total transparencia. Desde 1983 venimos fortaleciendo un sistema que en nuestra provincia es ejemplo de paz y armon\u00eda.\u201d<\/p>\n\n\n\n<p class=\"wp-block-paragraph\">Asimismo, destac\u00f3 la figura del gobernador Gerardo Zamora, se\u00f1alando que \u201cpor su capacidad pol\u00edtica y de gesti\u00f3n ser\u00e1 una gran representaci\u00f3n en el Senado de la Naci\u00f3n\u201d.<\/p>\n\n\n\n<p class=\"wp-block-paragraph\">Por su parte, el edil, Walter Medina Salom\u00f3n (FC), felicit\u00f3 a la ciudadan\u00eda y a los dirigentes electos: \u201cQuiero enviar una congratulaci\u00f3n a todos los vecinos que participaron del acto comicial con respeto y civismo. Tambi\u00e9n saludo a quienes resultaron electos gobernador y vicegobernador, nuestros amigos El\u00edas Su\u00e1rez y Carlos Silva Neder, as\u00ed como a los nuevos legisladores nacionales y provinciales.\u201d<\/p>\n\n\n\n<p class=\"wp-block-paragraph\">El edil expres\u00f3 adem\u00e1s su reconocimiento a los futuros representantes locales ante la Legislatura y que ejercen la funci\u00f3n de concejales, Aida Luz \u201cPelusa\u201d Soria y, por la oposici\u00f3n, al Dr. Facundo P\u00e9rez Carletti, destacando el \u201cclima de paz social y total transparencia\u201d que caracteriz\u00f3 la jornada electoral.<\/p>\n\n\n\n<p class=\"wp-block-paragraph\">Asuntos tratados en la sesi\u00f3n<\/p>\n\n\n\n<p class=\"wp-block-paragraph\">En el marco del orden del d\u00eda, se dio ingreso a los asuntos entrados, sin solicitudes de tratamiento sobre tablas, y se procedi\u00f3 al debate y votaci\u00f3n de los despachos de comisi\u00f3n, todos aprobados por unanimidad.<\/p>\n\n\n\n<p class=\"wp-block-paragraph\">Las Resoluciones sancionadas:<\/p>\n\n\n\n<p class=\"wp-block-paragraph\">Iniciativa propiciada por la bancada del Frente C\u00edvico, para que el Departamento Ejecutivo Municipal, a trav\u00e9s del \u00e1rea correspondiente, disponga el estudio t\u00e9cnico y la factibilidad presupuestaria para realizar mejoras en el Barrio N\u00e9stor Kirchner: reposici\u00f3n de luminarias y limpieza en calles Departamento Quebrachos, Sarmiento, San Mart\u00edn y Juan Felipe Ibarra, as\u00ed como la reparaci\u00f3n de un bache en La Capital y Nueva Esperanza.<\/p>\n\n\n\n<p class=\"wp-block-paragraph\">En el mismo sentido, por sendas Resoluciones, de la bancada del Frente C\u00edvico, se solicitaron mejoras para: Barrio Siglo XX: pedido de mejoras en iluminaci\u00f3n sobre Avenida V\u00edctor Yunes, desde San Patricio hasta Ingenio Contreras; Barrio Autonom\u00eda: obras integrales en la Plazoleta Juan Felipe Ibarra, frente al Colegio Secundario \u201c2 de Abril\u201d; Barrio General Paz: solicitud de apertura de una nueva arteria que conecte las calles Facundo Quiroga y Los Caminantes.<\/p>\n","protected":false},"excerpt":{"rendered":"<p>28.10.25 \u201cHa sido una verdadera fiesta c\u00edvica para la democracia, con total transparencia\u00bb dijo Marta Arenas (FC). Se celebr\u00f3 la 33\u00aa Sesi\u00f3n Ordinaria del Honorable Concejo Deliberante de la Capital en un clima de tranquilidad y normalidad institucional. La sesi\u00f3n fue presidida por su titular, Humberto Eduardo Santill\u00e1n, y cont\u00f3 con la presencia de 11 ediles. Durante la jornada, desde la bancada oficialista del Frente C\u00edvico, los concejales destacaron el resultado categ\u00f3rico obtenido en las elecciones del 26 de octubre, subrayando el respaldo ciudadano al proyecto de gobierno provincial encabezado&hellip;<\/p>\n","protected":false},"author":1,"featured_media":16131,"comment_status":"closed","ping_status":"closed","sticky":false,"template":"","format":"standard","meta":{"footnotes":""},"categories":[3],"tags":[],"class_list":["post-16130","post","type-post","status-publish","format-standard","has-post-thumbnail","hentry","category-hcd-capital"],"rttpg_featured_image_url":{"full":["https:\/\/livingmultimediosde.net.ar\/INDEX\/wp-content\/uploads\/2025\/10\/foto-recinto1.jpg",830,459,false],"landscape":["https:\/\/livingmultimediosde.net.ar\/INDEX\/wp-content\/uploads\/2025\/10\/foto-recinto1.jpg",830,459,false],"portraits":["https:\/\/livingmultimediosde.net.ar\/INDEX\/wp-content\/uploads\/2025\/10\/foto-recinto1.jpg",830,459,false],"thumbnail":["https:\/\/livingmultimediosde.net.ar\/INDEX\/wp-content\/uploads\/2025\/10\/foto-recinto1-150x150.jpg",150,150,true],"medium":["https:\/\/livingmultimediosde.net.ar\/INDEX\/wp-content\/uploads\/2025\/10\/foto-recinto1-300x166.jpg",300,166,true],"large":["https:\/\/livingmultimediosde.net.ar\/INDEX\/wp-content\/uploads\/2025\/10\/foto-recinto1.jpg",640,354,false],"1536x1536":["https:\/\/livingmultimediosde.net.ar\/INDEX\/wp-content\/uploads\/2025\/10\/foto-recinto1.jpg",830,459,false],"2048x2048":["https:\/\/livingmultimediosde.net.ar\/INDEX\/wp-content\/uploads\/2025\/10\/foto-recinto1.jpg",830,459,false],"post-thumbnail":["https:\/\/livingmultimediosde.net.ar\/INDEX\/wp-content\/uploads\/2025\/10\/foto-recinto1-240x172.jpg",240,172,true]},"rttpg_author":{"display_name":"rober","author_link":"https:\/\/livingmultimediosde.net.ar\/INDEX\/author\/rober\/"},"rttpg_comment":0,"rttpg_category":"<a href=\"https:\/\/livingmultimediosde.net.ar\/INDEX\/category\/hcd-capital\/\" rel=\"category tag\">HCD CAPITAL<\/a>","rttpg_excerpt":"28.10.25 \u201cHa sido una verdadera fiesta c\u00edvica para la democracia, con total transparencia\u00bb dijo Marta Arenas (FC). Se celebr\u00f3 la 33\u00aa Sesi\u00f3n Ordinaria del Honorable Concejo Deliberante de la Capital en un clima de tranquilidad y normalidad institucional. La sesi\u00f3n fue presidida por su titular, Humberto Eduardo Santill\u00e1n, y cont\u00f3 con la presencia de 11&hellip;","_links":{"self":[{"href":"https:\/\/livingmultimediosde.net.ar\/INDEX\/wp-json\/wp\/v2\/posts\/16130","targetHints":{"allow":["GET"]}}],"collection":[{"href":"https:\/\/livingmultimediosde.net.ar\/INDEX\/wp-json\/wp\/v2\/posts"}],"about":[{"href":"https:\/\/livingmultimediosde.net.ar\/INDEX\/wp-json\/wp\/v2\/types\/post"}],"author":[{"embeddable":true,"href":"https:\/\/livingmultimediosde.net.ar\/INDEX\/wp-json\/wp\/v2\/users\/1"}],"replies":[{"embeddable":true,"href":"https:\/\/livingmultimediosde.net.ar\/INDEX\/wp-json\/wp\/v2\/comments?post=16130"}],"version-history":[{"count":1,"href":"https:\/\/livingmultimediosde.net.ar\/INDEX\/wp-json\/wp\/v2\/posts\/16130\/revisions"}],"predecessor-version":[{"id":16132,"href":"https:\/\/livingmultimediosde.net.ar\/INDEX\/wp-json\/wp\/v2\/posts\/16130\/revisions\/16132"}],"wp:featuredmedia":[{"embeddable":true,"href":"https:\/\/livingmultimediosde.net.ar\/INDEX\/wp-json\/wp\/v2\/media\/16131"}],"wp:attachment":[{"href":"https:\/\/livingmultimediosde.net.ar\/INDEX\/wp-json\/wp\/v2\/media?parent=16130"}],"wp:term":[{"taxonomy":"category","embeddable":true,"href":"https:\/\/livingmultimediosde.net.ar\/INDEX\/wp-json\/wp\/v2\/categories?post=16130"},{"taxonomy":"post_tag","embeddable":true,"href":"https:\/\/livingmultimediosde.net.ar\/INDEX\/wp-json\/wp\/v2\/tags?post=16130"}],"curies":[{"name":"wp","href":"https:\/\/api.w.org\/{rel}","templated":true}]}}