{"id":16121,"date":"2025-10-29T14:47:15","date_gmt":"2025-10-29T14:47:15","guid":{"rendered":"https:\/\/livingmultimediosde.net.ar\/INDEX\/?p=16121"},"modified":"2025-10-29T14:47:20","modified_gmt":"2025-10-29T14:47:20","slug":"tras-el-triunfo-electoral-francos-gana-tiempo-en-el-gabinete-pero-suenan-nombres-para-sucederlo","status":"publish","type":"post","link":"https:\/\/livingmultimediosde.net.ar\/INDEX\/2025\/10\/tras-el-triunfo-electoral-francos-gana-tiempo-en-el-gabinete-pero-suenan-nombres-para-sucederlo\/","title":{"rendered":"Tras el triunfo electoral, Francos gana tiempo en el Gabinete, pero suenan nombres para sucederlo"},"content":{"rendered":"\n<p class=\"wp-block-paragraph\">El triunfo electoral de La Libertad Avanza (LLA) le dio aire al presidente Javier Milei que, con la idea de instrumentar cambios urgentes en su equipo de trabajo, se muestra m\u00e1s calmo y se tomar\u00e1 hasta el 10 de diciembre para aplicar las modificaciones.<\/p>\n\n\n\n<p class=\"wp-block-paragraph\">El jefe de Gabinete, Guillermo Francos, quien lleg\u00f3 al fin de semana de la elecci\u00f3n con la bater\u00eda casi agotada, parece haber repuntando en la valoraci\u00f3n del mandatario y, hasta entonces, continuar\u00eda en el cargo hasta -por lo menos- el 10 de diciembre.<\/p>\n\n\n\n<p class=\"wp-block-paragraph\">Incluso, el pr\u00f3ximo jueves, escoltar\u00e1 a Milei en la primera gran reuni\u00f3n con un grupo grande de gobernadores aliados que visitar\u00e1n Casa Rosada para empezar a trazar los primeros acuerdos que le permitan al Poder Ejecutivo instrumentar las reformas de segunda generaci\u00f3n.<\/p>\n\n\n\n<p class=\"wp-block-paragraph\">Sin embargo, en la entrevista del pasado lunes, la primera que brind\u00f3 el libertario luego de haber ganado la elecci\u00f3n legislativa, dej\u00f3 algunas dudas sobre el futuro del ministro coordinador. \u00abGuillermo Francos tiene un rol muy destacado, dentro del Gobierno. Veremos, a la luz del nuevo Gabinete, c\u00f3mo van a quedar las cosas\u00bb, desliz\u00f3 el jefe de Estado.<\/p>\n\n\n\n<p class=\"wp-block-paragraph\">La sugestiva frase dej\u00f3 abierta la posibilidad de variables para el cargo. Algo similar ocurre con el Ministerio del Interior que hoy ocupa Lisandro Catal\u00e1n, apadrinado por Francos, y se estima que si este da un paso al costado, lo propio har\u00e1 el exvicejefe del Gabinete del Interior.<\/p>\n\n\n\n<p class=\"wp-block-paragraph\">En paralelo al llamado a los gobernadores, la posibilidad de nuevos cambios cobra cada vez m\u00e1s fuerza. Para eso, existen al menos dos nombres que resuenan para suceder a Francos, cuando sea que el Presidente tome la determinaci\u00f3n.<\/p>\n\n\n\n<p class=\"wp-block-paragraph\">Lo cierto es que los resultados del domingo alteraron los planes libertarios. Con la secretaria general de la Presidencia, Karina Milei, como la \u00abgran ganadora\u00bb de la elecci\u00f3n, se espera que el lugar lo ocupe alguien de su m\u00e1xima confianza y es ah\u00ed donde entra la posibilidad de que sea el vocero presidencial, Manuel Adorni, recientemente electo legislador, el que ocupe el lugar.<\/p>\n\n\n\n<p class=\"wp-block-paragraph\">Previo a la elecci\u00f3n, el asesor presidencial, Santiago Caputo, era el apuntado para desembarcar en el cargo, con la intenci\u00f3n de cumplimentar el deseo de varios funcionarios que reclaman su paso a la formalidad, algo que a Milei no le disgustaba. Por estas horas, se habla de la posibilidad de que el consultor ocupe el despacho de Catal\u00e1n, ubicado en la planta baja, un piso debajo de las oficinas de la Jefatura de Gabinete, aunque desde su entorno desmienten la posibilidad.<\/p>\n\n\n\n<p class=\"wp-block-paragraph\">\u00abLas cosas ten\u00edan una l\u00f3gica y con el resultado de la elecci\u00f3n est\u00e1 todo sometido a un reseteo\u201d, repiten una y otra vez por los pasillos de Balcarce 50 a la espera de los primeros cambios que, seg\u00fan los libertarios, tendr\u00e1n lugar \u00abm\u00e1s temprano que tarde\u00bb.<\/p>\n","protected":false},"excerpt":{"rendered":"<p>El triunfo electoral de La Libertad Avanza (LLA) le dio aire al presidente Javier Milei que, con la idea de instrumentar cambios urgentes en su equipo de trabajo, se muestra m\u00e1s calmo y se tomar\u00e1 hasta el 10 de diciembre para aplicar las modificaciones. El jefe de Gabinete, Guillermo Francos, quien lleg\u00f3 al fin de semana de la elecci\u00f3n con la bater\u00eda casi agotada, parece haber repuntando en la valoraci\u00f3n del mandatario y, hasta entonces, continuar\u00eda en el cargo hasta -por lo menos- el 10 de diciembre. Incluso, el pr\u00f3ximo&hellip;<\/p>\n","protected":false},"author":1,"featured_media":16122,"comment_status":"closed","ping_status":"closed","sticky":false,"template":"","format":"standard","meta":{"footnotes":""},"categories":[4],"tags":[],"class_list":["post-16121","post","type-post","status-publish","format-standard","has-post-thumbnail","hentry","category-interes-general"],"rttpg_featured_image_url":{"full":["https:\/\/livingmultimediosde.net.ar\/INDEX\/wp-content\/uploads\/2025\/10\/Francos-1.webp",1080,720,false],"landscape":["https:\/\/livingmultimediosde.net.ar\/INDEX\/wp-content\/uploads\/2025\/10\/Francos-1.webp",1080,720,false],"portraits":["https:\/\/livingmultimediosde.net.ar\/INDEX\/wp-content\/uploads\/2025\/10\/Francos-1.webp",1080,720,false],"thumbnail":["https:\/\/livingmultimediosde.net.ar\/INDEX\/wp-content\/uploads\/2025\/10\/Francos-1-150x150.webp",150,150,true],"medium":["https:\/\/livingmultimediosde.net.ar\/INDEX\/wp-content\/uploads\/2025\/10\/Francos-1-300x200.webp",300,200,true],"large":["https:\/\/livingmultimediosde.net.ar\/INDEX\/wp-content\/uploads\/2025\/10\/Francos-1-1024x683.webp",640,427,true],"1536x1536":["https:\/\/livingmultimediosde.net.ar\/INDEX\/wp-content\/uploads\/2025\/10\/Francos-1.webp",1080,720,false],"2048x2048":["https:\/\/livingmultimediosde.net.ar\/INDEX\/wp-content\/uploads\/2025\/10\/Francos-1.webp",1080,720,false],"post-thumbnail":["https:\/\/livingmultimediosde.net.ar\/INDEX\/wp-content\/uploads\/2025\/10\/Francos-1-240x172.webp",240,172,true]},"rttpg_author":{"display_name":"rober","author_link":"https:\/\/livingmultimediosde.net.ar\/INDEX\/author\/rober\/"},"rttpg_comment":0,"rttpg_category":"<a href=\"https:\/\/livingmultimediosde.net.ar\/INDEX\/category\/interes-general\/\" rel=\"category tag\">INTERES GENERAL<\/a>","rttpg_excerpt":"El triunfo electoral de La Libertad Avanza (LLA) le dio aire al presidente Javier Milei que, con la idea de instrumentar cambios urgentes en su equipo de trabajo, se muestra m\u00e1s calmo y se tomar\u00e1 hasta el 10 de diciembre para aplicar las modificaciones. El jefe de Gabinete, Guillermo Francos, quien lleg\u00f3 al fin de&hellip;","_links":{"self":[{"href":"https:\/\/livingmultimediosde.net.ar\/INDEX\/wp-json\/wp\/v2\/posts\/16121","targetHints":{"allow":["GET"]}}],"collection":[{"href":"https:\/\/livingmultimediosde.net.ar\/INDEX\/wp-json\/wp\/v2\/posts"}],"about":[{"href":"https:\/\/livingmultimediosde.net.ar\/INDEX\/wp-json\/wp\/v2\/types\/post"}],"author":[{"embeddable":true,"href":"https:\/\/livingmultimediosde.net.ar\/INDEX\/wp-json\/wp\/v2\/users\/1"}],"replies":[{"embeddable":true,"href":"https:\/\/livingmultimediosde.net.ar\/INDEX\/wp-json\/wp\/v2\/comments?post=16121"}],"version-history":[{"count":1,"href":"https:\/\/livingmultimediosde.net.ar\/INDEX\/wp-json\/wp\/v2\/posts\/16121\/revisions"}],"predecessor-version":[{"id":16123,"href":"https:\/\/livingmultimediosde.net.ar\/INDEX\/wp-json\/wp\/v2\/posts\/16121\/revisions\/16123"}],"wp:featuredmedia":[{"embeddable":true,"href":"https:\/\/livingmultimediosde.net.ar\/INDEX\/wp-json\/wp\/v2\/media\/16122"}],"wp:attachment":[{"href":"https:\/\/livingmultimediosde.net.ar\/INDEX\/wp-json\/wp\/v2\/media?parent=16121"}],"wp:term":[{"taxonomy":"category","embeddable":true,"href":"https:\/\/livingmultimediosde.net.ar\/INDEX\/wp-json\/wp\/v2\/categories?post=16121"},{"taxonomy":"post_tag","embeddable":true,"href":"https:\/\/livingmultimediosde.net.ar\/INDEX\/wp-json\/wp\/v2\/tags?post=16121"}],"curies":[{"name":"wp","href":"https:\/\/api.w.org\/{rel}","templated":true}]}}