{"id":16114,"date":"2025-10-28T11:46:10","date_gmt":"2025-10-28T11:46:10","guid":{"rendered":"https:\/\/livingmultimediosde.net.ar\/INDEX\/?p=16114"},"modified":"2025-10-28T11:46:13","modified_gmt":"2025-10-28T11:46:13","slug":"estela-del-valle-perez-electa-comisionada-municipal-de-ces","status":"publish","type":"post","link":"https:\/\/livingmultimediosde.net.ar\/INDEX\/2025\/10\/estela-del-valle-perez-electa-comisionada-municipal-de-ces\/","title":{"rendered":"Estela del Valle P\u00e9rez electa comisionada municipal de CES"},"content":{"rendered":"\n<p class=\"wp-block-paragraph\"><br>27.10.25 Los resultados de las \u00faltimas elecciones del 26 del actual, consagraron electa comisionada municipal de Colonia El Simbolar, a Estela del Valle P\u00e9rez. En efecto, el comisionado municipal y presidente de la Junta Departamental del PJ, profesor \u00c1ngel I\u00f1iguez, y la electa comisionada municipal, expresaron al consuno su agradecimiento a la decisi\u00f3n del electorado de CES que, mayoritariamente, la eligi\u00f3 como continuadora de proyecto pol\u00edtico que, hace 8 a\u00f1os, viene desarrollando -con mucho trabajo y gesti\u00f3n., el actual mandatario municipal.<\/p>\n\n\n\n<p class=\"wp-block-paragraph\">En la oportunidad, \u00abValle\u00bb P\u00e9rez y el profesor \u00c1ngel I\u00f1iguez, agradecieron \u00aba todos nuestros militantes, simpatizantes y vecinos por el compromiso, el esfuerzo y la convicci\u00f3n demostrados durante la campa\u00f1a y la consumaci\u00f3n del acto comicial de este 26 del actual\u00bb.<\/p>\n\n\n\n<p class=\"wp-block-paragraph\">Asimismo, abund\u00f3 I\u00f1iguez que \u00abla excelente elecci\u00f3n celebrada ayer, permiti\u00f3 consagrar como nueva comisionada municipal de Colonia El Simbolar, a partir del 10 de diciembre pr\u00f3ximo, a la compa\u00f1era Estela del Valle P\u00e9rez, en quien confiamos, con el voto, que es la decisi\u00f3n y convicci\u00f3n de cada ciudadano, los destinos de nuestra querida comunidad\u00bb.<\/p>\n\n\n\n<p class=\"wp-block-paragraph\">Coincidieron en se\u00f1alar que \u00abno es menos importante celebrar tambi\u00e9n la tarea realizada a lo largo y ancho del departamento Robles, como as\u00ed en la provincia, lo que permiti\u00f3 la elecci\u00f3n de El\u00edas Su\u00e1rez como Gobernador y a Carlos Silva Neder como Vicegobernador, reafirmando la confianza del pueblo santiague\u00f1o en el proyecto pol\u00edtico del Frente C\u00edvico \u2013 del cual es aliado el Partido Justicialista-, garantizando su continuidad, el desarrollo y el crecimiento de la provincia y para el bienestar de los santiague\u00f1os\u00bb.<\/p>\n\n\n\n<p class=\"wp-block-paragraph\">A\u00f1adieron que \u00abcelebramos tambi\u00e9n la elecci\u00f3n de nuestro compa\u00f1ero \u201cPich\u00f3n\u201d Neder como Senador Nacional y del compa\u00f1ero Marcelo Barbur como Diputado Nacional, as\u00ed como el importante logro de haber ampliado el bloque de Diputados Provinciales a 14 legisladores, un avance que fortalece nuestra representaci\u00f3n y compromiso con la comunidad\u00bb.<\/p>\n\n\n\n<p class=\"wp-block-paragraph\">Concluyeron: \u00abA cada militante, a cada vecino, a cada persona que confi\u00f3 en nosotros y en este proyecto de provincia, les hacemos llegar nuestro m\u00e1s profundo agradecimiento y felicitaciones. Sigamos trabajando juntos, con unidad y esperanza, por el crecimiento de Colonia El Simbolar y de todo Santiago del Estero\u00bb<\/p>\n","protected":false},"excerpt":{"rendered":"<p>27.10.25 Los resultados de las \u00faltimas elecciones del 26 del actual, consagraron electa comisionada municipal de Colonia El Simbolar, a Estela del Valle P\u00e9rez. En efecto, el comisionado municipal y presidente de la Junta Departamental del PJ, profesor \u00c1ngel I\u00f1iguez, y la electa comisionada municipal, expresaron al consuno su agradecimiento a la decisi\u00f3n del electorado de CES que, mayoritariamente, la eligi\u00f3 como continuadora de proyecto pol\u00edtico que, hace 8 a\u00f1os, viene desarrollando -con mucho trabajo y gesti\u00f3n., el actual mandatario municipal. En la oportunidad, \u00abValle\u00bb P\u00e9rez y el profesor \u00c1ngel&hellip;<\/p>\n","protected":false},"author":1,"featured_media":16115,"comment_status":"closed","ping_status":"closed","sticky":false,"template":"","format":"standard","meta":{"footnotes":""},"categories":[9],"tags":[],"class_list":["post-16114","post","type-post","status-publish","format-standard","has-post-thumbnail","hentry","category-noticias"],"rttpg_featured_image_url":{"full":["https:\/\/livingmultimediosde.net.ar\/INDEX\/wp-content\/uploads\/2025\/10\/IMG-20251027-WA0031.jpg",698,541,false],"landscape":["https:\/\/livingmultimediosde.net.ar\/INDEX\/wp-content\/uploads\/2025\/10\/IMG-20251027-WA0031.jpg",698,541,false],"portraits":["https:\/\/livingmultimediosde.net.ar\/INDEX\/wp-content\/uploads\/2025\/10\/IMG-20251027-WA0031.jpg",698,541,false],"thumbnail":["https:\/\/livingmultimediosde.net.ar\/INDEX\/wp-content\/uploads\/2025\/10\/IMG-20251027-WA0031-150x150.jpg",150,150,true],"medium":["https:\/\/livingmultimediosde.net.ar\/INDEX\/wp-content\/uploads\/2025\/10\/IMG-20251027-WA0031-300x233.jpg",300,233,true],"large":["https:\/\/livingmultimediosde.net.ar\/INDEX\/wp-content\/uploads\/2025\/10\/IMG-20251027-WA0031.jpg",640,496,false],"1536x1536":["https:\/\/livingmultimediosde.net.ar\/INDEX\/wp-content\/uploads\/2025\/10\/IMG-20251027-WA0031.jpg",698,541,false],"2048x2048":["https:\/\/livingmultimediosde.net.ar\/INDEX\/wp-content\/uploads\/2025\/10\/IMG-20251027-WA0031.jpg",698,541,false],"post-thumbnail":["https:\/\/livingmultimediosde.net.ar\/INDEX\/wp-content\/uploads\/2025\/10\/IMG-20251027-WA0031-240x172.jpg",240,172,true]},"rttpg_author":{"display_name":"rober","author_link":"https:\/\/livingmultimediosde.net.ar\/INDEX\/author\/rober\/"},"rttpg_comment":0,"rttpg_category":"<a href=\"https:\/\/livingmultimediosde.net.ar\/INDEX\/category\/noticias\/\" rel=\"category tag\">NOTICIAS<\/a>","rttpg_excerpt":"27.10.25 Los resultados de las \u00faltimas elecciones del 26 del actual, consagraron electa comisionada municipal de Colonia El Simbolar, a Estela del Valle P\u00e9rez. En efecto, el comisionado municipal y presidente de la Junta Departamental del PJ, profesor \u00c1ngel I\u00f1iguez, y la electa comisionada municipal, expresaron al consuno su agradecimiento a la decisi\u00f3n del electorado&hellip;","_links":{"self":[{"href":"https:\/\/livingmultimediosde.net.ar\/INDEX\/wp-json\/wp\/v2\/posts\/16114","targetHints":{"allow":["GET"]}}],"collection":[{"href":"https:\/\/livingmultimediosde.net.ar\/INDEX\/wp-json\/wp\/v2\/posts"}],"about":[{"href":"https:\/\/livingmultimediosde.net.ar\/INDEX\/wp-json\/wp\/v2\/types\/post"}],"author":[{"embeddable":true,"href":"https:\/\/livingmultimediosde.net.ar\/INDEX\/wp-json\/wp\/v2\/users\/1"}],"replies":[{"embeddable":true,"href":"https:\/\/livingmultimediosde.net.ar\/INDEX\/wp-json\/wp\/v2\/comments?post=16114"}],"version-history":[{"count":1,"href":"https:\/\/livingmultimediosde.net.ar\/INDEX\/wp-json\/wp\/v2\/posts\/16114\/revisions"}],"predecessor-version":[{"id":16116,"href":"https:\/\/livingmultimediosde.net.ar\/INDEX\/wp-json\/wp\/v2\/posts\/16114\/revisions\/16116"}],"wp:featuredmedia":[{"embeddable":true,"href":"https:\/\/livingmultimediosde.net.ar\/INDEX\/wp-json\/wp\/v2\/media\/16115"}],"wp:attachment":[{"href":"https:\/\/livingmultimediosde.net.ar\/INDEX\/wp-json\/wp\/v2\/media?parent=16114"}],"wp:term":[{"taxonomy":"category","embeddable":true,"href":"https:\/\/livingmultimediosde.net.ar\/INDEX\/wp-json\/wp\/v2\/categories?post=16114"},{"taxonomy":"post_tag","embeddable":true,"href":"https:\/\/livingmultimediosde.net.ar\/INDEX\/wp-json\/wp\/v2\/tags?post=16114"}],"curies":[{"name":"wp","href":"https:\/\/api.w.org\/{rel}","templated":true}]}}