{"id":16110,"date":"2025-10-27T17:16:40","date_gmt":"2025-10-27T17:16:40","guid":{"rendered":"https:\/\/livingmultimediosde.net.ar\/INDEX\/?p=16110"},"modified":"2025-10-27T17:16:46","modified_gmt":"2025-10-27T17:16:46","slug":"investigan-un-incendio-en-una-alcaidia-de-salta-que-dejo-seis-presos-internados-en-terapia-intensiva","status":"publish","type":"post","link":"https:\/\/livingmultimediosde.net.ar\/INDEX\/2025\/10\/investigan-un-incendio-en-una-alcaidia-de-salta-que-dejo-seis-presos-internados-en-terapia-intensiva\/","title":{"rendered":"Investigan un incendio en una Alcaid\u00eda de Salta que dej\u00f3 seis presos internados en terapia intensiva"},"content":{"rendered":"\n<p class=\"wp-block-paragraph\">El fiscal penal 1, Pablo Paz, investiga un incendio que se desat\u00f3 en la noche del domingo en una Alcaid\u00eda de la provincia de Salta que dej\u00f3 el saldo de 14 internos que debieron ser asistidos con quemaduras y signos de intoxicaci\u00f3n por mon\u00f3xido de carbono, de los cuales seis est\u00e1n internados en terapia intensiva.<\/p>\n\n\n\n<p class=\"wp-block-paragraph\">Paz lleva adelante la pesquisa en la que se busca establecer c\u00f3mo se inici\u00f3 el incendio en el pabell\u00f3n B1 de la Alcaid\u00eda General de la ciudad de Salta y en el cual varios presos resultaron heridos.<\/p>\n\n\n\n<p class=\"wp-block-paragraph\">En el lugar trabajaron personal de Criminal\u00edstica del Cuerpo de Investigaciones Fiscales y de Bomberos de la Polic\u00eda de la provincia, realizando el abordaje de la escena y en procura de todo indicio que permita determinar el origen del foco \u00edgneo.<\/p>\n\n\n\n<p class=\"wp-block-paragraph\">Adem\u00e1s, desde por portal del Ministerio P\u00fablico Fiscal, detallaron que tambi\u00e9n se dio intervenci\u00f3n a Medicina Legal del CIF y de la Polic\u00eda de Salta \u201cpara la revisaci\u00f3n de las personas que resultaron damnificadas y que ya se encontraban hospitalizadas\u201d.<\/p>\n\n\n\n<p class=\"wp-block-paragraph\">El fiscal comunic\u00f3 que 14 internos fueron asistidos, presentando quemaduras y signos de intoxicaci\u00f3n por mon\u00f3xido de carbono. En este marco indic\u00f3 que seis de ellos se encuentran en terapia intensiva, con pron\u00f3stico reservado.<\/p>\n\n\n\n<p class=\"wp-block-paragraph\">\u201cSe encuentran en cumplimiento todas las medidas pertinentes para lograr el esclarecimiento del hecho y que, ante la gravedad de lo sucedido, se girar\u00e1n las actuaciones a la Unidad de Graves Atentados contra las Personas\u201d, sostuvo Paz.<\/p>\n\n\n\n<p class=\"wp-block-paragraph\">Dicha acusaci\u00f3n es en virtud de lo dispuesto por el art\u00edculo 186 inc. 4 del C\u00f3digo Penal, que condena a quien provoque un incendio, poniendo en riesgo de muerte a otras personas.<\/p>\n","protected":false},"excerpt":{"rendered":"<p>El fiscal penal 1, Pablo Paz, investiga un incendio que se desat\u00f3 en la noche del domingo en una Alcaid\u00eda de la provincia de Salta que dej\u00f3 el saldo de 14 internos que debieron ser asistidos con quemaduras y signos de intoxicaci\u00f3n por mon\u00f3xido de carbono, de los cuales seis est\u00e1n internados en terapia intensiva. Paz lleva adelante la pesquisa en la que se busca establecer c\u00f3mo se inici\u00f3 el incendio en el pabell\u00f3n B1 de la Alcaid\u00eda General de la ciudad de Salta y en el cual varios presos&hellip;<\/p>\n","protected":false},"author":1,"featured_media":16111,"comment_status":"closed","ping_status":"closed","sticky":false,"template":"","format":"standard","meta":{"footnotes":""},"categories":[4],"tags":[],"class_list":["post-16110","post","type-post","status-publish","format-standard","has-post-thumbnail","hentry","category-interes-general"],"rttpg_featured_image_url":{"full":["https:\/\/livingmultimediosde.net.ar\/INDEX\/wp-content\/uploads\/2025\/10\/Investigan-un-incendio.webp",960,720,false],"landscape":["https:\/\/livingmultimediosde.net.ar\/INDEX\/wp-content\/uploads\/2025\/10\/Investigan-un-incendio.webp",960,720,false],"portraits":["https:\/\/livingmultimediosde.net.ar\/INDEX\/wp-content\/uploads\/2025\/10\/Investigan-un-incendio.webp",960,720,false],"thumbnail":["https:\/\/livingmultimediosde.net.ar\/INDEX\/wp-content\/uploads\/2025\/10\/Investigan-un-incendio-150x150.webp",150,150,true],"medium":["https:\/\/livingmultimediosde.net.ar\/INDEX\/wp-content\/uploads\/2025\/10\/Investigan-un-incendio-300x225.webp",300,225,true],"large":["https:\/\/livingmultimediosde.net.ar\/INDEX\/wp-content\/uploads\/2025\/10\/Investigan-un-incendio.webp",640,480,false],"1536x1536":["https:\/\/livingmultimediosde.net.ar\/INDEX\/wp-content\/uploads\/2025\/10\/Investigan-un-incendio.webp",960,720,false],"2048x2048":["https:\/\/livingmultimediosde.net.ar\/INDEX\/wp-content\/uploads\/2025\/10\/Investigan-un-incendio.webp",960,720,false],"post-thumbnail":["https:\/\/livingmultimediosde.net.ar\/INDEX\/wp-content\/uploads\/2025\/10\/Investigan-un-incendio-240x172.webp",240,172,true]},"rttpg_author":{"display_name":"rober","author_link":"https:\/\/livingmultimediosde.net.ar\/INDEX\/author\/rober\/"},"rttpg_comment":0,"rttpg_category":"<a href=\"https:\/\/livingmultimediosde.net.ar\/INDEX\/category\/interes-general\/\" rel=\"category tag\">INTERES GENERAL<\/a>","rttpg_excerpt":"El fiscal penal 1, Pablo Paz, investiga un incendio que se desat\u00f3 en la noche del domingo en una Alcaid\u00eda de la provincia de Salta que dej\u00f3 el saldo de 14 internos que debieron ser asistidos con quemaduras y signos de intoxicaci\u00f3n por mon\u00f3xido de carbono, de los cuales seis est\u00e1n internados en terapia intensiva.&hellip;","_links":{"self":[{"href":"https:\/\/livingmultimediosde.net.ar\/INDEX\/wp-json\/wp\/v2\/posts\/16110","targetHints":{"allow":["GET"]}}],"collection":[{"href":"https:\/\/livingmultimediosde.net.ar\/INDEX\/wp-json\/wp\/v2\/posts"}],"about":[{"href":"https:\/\/livingmultimediosde.net.ar\/INDEX\/wp-json\/wp\/v2\/types\/post"}],"author":[{"embeddable":true,"href":"https:\/\/livingmultimediosde.net.ar\/INDEX\/wp-json\/wp\/v2\/users\/1"}],"replies":[{"embeddable":true,"href":"https:\/\/livingmultimediosde.net.ar\/INDEX\/wp-json\/wp\/v2\/comments?post=16110"}],"version-history":[{"count":1,"href":"https:\/\/livingmultimediosde.net.ar\/INDEX\/wp-json\/wp\/v2\/posts\/16110\/revisions"}],"predecessor-version":[{"id":16112,"href":"https:\/\/livingmultimediosde.net.ar\/INDEX\/wp-json\/wp\/v2\/posts\/16110\/revisions\/16112"}],"wp:featuredmedia":[{"embeddable":true,"href":"https:\/\/livingmultimediosde.net.ar\/INDEX\/wp-json\/wp\/v2\/media\/16111"}],"wp:attachment":[{"href":"https:\/\/livingmultimediosde.net.ar\/INDEX\/wp-json\/wp\/v2\/media?parent=16110"}],"wp:term":[{"taxonomy":"category","embeddable":true,"href":"https:\/\/livingmultimediosde.net.ar\/INDEX\/wp-json\/wp\/v2\/categories?post=16110"},{"taxonomy":"post_tag","embeddable":true,"href":"https:\/\/livingmultimediosde.net.ar\/INDEX\/wp-json\/wp\/v2\/tags?post=16110"}],"curies":[{"name":"wp","href":"https:\/\/api.w.org\/{rel}","templated":true}]}}