{"id":16093,"date":"2025-10-27T05:37:20","date_gmt":"2025-10-27T05:37:20","guid":{"rendered":"https:\/\/livingmultimediosde.net.ar\/INDEX\/?p=16093"},"modified":"2025-10-27T05:37:21","modified_gmt":"2025-10-27T05:37:21","slug":"axel-kicillof-dijo-que-el-resultado-fue-muy-ajustado-y-con-una-minima-diferencia-de-05-por-ciento","status":"publish","type":"post","link":"https:\/\/livingmultimediosde.net.ar\/INDEX\/2025\/10\/axel-kicillof-dijo-que-el-resultado-fue-muy-ajustado-y-con-una-minima-diferencia-de-05-por-ciento\/","title":{"rendered":"Axel Kicillof dijo que el resultado fue \u201cmuy ajustado\u201d y con una \u201cm\u00ednima diferencia de 0,5 por ciento\u201d"},"content":{"rendered":"\n<p class=\"wp-block-paragraph\">El gobernador bonaerense, Axel Kicillof, sostuvo hoy que el presidente Javier Milei \u201cse equivoca si festeja que este resultado electoral donde seis de cada diez argentinos han dicho que no est\u00e1n de acuerdo con el modelo que proponen\u201d, y dijo que \u201ctambi\u00e9n se equivoca si pasan por alto la situaci\u00f3n que est\u00e1 atravesando el pueblo donde se han perdido empleos, ha ca\u00eddo la actividad y cierran empresas todos los d\u00edas\u201d.<\/p>\n\n\n\n<p class=\"wp-block-paragraph\">Elecciones 2025: amplio triunfo de La Libertad Avanza en todo el pa\u00eds con batacazo en provincia de Buenos Aires<br>\u201cPor eso, ante esta situaci\u00f3n despu\u00e9s del 7 de septiembre se fue a Estados Unidos a pedirle auxilio y apoyo al presidente (Donald) Trump y esos fondos de inversi\u00f3n. Ni el gobierno de Estados Unidos y el JP Morgan no son sociedades de beneficencia. Si vinieron a la Argentina no es m\u00e1s que para llevarse un lucro y poner en riesgo nuestros recursos\u201d, afirm\u00f3 desde el b\u00fanker de Fuerza Patria en La Plata.<\/p>\n\n\n\n<p class=\"wp-block-paragraph\">Kicillof destac\u00f3 el \u201ctrabajo, esfuerzo, comprensi\u00f3n y generosidad\u201d de la militancia y sostuvo que los resultados en la provincia fueron \u201cmuy ajustados, con una m\u00ednima diferencia de 0,5 por ciento\u201d en contra del peronismo.<\/p>\n\n\n\n<p class=\"wp-block-paragraph\">De todos modos, destac\u00f3 desde el b\u00fanker de Fuerza Patria que \u201cde los 15 diputados que ten\u00edamos para renovar, renovar\u00e1n los 15 y uno m\u00e1s\u201d que ir\u00e1n a \u201cdefender nuestras convicciones al Congreso\u201d.<\/p>\n\n\n\n<p class=\"wp-block-paragraph\">Kicillof estuvo acompa\u00f1ado en el b\u00fanker por los referentes M\u00e1ximo Kirchner y Sergio Massa y por los diputados electoes Jorge Taiana y Juan Grabois, entre otros.<\/p>\n\n\n\n<p class=\"wp-block-paragraph\">La alianza La Libertad Avanza (LLA), con Diego Santilli a la cabeza, se alz\u00f3 hoy con una sorpresiva victoria por sobre Fuerza Patria en Buenos Aires, en una re\u00f1ida elecci\u00f3n por menos de un punto de diferencia.<\/p>\n\n\n\n<p class=\"wp-block-paragraph\">De acuerdo a los resultados oficiales, la lista violeta sac\u00f3 el 41,47 por ciento de los votos, seguido muy de cerca por Fuerza Patria, que llev\u00f3 a Taiana a la cabeza de la lista, con el 40,89 por ciento.<\/p>\n","protected":false},"excerpt":{"rendered":"<p>El gobernador bonaerense, Axel Kicillof, sostuvo hoy que el presidente Javier Milei \u201cse equivoca si festeja que este resultado electoral donde seis de cada diez argentinos han dicho que no est\u00e1n de acuerdo con el modelo que proponen\u201d, y dijo que \u201ctambi\u00e9n se equivoca si pasan por alto la situaci\u00f3n que est\u00e1 atravesando el pueblo donde se han perdido empleos, ha ca\u00eddo la actividad y cierran empresas todos los d\u00edas\u201d. Elecciones 2025: amplio triunfo de La Libertad Avanza en todo el pa\u00eds con batacazo en provincia de Buenos Aires\u201cPor eso,&hellip;<\/p>\n","protected":false},"author":1,"featured_media":16094,"comment_status":"closed","ping_status":"closed","sticky":false,"template":"","format":"standard","meta":{"footnotes":""},"categories":[4],"tags":[],"class_list":["post-16093","post","type-post","status-publish","format-standard","has-post-thumbnail","hentry","category-interes-general"],"rttpg_featured_image_url":{"full":["https:\/\/livingmultimediosde.net.ar\/INDEX\/wp-content\/uploads\/2025\/10\/Axel-Kicillof.webp",1017,720,false],"landscape":["https:\/\/livingmultimediosde.net.ar\/INDEX\/wp-content\/uploads\/2025\/10\/Axel-Kicillof.webp",1017,720,false],"portraits":["https:\/\/livingmultimediosde.net.ar\/INDEX\/wp-content\/uploads\/2025\/10\/Axel-Kicillof.webp",1017,720,false],"thumbnail":["https:\/\/livingmultimediosde.net.ar\/INDEX\/wp-content\/uploads\/2025\/10\/Axel-Kicillof-150x150.webp",150,150,true],"medium":["https:\/\/livingmultimediosde.net.ar\/INDEX\/wp-content\/uploads\/2025\/10\/Axel-Kicillof-300x212.webp",300,212,true],"large":["https:\/\/livingmultimediosde.net.ar\/INDEX\/wp-content\/uploads\/2025\/10\/Axel-Kicillof.webp",640,453,false],"1536x1536":["https:\/\/livingmultimediosde.net.ar\/INDEX\/wp-content\/uploads\/2025\/10\/Axel-Kicillof.webp",1017,720,false],"2048x2048":["https:\/\/livingmultimediosde.net.ar\/INDEX\/wp-content\/uploads\/2025\/10\/Axel-Kicillof.webp",1017,720,false],"post-thumbnail":["https:\/\/livingmultimediosde.net.ar\/INDEX\/wp-content\/uploads\/2025\/10\/Axel-Kicillof-240x172.webp",240,172,true]},"rttpg_author":{"display_name":"rober","author_link":"https:\/\/livingmultimediosde.net.ar\/INDEX\/author\/rober\/"},"rttpg_comment":0,"rttpg_category":"<a href=\"https:\/\/livingmultimediosde.net.ar\/INDEX\/category\/interes-general\/\" rel=\"category tag\">INTERES GENERAL<\/a>","rttpg_excerpt":"El gobernador bonaerense, Axel Kicillof, sostuvo hoy que el presidente Javier Milei \u201cse equivoca si festeja que este resultado electoral donde seis de cada diez argentinos han dicho que no est\u00e1n de acuerdo con el modelo que proponen\u201d, y dijo que \u201ctambi\u00e9n se equivoca si pasan por alto la situaci\u00f3n que est\u00e1 atravesando el pueblo&hellip;","_links":{"self":[{"href":"https:\/\/livingmultimediosde.net.ar\/INDEX\/wp-json\/wp\/v2\/posts\/16093","targetHints":{"allow":["GET"]}}],"collection":[{"href":"https:\/\/livingmultimediosde.net.ar\/INDEX\/wp-json\/wp\/v2\/posts"}],"about":[{"href":"https:\/\/livingmultimediosde.net.ar\/INDEX\/wp-json\/wp\/v2\/types\/post"}],"author":[{"embeddable":true,"href":"https:\/\/livingmultimediosde.net.ar\/INDEX\/wp-json\/wp\/v2\/users\/1"}],"replies":[{"embeddable":true,"href":"https:\/\/livingmultimediosde.net.ar\/INDEX\/wp-json\/wp\/v2\/comments?post=16093"}],"version-history":[{"count":1,"href":"https:\/\/livingmultimediosde.net.ar\/INDEX\/wp-json\/wp\/v2\/posts\/16093\/revisions"}],"predecessor-version":[{"id":16095,"href":"https:\/\/livingmultimediosde.net.ar\/INDEX\/wp-json\/wp\/v2\/posts\/16093\/revisions\/16095"}],"wp:featuredmedia":[{"embeddable":true,"href":"https:\/\/livingmultimediosde.net.ar\/INDEX\/wp-json\/wp\/v2\/media\/16094"}],"wp:attachment":[{"href":"https:\/\/livingmultimediosde.net.ar\/INDEX\/wp-json\/wp\/v2\/media?parent=16093"}],"wp:term":[{"taxonomy":"category","embeddable":true,"href":"https:\/\/livingmultimediosde.net.ar\/INDEX\/wp-json\/wp\/v2\/categories?post=16093"},{"taxonomy":"post_tag","embeddable":true,"href":"https:\/\/livingmultimediosde.net.ar\/INDEX\/wp-json\/wp\/v2\/tags?post=16093"}],"curies":[{"name":"wp","href":"https:\/\/api.w.org\/{rel}","templated":true}]}}