{"id":16084,"date":"2025-10-27T05:26:06","date_gmt":"2025-10-27T05:26:06","guid":{"rendered":"https:\/\/livingmultimediosde.net.ar\/INDEX\/?p=16084"},"modified":"2025-10-27T05:26:09","modified_gmt":"2025-10-27T05:26:09","slug":"la-intendente-fuentes-destaco-el-acompanamiento-que-tuvo-el-proyecto-inclusivo-y-de-progreso-del-frente-civico","status":"publish","type":"post","link":"https:\/\/livingmultimediosde.net.ar\/INDEX\/2025\/10\/la-intendente-fuentes-destaco-el-acompanamiento-que-tuvo-el-proyecto-inclusivo-y-de-progreso-del-frente-civico\/","title":{"rendered":"LA INTENDENTE FUENTES DESTAC\u00d3 EL ACOMPA\u00d1AMIENTO QUE TUVO EL PROYECTO INCLUSIVO Y DE PROGRESO DEL FRENTE C\u00cdVICO"},"content":{"rendered":"\n<p class=\"wp-block-paragraph\">La intendente de la Capital, Ing. Norma Fuentes, destac\u00f3 que una vez m\u00e1s el proyecto pol\u00edtico del Frente C\u00edvico que contiene a los santiague\u00f1os ha sido ratificado con el triunfo de la f\u00f3rmula de El\u00edas Su\u00e1rez y Carlos Silva Neder, y con la elecci\u00f3n como senador nacional de Gerardo Zamora.<br>\u00abLos comprovincianos han acompa\u00f1ado la continuidad de este proyecto inclusivo y que busca desarrollar la provincia, en esta oportunidad con un 70% de adhesi\u00f3n\u00bb, indic\u00f3.<br>\u00abEl\u00edas Su\u00e1rez es una persona que ha trabajado siempre a la par del gobernador; asi que estaremos todos acompa\u00f1ando y trabajando una vez m\u00e1s por lo que entendemos es una construcci\u00f3n colectiva\u00bb<br>\u00abLos n\u00fameros de esta elecci\u00f3n hablan de un acompa\u00f1amiento muy grande de la sociedad y eso trae siempre mayor responsabilidad, El\u00edas Su\u00e1rez y Carlos Silva Neder est\u00e1n a la altura de las circunstancias para construir este Santiago que todos ambicionamos\u00bb.<\/p>\n","protected":false},"excerpt":{"rendered":"<p>La intendente de la Capital, Ing. Norma Fuentes, destac\u00f3 que una vez m\u00e1s el proyecto pol\u00edtico del Frente C\u00edvico que contiene a los santiague\u00f1os ha sido ratificado con el triunfo de la f\u00f3rmula de El\u00edas Su\u00e1rez y Carlos Silva Neder, y con la elecci\u00f3n como senador nacional de Gerardo Zamora.\u00abLos comprovincianos han acompa\u00f1ado la continuidad de este proyecto inclusivo y que busca desarrollar la provincia, en esta oportunidad con un 70% de adhesi\u00f3n\u00bb, indic\u00f3.\u00abEl\u00edas Su\u00e1rez es una persona que ha trabajado siempre a la par del gobernador; asi que estaremos&hellip;<\/p>\n","protected":false},"author":1,"featured_media":16085,"comment_status":"closed","ping_status":"closed","sticky":false,"template":"","format":"standard","meta":{"footnotes":""},"categories":[9],"tags":[],"class_list":["post-16084","post","type-post","status-publish","format-standard","has-post-thumbnail","hentry","category-noticias"],"rttpg_featured_image_url":{"full":["https:\/\/livingmultimediosde.net.ar\/INDEX\/wp-content\/uploads\/2025\/10\/triunfo.jpeg",900,689,false],"landscape":["https:\/\/livingmultimediosde.net.ar\/INDEX\/wp-content\/uploads\/2025\/10\/triunfo.jpeg",900,689,false],"portraits":["https:\/\/livingmultimediosde.net.ar\/INDEX\/wp-content\/uploads\/2025\/10\/triunfo.jpeg",900,689,false],"thumbnail":["https:\/\/livingmultimediosde.net.ar\/INDEX\/wp-content\/uploads\/2025\/10\/triunfo-150x150.jpeg",150,150,true],"medium":["https:\/\/livingmultimediosde.net.ar\/INDEX\/wp-content\/uploads\/2025\/10\/triunfo-300x230.jpeg",300,230,true],"large":["https:\/\/livingmultimediosde.net.ar\/INDEX\/wp-content\/uploads\/2025\/10\/triunfo.jpeg",640,490,false],"1536x1536":["https:\/\/livingmultimediosde.net.ar\/INDEX\/wp-content\/uploads\/2025\/10\/triunfo.jpeg",900,689,false],"2048x2048":["https:\/\/livingmultimediosde.net.ar\/INDEX\/wp-content\/uploads\/2025\/10\/triunfo.jpeg",900,689,false],"post-thumbnail":["https:\/\/livingmultimediosde.net.ar\/INDEX\/wp-content\/uploads\/2025\/10\/triunfo-240x172.jpeg",240,172,true]},"rttpg_author":{"display_name":"rober","author_link":"https:\/\/livingmultimediosde.net.ar\/INDEX\/author\/rober\/"},"rttpg_comment":0,"rttpg_category":"<a href=\"https:\/\/livingmultimediosde.net.ar\/INDEX\/category\/noticias\/\" rel=\"category tag\">NOTICIAS<\/a>","rttpg_excerpt":"La intendente de la Capital, Ing. Norma Fuentes, destac\u00f3 que una vez m\u00e1s el proyecto pol\u00edtico del Frente C\u00edvico que contiene a los santiague\u00f1os ha sido ratificado con el triunfo de la f\u00f3rmula de El\u00edas Su\u00e1rez y Carlos Silva Neder, y con la elecci\u00f3n como senador nacional de Gerardo Zamora.\u00abLos comprovincianos han acompa\u00f1ado la continuidad&hellip;","_links":{"self":[{"href":"https:\/\/livingmultimediosde.net.ar\/INDEX\/wp-json\/wp\/v2\/posts\/16084","targetHints":{"allow":["GET"]}}],"collection":[{"href":"https:\/\/livingmultimediosde.net.ar\/INDEX\/wp-json\/wp\/v2\/posts"}],"about":[{"href":"https:\/\/livingmultimediosde.net.ar\/INDEX\/wp-json\/wp\/v2\/types\/post"}],"author":[{"embeddable":true,"href":"https:\/\/livingmultimediosde.net.ar\/INDEX\/wp-json\/wp\/v2\/users\/1"}],"replies":[{"embeddable":true,"href":"https:\/\/livingmultimediosde.net.ar\/INDEX\/wp-json\/wp\/v2\/comments?post=16084"}],"version-history":[{"count":1,"href":"https:\/\/livingmultimediosde.net.ar\/INDEX\/wp-json\/wp\/v2\/posts\/16084\/revisions"}],"predecessor-version":[{"id":16086,"href":"https:\/\/livingmultimediosde.net.ar\/INDEX\/wp-json\/wp\/v2\/posts\/16084\/revisions\/16086"}],"wp:featuredmedia":[{"embeddable":true,"href":"https:\/\/livingmultimediosde.net.ar\/INDEX\/wp-json\/wp\/v2\/media\/16085"}],"wp:attachment":[{"href":"https:\/\/livingmultimediosde.net.ar\/INDEX\/wp-json\/wp\/v2\/media?parent=16084"}],"wp:term":[{"taxonomy":"category","embeddable":true,"href":"https:\/\/livingmultimediosde.net.ar\/INDEX\/wp-json\/wp\/v2\/categories?post=16084"},{"taxonomy":"post_tag","embeddable":true,"href":"https:\/\/livingmultimediosde.net.ar\/INDEX\/wp-json\/wp\/v2\/tags?post=16084"}],"curies":[{"name":"wp","href":"https:\/\/api.w.org\/{rel}","templated":true}]}}