{"id":16078,"date":"2025-10-26T19:48:26","date_gmt":"2025-10-26T19:48:26","guid":{"rendered":"https:\/\/livingmultimediosde.net.ar\/INDEX\/?p=16078"},"modified":"2025-10-26T19:48:31","modified_gmt":"2025-10-26T19:48:31","slug":"la-intendente-fuentes-destaco-la-jornada-civica-de-este-domingo-como-la-mejormanera-de-consolidar-la-democracia","status":"publish","type":"post","link":"https:\/\/livingmultimediosde.net.ar\/INDEX\/2025\/10\/la-intendente-fuentes-destaco-la-jornada-civica-de-este-domingo-como-la-mejormanera-de-consolidar-la-democracia\/","title":{"rendered":"La intendente Fuentes destac\u00f3 la jornada c\u00edvica de este domingo como la mejormanera de consolidar la democracia"},"content":{"rendered":"\n<p class=\"wp-block-paragraph\">La intendente de la Capital, Ing. Norma Fuentes, destac\u00f3 la participaci\u00f3n de los<br>santiague\u00f1os en esta \u00abverdadera fiesta de la democracia en la cual es importante que<br>podamos expresarnos en las urnas porque nos permite convalidar democr\u00e1ticamente<br>lo que elige la sociedad\u00bb.<br>Remarc\u00f3 que estas elecciones son trascendentes para la provincia porque se eligen el<br>nuevo gobernador y los diputados; y a nivel nacional la representaci\u00f3n que tendr\u00e1<br>Santiago del Estero en el Congreso de la Naci\u00f3n.<br>Respecto de la primera experiencia con la Boleta \u00danica de Papel, la intendente Indic\u00f3<br>que se trabaj\u00f3 fuertemente para difundir la nueva modalidad de votaci\u00f3n para que<br>todos puedan ejercer su derecho c\u00edvico sin inconvenientes, mientras que en esta<br>jornada tambi\u00e9n es importante el trabajo de los presidentes de mesa para que los<br>electores voten correctamente.<br>La jefa comunal ejerci\u00f3 el sufragio en la escuela Mart\u00edn Uriondo del barrio<br>Independencia.<\/p>\n","protected":false},"excerpt":{"rendered":"<p>La intendente de la Capital, Ing. Norma Fuentes, destac\u00f3 la participaci\u00f3n de lossantiague\u00f1os en esta \u00abverdadera fiesta de la democracia en la cual es importante quepodamos expresarnos en las urnas porque nos permite convalidar democr\u00e1ticamentelo que elige la sociedad\u00bb.Remarc\u00f3 que estas elecciones son trascendentes para la provincia porque se eligen elnuevo gobernador y los diputados; y a nivel nacional la representaci\u00f3n que tendr\u00e1Santiago del Estero en el Congreso de la Naci\u00f3n.Respecto de la primera experiencia con la Boleta \u00danica de Papel, la intendente Indic\u00f3que se trabaj\u00f3 fuertemente para difundir la&hellip;<\/p>\n","protected":false},"author":1,"featured_media":16079,"comment_status":"closed","ping_status":"closed","sticky":false,"template":"","format":"standard","meta":{"footnotes":""},"categories":[9],"tags":[],"class_list":["post-16078","post","type-post","status-publish","format-standard","has-post-thumbnail","hentry","category-noticias"],"rttpg_featured_image_url":{"full":["https:\/\/livingmultimediosde.net.ar\/INDEX\/wp-content\/uploads\/2025\/10\/voto-scaled.jpeg",2560,1791,false],"landscape":["https:\/\/livingmultimediosde.net.ar\/INDEX\/wp-content\/uploads\/2025\/10\/voto-scaled.jpeg",2560,1791,false],"portraits":["https:\/\/livingmultimediosde.net.ar\/INDEX\/wp-content\/uploads\/2025\/10\/voto-scaled.jpeg",2560,1791,false],"thumbnail":["https:\/\/livingmultimediosde.net.ar\/INDEX\/wp-content\/uploads\/2025\/10\/voto-150x150.jpeg",150,150,true],"medium":["https:\/\/livingmultimediosde.net.ar\/INDEX\/wp-content\/uploads\/2025\/10\/voto-300x210.jpeg",300,210,true],"large":["https:\/\/livingmultimediosde.net.ar\/INDEX\/wp-content\/uploads\/2025\/10\/voto-1024x716.jpeg",640,448,true],"1536x1536":["https:\/\/livingmultimediosde.net.ar\/INDEX\/wp-content\/uploads\/2025\/10\/voto-1536x1074.jpeg",1536,1074,true],"2048x2048":["https:\/\/livingmultimediosde.net.ar\/INDEX\/wp-content\/uploads\/2025\/10\/voto-2048x1433.jpeg",2048,1433,true],"post-thumbnail":["https:\/\/livingmultimediosde.net.ar\/INDEX\/wp-content\/uploads\/2025\/10\/voto-240x172.jpeg",240,172,true]},"rttpg_author":{"display_name":"rober","author_link":"https:\/\/livingmultimediosde.net.ar\/INDEX\/author\/rober\/"},"rttpg_comment":0,"rttpg_category":"<a href=\"https:\/\/livingmultimediosde.net.ar\/INDEX\/category\/noticias\/\" rel=\"category tag\">NOTICIAS<\/a>","rttpg_excerpt":"La intendente de la Capital, Ing. Norma Fuentes, destac\u00f3 la participaci\u00f3n de lossantiague\u00f1os en esta \u00abverdadera fiesta de la democracia en la cual es importante quepodamos expresarnos en las urnas porque nos permite convalidar democr\u00e1ticamentelo que elige la sociedad\u00bb.Remarc\u00f3 que estas elecciones son trascendentes para la provincia porque se eligen elnuevo gobernador y los diputados;&hellip;","_links":{"self":[{"href":"https:\/\/livingmultimediosde.net.ar\/INDEX\/wp-json\/wp\/v2\/posts\/16078","targetHints":{"allow":["GET"]}}],"collection":[{"href":"https:\/\/livingmultimediosde.net.ar\/INDEX\/wp-json\/wp\/v2\/posts"}],"about":[{"href":"https:\/\/livingmultimediosde.net.ar\/INDEX\/wp-json\/wp\/v2\/types\/post"}],"author":[{"embeddable":true,"href":"https:\/\/livingmultimediosde.net.ar\/INDEX\/wp-json\/wp\/v2\/users\/1"}],"replies":[{"embeddable":true,"href":"https:\/\/livingmultimediosde.net.ar\/INDEX\/wp-json\/wp\/v2\/comments?post=16078"}],"version-history":[{"count":1,"href":"https:\/\/livingmultimediosde.net.ar\/INDEX\/wp-json\/wp\/v2\/posts\/16078\/revisions"}],"predecessor-version":[{"id":16080,"href":"https:\/\/livingmultimediosde.net.ar\/INDEX\/wp-json\/wp\/v2\/posts\/16078\/revisions\/16080"}],"wp:featuredmedia":[{"embeddable":true,"href":"https:\/\/livingmultimediosde.net.ar\/INDEX\/wp-json\/wp\/v2\/media\/16079"}],"wp:attachment":[{"href":"https:\/\/livingmultimediosde.net.ar\/INDEX\/wp-json\/wp\/v2\/media?parent=16078"}],"wp:term":[{"taxonomy":"category","embeddable":true,"href":"https:\/\/livingmultimediosde.net.ar\/INDEX\/wp-json\/wp\/v2\/categories?post=16078"},{"taxonomy":"post_tag","embeddable":true,"href":"https:\/\/livingmultimediosde.net.ar\/INDEX\/wp-json\/wp\/v2\/tags?post=16078"}],"curies":[{"name":"wp","href":"https:\/\/api.w.org\/{rel}","templated":true}]}}