{"id":16075,"date":"2025-10-26T19:43:28","date_gmt":"2025-10-26T19:43:28","guid":{"rendered":"https:\/\/livingmultimediosde.net.ar\/INDEX\/?p=16075"},"modified":"2025-10-26T19:43:32","modified_gmt":"2025-10-26T19:43:32","slug":"santillan-el-santiago-del-estero-que-esperamos-para-el-futuro-sigue-siendo-de-crecimiento-y-de-grandeza-para-toda-nuestra-gente","status":"publish","type":"post","link":"https:\/\/livingmultimediosde.net.ar\/INDEX\/2025\/10\/santillan-el-santiago-del-estero-que-esperamos-para-el-futuro-sigue-siendo-de-crecimiento-y-de-grandeza-para-toda-nuestra-gente\/","title":{"rendered":"Santill\u00e1n: \u201cEl Santiago del Estero, que esperamos para el futuro, sigue siendo de crecimiento y de grandeza para toda nuestra gente\u201d"},"content":{"rendered":"\n<p class=\"wp-block-paragraph\">Sobre la participaci\u00f3n de la gente al acto comicial proyect\u00f3 que \u201cestamos seguros que vamos a llegar y pasar posiblemente el 60%\u201d. El presidente del H. Concejo Deliberante de la Capital, Humberto Santill\u00e1n, emiti\u00f3 su voto al mediod\u00eda en el Jard\u00edn de Infantes 919, Barrio Parque del R\u00edo Uno, Mesa 852, Orden 77. En di\u00e1logo con la prensa se\u00f1al\u00f3 que \u201chay bastante movimiento en la ciudad, en un clima bastante tranquilo, como as\u00ed en el establecimiento donde me toc\u00f3 votar con una gran afluencia\u201d, remarc\u00f3.<\/p>\n\n\n\n<p class=\"wp-block-paragraph\">Puntualiz\u00f3 que \u201cno hay demasiada cola en las mesas, el desarrollo es fluido, o sea, se est\u00e1 votando de manera f\u00e1cil y ordenadamente, as\u00ed que la estamos viviendo muy bien y nos vamos a seguir trabajando hasta que despu\u00e9s de las 18 horas podamos esperar los resultados definitivos. Por supuesto, de mi parte, con gran optimismo por los informes previos que estamos teniendo acerca del resultado\u201d.<\/p>\n\n\n\n<p class=\"wp-block-paragraph\">Valor\u00f3 el acto comicial enmarc\u00e1ndolo en \u201c20 a\u00f1os de un proceso muy especial que se vive en Santiago del Estero. Un proceso de cambio, de transformaci\u00f3n, de crecimiento, y la verdad que sentimos en la calle el apoyo de la gente hasta esta propuesta\u201d.<\/p>\n\n\n\n<p class=\"wp-block-paragraph\">A\u00f1adi\u00f3 que \u201ca pesar de que cambian los nombres, el proyecto es el mismo. El Santiago del Estero, que esperamos para el futuro, sigue siendo de crecimiento y de grandeza para toda nuestra gente\u201d.<\/p>\n\n\n\n<p class=\"wp-block-paragraph\">Requerido Santill\u00e1n sobre el desenvolvimiento de las elecciones indic\u00f3 que \u201ccomenz\u00f3 un poco lento, pero a las nueve de la ma\u00f1ana ya estaban casi todas las mesas abiertas, y lentamente ha ido creciendo el flujo de los votantes. Con el cambio de sistema, entraron m\u00e1s mesas, m\u00e1s escuelas, m\u00e1s fiscales. Por supuesto, se incrementaron aqu\u00ed en este circuito donde yo trabajo y voto, se incrementaron 110 mesas m\u00e1s, eso significa que son 70% m\u00e1s de establecimientos\u201d.<\/p>\n\n\n\n<p class=\"wp-block-paragraph\">Sobre la participaci\u00f3n de la gente al acto comicial proyect\u00f3 que \u201cestamos seguros que vamos a llegar y pasar posiblemente el 60%\u201d.<\/p>\n","protected":false},"excerpt":{"rendered":"<p>Sobre la participaci\u00f3n de la gente al acto comicial proyect\u00f3 que \u201cestamos seguros que vamos a llegar y pasar posiblemente el 60%\u201d. El presidente del H. Concejo Deliberante de la Capital, Humberto Santill\u00e1n, emiti\u00f3 su voto al mediod\u00eda en el Jard\u00edn de Infantes 919, Barrio Parque del R\u00edo Uno, Mesa 852, Orden 77. En di\u00e1logo con la prensa se\u00f1al\u00f3 que \u201chay bastante movimiento en la ciudad, en un clima bastante tranquilo, como as\u00ed en el establecimiento donde me toc\u00f3 votar con una gran afluencia\u201d, remarc\u00f3. Puntualiz\u00f3 que \u201cno hay demasiada&hellip;<\/p>\n","protected":false},"author":1,"featured_media":16076,"comment_status":"closed","ping_status":"closed","sticky":false,"template":"","format":"standard","meta":{"footnotes":""},"categories":[9],"tags":[],"class_list":["post-16075","post","type-post","status-publish","format-standard","has-post-thumbnail","hentry","category-noticias"],"rttpg_featured_image_url":{"full":["https:\/\/livingmultimediosde.net.ar\/INDEX\/wp-content\/uploads\/2025\/10\/foto-santillan-768x346-1.jpg",768,346,false],"landscape":["https:\/\/livingmultimediosde.net.ar\/INDEX\/wp-content\/uploads\/2025\/10\/foto-santillan-768x346-1.jpg",768,346,false],"portraits":["https:\/\/livingmultimediosde.net.ar\/INDEX\/wp-content\/uploads\/2025\/10\/foto-santillan-768x346-1.jpg",768,346,false],"thumbnail":["https:\/\/livingmultimediosde.net.ar\/INDEX\/wp-content\/uploads\/2025\/10\/foto-santillan-768x346-1-150x150.jpg",150,150,true],"medium":["https:\/\/livingmultimediosde.net.ar\/INDEX\/wp-content\/uploads\/2025\/10\/foto-santillan-768x346-1-300x135.jpg",300,135,true],"large":["https:\/\/livingmultimediosde.net.ar\/INDEX\/wp-content\/uploads\/2025\/10\/foto-santillan-768x346-1.jpg",640,288,false],"1536x1536":["https:\/\/livingmultimediosde.net.ar\/INDEX\/wp-content\/uploads\/2025\/10\/foto-santillan-768x346-1.jpg",768,346,false],"2048x2048":["https:\/\/livingmultimediosde.net.ar\/INDEX\/wp-content\/uploads\/2025\/10\/foto-santillan-768x346-1.jpg",768,346,false],"post-thumbnail":["https:\/\/livingmultimediosde.net.ar\/INDEX\/wp-content\/uploads\/2025\/10\/foto-santillan-768x346-1-240x172.jpg",240,172,true]},"rttpg_author":{"display_name":"rober","author_link":"https:\/\/livingmultimediosde.net.ar\/INDEX\/author\/rober\/"},"rttpg_comment":0,"rttpg_category":"<a href=\"https:\/\/livingmultimediosde.net.ar\/INDEX\/category\/noticias\/\" rel=\"category tag\">NOTICIAS<\/a>","rttpg_excerpt":"Sobre la participaci\u00f3n de la gente al acto comicial proyect\u00f3 que \u201cestamos seguros que vamos a llegar y pasar posiblemente el 60%\u201d. El presidente del H. Concejo Deliberante de la Capital, Humberto Santill\u00e1n, emiti\u00f3 su voto al mediod\u00eda en el Jard\u00edn de Infantes 919, Barrio Parque del R\u00edo Uno, Mesa 852, Orden 77. En di\u00e1logo&hellip;","_links":{"self":[{"href":"https:\/\/livingmultimediosde.net.ar\/INDEX\/wp-json\/wp\/v2\/posts\/16075","targetHints":{"allow":["GET"]}}],"collection":[{"href":"https:\/\/livingmultimediosde.net.ar\/INDEX\/wp-json\/wp\/v2\/posts"}],"about":[{"href":"https:\/\/livingmultimediosde.net.ar\/INDEX\/wp-json\/wp\/v2\/types\/post"}],"author":[{"embeddable":true,"href":"https:\/\/livingmultimediosde.net.ar\/INDEX\/wp-json\/wp\/v2\/users\/1"}],"replies":[{"embeddable":true,"href":"https:\/\/livingmultimediosde.net.ar\/INDEX\/wp-json\/wp\/v2\/comments?post=16075"}],"version-history":[{"count":1,"href":"https:\/\/livingmultimediosde.net.ar\/INDEX\/wp-json\/wp\/v2\/posts\/16075\/revisions"}],"predecessor-version":[{"id":16077,"href":"https:\/\/livingmultimediosde.net.ar\/INDEX\/wp-json\/wp\/v2\/posts\/16075\/revisions\/16077"}],"wp:featuredmedia":[{"embeddable":true,"href":"https:\/\/livingmultimediosde.net.ar\/INDEX\/wp-json\/wp\/v2\/media\/16076"}],"wp:attachment":[{"href":"https:\/\/livingmultimediosde.net.ar\/INDEX\/wp-json\/wp\/v2\/media?parent=16075"}],"wp:term":[{"taxonomy":"category","embeddable":true,"href":"https:\/\/livingmultimediosde.net.ar\/INDEX\/wp-json\/wp\/v2\/categories?post=16075"},{"taxonomy":"post_tag","embeddable":true,"href":"https:\/\/livingmultimediosde.net.ar\/INDEX\/wp-json\/wp\/v2\/tags?post=16075"}],"curies":[{"name":"wp","href":"https:\/\/api.w.org\/{rel}","templated":true}]}}