{"id":16072,"date":"2025-10-26T18:32:33","date_gmt":"2025-10-26T18:32:33","guid":{"rendered":"https:\/\/livingmultimediosde.net.ar\/INDEX\/?p=16072"},"modified":"2025-10-26T18:33:03","modified_gmt":"2025-10-26T18:33:03","slug":"la-senadora-claudia-zamora-destaco-la-participacion-de-los-jovenes","status":"publish","type":"post","link":"https:\/\/livingmultimediosde.net.ar\/INDEX\/2025\/10\/la-senadora-claudia-zamora-destaco-la-participacion-de-los-jovenes\/","title":{"rendered":"LA SENADORA CLAUDIA ZAMORA DESTAC\u00d3 LA PARTICIPACI\u00d3N DE LOS J\u00d3VENES"},"content":{"rendered":"\n<p class=\"wp-block-paragraph\">La senadora Claudia Ledesma Abdala de Zamora emiti\u00f3 su voto en la mesa 1.843 del Colegio Secundario Banda, oportunidad en la que destac\u00f3 la participaci\u00f3n y el entusiasmo de j\u00f3venes en la jornada electoral.<br>Tras sufragar, la legisladora resalt\u00f3 la importancia de la elecci\u00f3n. \u00abTenemos la posibilidad todos los ciudadanos de elegir quienes nos van a representar por estos pr\u00f3ximos cuatro a\u00f1os en la provincia, y a nivel nacional en el Senado y como en Diputados, quienes van a defender el federalismo y los derechos de nuestra provincia\u00bb, dijo.<br>En cuanto al nuevo sistema de votaci\u00f3n, elogi\u00f3 las instancias de capacitaci\u00f3n que permitieron que los comicios se desarrollen con normalidad y expres\u00f3: \u00abLa gente est\u00e1 muy bien instruida al respecto\u00bb.<br>Al final celebr\u00f3 la participaci\u00f3n de la juventud y dijo: \u00abDos de nuestros hijos han votado por primera vez, Valentino y Nazareno, y lo han hecho muy bien y he visto mucha juventud tambi\u00e9n, con una serenidad y una rapidez que se logr\u00f3 por las capacitaciones. Es fundamental que los j\u00f3venes se involucren en lo cotidiano y en la vida pol\u00edtica porque ellos son el futuro\u00bb.<\/p>\n","protected":false},"excerpt":{"rendered":"<p>La senadora Claudia Ledesma Abdala de Zamora emiti\u00f3 su voto en la mesa 1.843 del Colegio Secundario Banda, oportunidad en la que destac\u00f3 la participaci\u00f3n y el entusiasmo de j\u00f3venes en la jornada electoral.Tras sufragar, la legisladora resalt\u00f3 la importancia de la elecci\u00f3n. \u00abTenemos la posibilidad todos los ciudadanos de elegir quienes nos van a representar por estos pr\u00f3ximos cuatro a\u00f1os en la provincia, y a nivel nacional en el Senado y como en Diputados, quienes van a defender el federalismo y los derechos de nuestra provincia\u00bb, dijo.En cuanto al&hellip;<\/p>\n","protected":false},"author":1,"featured_media":16073,"comment_status":"closed","ping_status":"closed","sticky":false,"template":"","format":"standard","meta":{"footnotes":""},"categories":[9],"tags":[],"class_list":["post-16072","post","type-post","status-publish","format-standard","has-post-thumbnail","hentry","category-noticias"],"rttpg_featured_image_url":{"full":["https:\/\/livingmultimediosde.net.ar\/INDEX\/wp-content\/uploads\/2025\/10\/IMG-20251026-WA0012.jpg",2560,1706,false],"landscape":["https:\/\/livingmultimediosde.net.ar\/INDEX\/wp-content\/uploads\/2025\/10\/IMG-20251026-WA0012.jpg",2560,1706,false],"portraits":["https:\/\/livingmultimediosde.net.ar\/INDEX\/wp-content\/uploads\/2025\/10\/IMG-20251026-WA0012.jpg",2560,1706,false],"thumbnail":["https:\/\/livingmultimediosde.net.ar\/INDEX\/wp-content\/uploads\/2025\/10\/IMG-20251026-WA0012-150x150.jpg",150,150,true],"medium":["https:\/\/livingmultimediosde.net.ar\/INDEX\/wp-content\/uploads\/2025\/10\/IMG-20251026-WA0012-300x200.jpg",300,200,true],"large":["https:\/\/livingmultimediosde.net.ar\/INDEX\/wp-content\/uploads\/2025\/10\/IMG-20251026-WA0012-1024x682.jpg",640,426,true],"1536x1536":["https:\/\/livingmultimediosde.net.ar\/INDEX\/wp-content\/uploads\/2025\/10\/IMG-20251026-WA0012-1536x1024.jpg",1536,1024,true],"2048x2048":["https:\/\/livingmultimediosde.net.ar\/INDEX\/wp-content\/uploads\/2025\/10\/IMG-20251026-WA0012-2048x1365.jpg",2048,1365,true],"post-thumbnail":["https:\/\/livingmultimediosde.net.ar\/INDEX\/wp-content\/uploads\/2025\/10\/IMG-20251026-WA0012-240x172.jpg",240,172,true]},"rttpg_author":{"display_name":"rober","author_link":"https:\/\/livingmultimediosde.net.ar\/INDEX\/author\/rober\/"},"rttpg_comment":0,"rttpg_category":"<a href=\"https:\/\/livingmultimediosde.net.ar\/INDEX\/category\/noticias\/\" rel=\"category tag\">NOTICIAS<\/a>","rttpg_excerpt":"La senadora Claudia Ledesma Abdala de Zamora emiti\u00f3 su voto en la mesa 1.843 del Colegio Secundario Banda, oportunidad en la que destac\u00f3 la participaci\u00f3n y el entusiasmo de j\u00f3venes en la jornada electoral.Tras sufragar, la legisladora resalt\u00f3 la importancia de la elecci\u00f3n. \u00abTenemos la posibilidad todos los ciudadanos de elegir quienes nos van a&hellip;","_links":{"self":[{"href":"https:\/\/livingmultimediosde.net.ar\/INDEX\/wp-json\/wp\/v2\/posts\/16072","targetHints":{"allow":["GET"]}}],"collection":[{"href":"https:\/\/livingmultimediosde.net.ar\/INDEX\/wp-json\/wp\/v2\/posts"}],"about":[{"href":"https:\/\/livingmultimediosde.net.ar\/INDEX\/wp-json\/wp\/v2\/types\/post"}],"author":[{"embeddable":true,"href":"https:\/\/livingmultimediosde.net.ar\/INDEX\/wp-json\/wp\/v2\/users\/1"}],"replies":[{"embeddable":true,"href":"https:\/\/livingmultimediosde.net.ar\/INDEX\/wp-json\/wp\/v2\/comments?post=16072"}],"version-history":[{"count":1,"href":"https:\/\/livingmultimediosde.net.ar\/INDEX\/wp-json\/wp\/v2\/posts\/16072\/revisions"}],"predecessor-version":[{"id":16074,"href":"https:\/\/livingmultimediosde.net.ar\/INDEX\/wp-json\/wp\/v2\/posts\/16072\/revisions\/16074"}],"wp:featuredmedia":[{"embeddable":true,"href":"https:\/\/livingmultimediosde.net.ar\/INDEX\/wp-json\/wp\/v2\/media\/16073"}],"wp:attachment":[{"href":"https:\/\/livingmultimediosde.net.ar\/INDEX\/wp-json\/wp\/v2\/media?parent=16072"}],"wp:term":[{"taxonomy":"category","embeddable":true,"href":"https:\/\/livingmultimediosde.net.ar\/INDEX\/wp-json\/wp\/v2\/categories?post=16072"},{"taxonomy":"post_tag","embeddable":true,"href":"https:\/\/livingmultimediosde.net.ar\/INDEX\/wp-json\/wp\/v2\/tags?post=16072"}],"curies":[{"name":"wp","href":"https:\/\/api.w.org\/{rel}","templated":true}]}}