{"id":16066,"date":"2025-10-26T16:48:06","date_gmt":"2025-10-26T16:48:06","guid":{"rendered":"https:\/\/livingmultimediosde.net.ar\/INDEX\/?p=16066"},"modified":"2025-10-26T16:48:15","modified_gmt":"2025-10-26T16:48:15","slug":"zamora-llamo-a-defender-con-el-voto-los-intereses-del-pais-y-de-santiago-del-estero","status":"publish","type":"post","link":"https:\/\/livingmultimediosde.net.ar\/INDEX\/2025\/10\/zamora-llamo-a-defender-con-el-voto-los-intereses-del-pais-y-de-santiago-del-estero\/","title":{"rendered":"ZAMORA LLAM\u00d3 A DEFENDER CON EL VOTO LOS INTERESES DEL PA\u00cdS Y DE SANTIAGO DEL ESTERO"},"content":{"rendered":"\n<p class=\"wp-block-paragraph\">El gobernador Gerardo Zamora y candidato a senador por el Frente C\u00edvico por Santiago cumpli\u00f3 con su voto este mediod\u00eda en la Escuela Parque del R\u00edo I de la ciudad Capital, oportunidad en la que destac\u00f3 la participaci\u00f3n ciudadana para defender con su voto los intereses del pa\u00eds y de Santiago del Estero en particular.<br>Tras emitir su voto, el referente pol\u00edtico expres\u00f3 su confianza en la participaci\u00f3n de la gente y la fluidez del nuevo sistema de votaci\u00f3n de cargos nacionales junto con el tradicional voto para cargos provinciales.<br>En cuanto a la voluntad de los votantes, dijo: \u201cTenemos que pensar que la elecci\u00f3n es en cada provincia, donde los representantes de cada provincia deben defender los intereses y obviamente de la patria, pero tambi\u00e9n de cada uno de sus conciudadanos y de nuestras autonom\u00edas\u201d.<br>En otro tramo expres\u00f3 su deseo de que pasada esta contienda electoral \u201cel pa\u00eds salga adelante\u201d.<br>En cuanto al resultado de las urnas, dijo que espera que esto haga replantear al Gobierno Nacional su postura y que sus autoridades \u201ctengan que pensar que no se puede gobernar a espaldas de las provincias y de la gente\u201d.<\/p>\n","protected":false},"excerpt":{"rendered":"<p>El gobernador Gerardo Zamora y candidato a senador por el Frente C\u00edvico por Santiago cumpli\u00f3 con su voto este mediod\u00eda en la Escuela Parque del R\u00edo I de la ciudad Capital, oportunidad en la que destac\u00f3 la participaci\u00f3n ciudadana para defender con su voto los intereses del pa\u00eds y de Santiago del Estero en particular.Tras emitir su voto, el referente pol\u00edtico expres\u00f3 su confianza en la participaci\u00f3n de la gente y la fluidez del nuevo sistema de votaci\u00f3n de cargos nacionales junto con el tradicional voto para cargos provinciales.En cuanto&hellip;<\/p>\n","protected":false},"author":1,"featured_media":16067,"comment_status":"closed","ping_status":"closed","sticky":false,"template":"","format":"standard","meta":{"footnotes":""},"categories":[9],"tags":[],"class_list":["post-16066","post","type-post","status-publish","format-standard","has-post-thumbnail","hentry","category-noticias"],"rttpg_featured_image_url":{"full":["https:\/\/livingmultimediosde.net.ar\/INDEX\/wp-content\/uploads\/2025\/10\/IMG-20251026-WA0007-scaled.jpg",2560,1707,false],"landscape":["https:\/\/livingmultimediosde.net.ar\/INDEX\/wp-content\/uploads\/2025\/10\/IMG-20251026-WA0007-scaled.jpg",2560,1707,false],"portraits":["https:\/\/livingmultimediosde.net.ar\/INDEX\/wp-content\/uploads\/2025\/10\/IMG-20251026-WA0007-scaled.jpg",2560,1707,false],"thumbnail":["https:\/\/livingmultimediosde.net.ar\/INDEX\/wp-content\/uploads\/2025\/10\/IMG-20251026-WA0007-150x150.jpg",150,150,true],"medium":["https:\/\/livingmultimediosde.net.ar\/INDEX\/wp-content\/uploads\/2025\/10\/IMG-20251026-WA0007-300x200.jpg",300,200,true],"large":["https:\/\/livingmultimediosde.net.ar\/INDEX\/wp-content\/uploads\/2025\/10\/IMG-20251026-WA0007-1024x683.jpg",640,427,true],"1536x1536":["https:\/\/livingmultimediosde.net.ar\/INDEX\/wp-content\/uploads\/2025\/10\/IMG-20251026-WA0007-1536x1024.jpg",1536,1024,true],"2048x2048":["https:\/\/livingmultimediosde.net.ar\/INDEX\/wp-content\/uploads\/2025\/10\/IMG-20251026-WA0007-2048x1365.jpg",2048,1365,true],"post-thumbnail":["https:\/\/livingmultimediosde.net.ar\/INDEX\/wp-content\/uploads\/2025\/10\/IMG-20251026-WA0007-240x172.jpg",240,172,true]},"rttpg_author":{"display_name":"rober","author_link":"https:\/\/livingmultimediosde.net.ar\/INDEX\/author\/rober\/"},"rttpg_comment":0,"rttpg_category":"<a href=\"https:\/\/livingmultimediosde.net.ar\/INDEX\/category\/noticias\/\" rel=\"category tag\">NOTICIAS<\/a>","rttpg_excerpt":"El gobernador Gerardo Zamora y candidato a senador por el Frente C\u00edvico por Santiago cumpli\u00f3 con su voto este mediod\u00eda en la Escuela Parque del R\u00edo I de la ciudad Capital, oportunidad en la que destac\u00f3 la participaci\u00f3n ciudadana para defender con su voto los intereses del pa\u00eds y de Santiago del Estero en particular.Tras&hellip;","_links":{"self":[{"href":"https:\/\/livingmultimediosde.net.ar\/INDEX\/wp-json\/wp\/v2\/posts\/16066","targetHints":{"allow":["GET"]}}],"collection":[{"href":"https:\/\/livingmultimediosde.net.ar\/INDEX\/wp-json\/wp\/v2\/posts"}],"about":[{"href":"https:\/\/livingmultimediosde.net.ar\/INDEX\/wp-json\/wp\/v2\/types\/post"}],"author":[{"embeddable":true,"href":"https:\/\/livingmultimediosde.net.ar\/INDEX\/wp-json\/wp\/v2\/users\/1"}],"replies":[{"embeddable":true,"href":"https:\/\/livingmultimediosde.net.ar\/INDEX\/wp-json\/wp\/v2\/comments?post=16066"}],"version-history":[{"count":1,"href":"https:\/\/livingmultimediosde.net.ar\/INDEX\/wp-json\/wp\/v2\/posts\/16066\/revisions"}],"predecessor-version":[{"id":16068,"href":"https:\/\/livingmultimediosde.net.ar\/INDEX\/wp-json\/wp\/v2\/posts\/16066\/revisions\/16068"}],"wp:featuredmedia":[{"embeddable":true,"href":"https:\/\/livingmultimediosde.net.ar\/INDEX\/wp-json\/wp\/v2\/media\/16067"}],"wp:attachment":[{"href":"https:\/\/livingmultimediosde.net.ar\/INDEX\/wp-json\/wp\/v2\/media?parent=16066"}],"wp:term":[{"taxonomy":"category","embeddable":true,"href":"https:\/\/livingmultimediosde.net.ar\/INDEX\/wp-json\/wp\/v2\/categories?post=16066"},{"taxonomy":"post_tag","embeddable":true,"href":"https:\/\/livingmultimediosde.net.ar\/INDEX\/wp-json\/wp\/v2\/tags?post=16066"}],"curies":[{"name":"wp","href":"https:\/\/api.w.org\/{rel}","templated":true}]}}