{"id":16056,"date":"2025-10-26T15:24:40","date_gmt":"2025-10-26T15:24:40","guid":{"rendered":"https:\/\/livingmultimediosde.net.ar\/INDEX\/?p=16056"},"modified":"2025-10-26T15:25:45","modified_gmt":"2025-10-26T15:25:45","slug":"jorge-mukdise-voto-en-las-termas-y-celebro-la-importante-afluencia-de-votantes","status":"publish","type":"post","link":"https:\/\/livingmultimediosde.net.ar\/INDEX\/2025\/10\/jorge-mukdise-voto-en-las-termas-y-celebro-la-importante-afluencia-de-votantes\/","title":{"rendered":"JORGE MUKDISE VOT\u00d3 EN LAS TERMAS Y CELEBR\u00d3 LA IMPORTANTE AFLUENCIA DE VOTANTES"},"content":{"rendered":"\n<p class=\"wp-block-paragraph\">En el Colegio Cristiano Evang\u00e9lico \u201cEma\u00fas\u201d de Las Termas de R\u00edo Hondo, poco antes del mediod\u00eda, emiti\u00f3 su voto el candidato a diputado nacional por el Frente C\u00edvico por Santiago, Jorge Mukdise, quien expres\u00f3 su optimismo con respecto al porcentaje de concurrentes a las urnas.<br>\u201cParticipar de las elecciones es importante para todos y enriquece la democracia con todas sus expresiones pol\u00edticas\u201d, dijo el candidato luego de sufragar.<br>Mukdise tambi\u00e9n hizo referencia a los 40 a\u00f1os de democracia que lleva el pa\u00eds y la forma de transmitir el mensaje en los debates a la hora del di\u00e1logo. \u201cHay que dar un salto de calidad en la democracia a trav\u00e9s de la tolerancia y el respeto para quienes piensan diferente; ojal\u00e1 entre todos podamos encontrar soluciones que sean lo m\u00e1s beneficioso para la Argentina\u201d, dijo.<\/p>\n","protected":false},"excerpt":{"rendered":"<p>En el Colegio Cristiano Evang\u00e9lico \u201cEma\u00fas\u201d de Las Termas de R\u00edo Hondo, poco antes del mediod\u00eda, emiti\u00f3 su voto el candidato a diputado nacional por el Frente C\u00edvico por Santiago, Jorge Mukdise, quien expres\u00f3 su optimismo con respecto al porcentaje de concurrentes a las urnas.\u201cParticipar de las elecciones es importante para todos y enriquece la democracia con todas sus expresiones pol\u00edticas\u201d, dijo el candidato luego de sufragar.Mukdise tambi\u00e9n hizo referencia a los 40 a\u00f1os de democracia que lleva el pa\u00eds y la forma de transmitir el mensaje en los debates&hellip;<\/p>\n","protected":false},"author":1,"featured_media":16057,"comment_status":"closed","ping_status":"closed","sticky":false,"template":"","format":"standard","meta":{"footnotes":""},"categories":[9],"tags":[],"class_list":["post-16056","post","type-post","status-publish","format-standard","has-post-thumbnail","hentry","category-noticias"],"rttpg_featured_image_url":{"full":["https:\/\/livingmultimediosde.net.ar\/INDEX\/wp-content\/uploads\/2025\/10\/IMG-20251026-WA0003.jpg",1599,1066,false],"landscape":["https:\/\/livingmultimediosde.net.ar\/INDEX\/wp-content\/uploads\/2025\/10\/IMG-20251026-WA0003.jpg",1599,1066,false],"portraits":["https:\/\/livingmultimediosde.net.ar\/INDEX\/wp-content\/uploads\/2025\/10\/IMG-20251026-WA0003.jpg",1599,1066,false],"thumbnail":["https:\/\/livingmultimediosde.net.ar\/INDEX\/wp-content\/uploads\/2025\/10\/IMG-20251026-WA0003-150x150.jpg",150,150,true],"medium":["https:\/\/livingmultimediosde.net.ar\/INDEX\/wp-content\/uploads\/2025\/10\/IMG-20251026-WA0003-300x200.jpg",300,200,true],"large":["https:\/\/livingmultimediosde.net.ar\/INDEX\/wp-content\/uploads\/2025\/10\/IMG-20251026-WA0003-1024x683.jpg",640,427,true],"1536x1536":["https:\/\/livingmultimediosde.net.ar\/INDEX\/wp-content\/uploads\/2025\/10\/IMG-20251026-WA0003-1536x1024.jpg",1536,1024,true],"2048x2048":["https:\/\/livingmultimediosde.net.ar\/INDEX\/wp-content\/uploads\/2025\/10\/IMG-20251026-WA0003.jpg",1599,1066,false],"post-thumbnail":["https:\/\/livingmultimediosde.net.ar\/INDEX\/wp-content\/uploads\/2025\/10\/IMG-20251026-WA0003-240x172.jpg",240,172,true]},"rttpg_author":{"display_name":"rober","author_link":"https:\/\/livingmultimediosde.net.ar\/INDEX\/author\/rober\/"},"rttpg_comment":0,"rttpg_category":"<a href=\"https:\/\/livingmultimediosde.net.ar\/INDEX\/category\/noticias\/\" rel=\"category tag\">NOTICIAS<\/a>","rttpg_excerpt":"En el Colegio Cristiano Evang\u00e9lico \u201cEma\u00fas\u201d de Las Termas de R\u00edo Hondo, poco antes del mediod\u00eda, emiti\u00f3 su voto el candidato a diputado nacional por el Frente C\u00edvico por Santiago, Jorge Mukdise, quien expres\u00f3 su optimismo con respecto al porcentaje de concurrentes a las urnas.\u201cParticipar de las elecciones es importante para todos y enriquece la&hellip;","_links":{"self":[{"href":"https:\/\/livingmultimediosde.net.ar\/INDEX\/wp-json\/wp\/v2\/posts\/16056","targetHints":{"allow":["GET"]}}],"collection":[{"href":"https:\/\/livingmultimediosde.net.ar\/INDEX\/wp-json\/wp\/v2\/posts"}],"about":[{"href":"https:\/\/livingmultimediosde.net.ar\/INDEX\/wp-json\/wp\/v2\/types\/post"}],"author":[{"embeddable":true,"href":"https:\/\/livingmultimediosde.net.ar\/INDEX\/wp-json\/wp\/v2\/users\/1"}],"replies":[{"embeddable":true,"href":"https:\/\/livingmultimediosde.net.ar\/INDEX\/wp-json\/wp\/v2\/comments?post=16056"}],"version-history":[{"count":1,"href":"https:\/\/livingmultimediosde.net.ar\/INDEX\/wp-json\/wp\/v2\/posts\/16056\/revisions"}],"predecessor-version":[{"id":16058,"href":"https:\/\/livingmultimediosde.net.ar\/INDEX\/wp-json\/wp\/v2\/posts\/16056\/revisions\/16058"}],"wp:featuredmedia":[{"embeddable":true,"href":"https:\/\/livingmultimediosde.net.ar\/INDEX\/wp-json\/wp\/v2\/media\/16057"}],"wp:attachment":[{"href":"https:\/\/livingmultimediosde.net.ar\/INDEX\/wp-json\/wp\/v2\/media?parent=16056"}],"wp:term":[{"taxonomy":"category","embeddable":true,"href":"https:\/\/livingmultimediosde.net.ar\/INDEX\/wp-json\/wp\/v2\/categories?post=16056"},{"taxonomy":"post_tag","embeddable":true,"href":"https:\/\/livingmultimediosde.net.ar\/INDEX\/wp-json\/wp\/v2\/tags?post=16056"}],"curies":[{"name":"wp","href":"https:\/\/api.w.org\/{rel}","templated":true}]}}