{"id":16046,"date":"2025-10-25T12:39:11","date_gmt":"2025-10-25T12:39:11","guid":{"rendered":"https:\/\/livingmultimediosde.net.ar\/INDEX\/?p=16046"},"modified":"2025-10-25T12:39:11","modified_gmt":"2025-10-25T12:39:11","slug":"tragedia-en-rio-negro-un-hombre-murio-al-chocar-contra-un-acoplado","status":"publish","type":"post","link":"https:\/\/livingmultimediosde.net.ar\/INDEX\/2025\/10\/tragedia-en-rio-negro-un-hombre-murio-al-chocar-contra-un-acoplado\/","title":{"rendered":"Tragedia en R\u00edo Negro: un hombre muri\u00f3 al chocar contra un acoplado"},"content":{"rendered":"<p>Un hombre falleci\u00f3 y su esposa result\u00f3 con heridas de gravedad, tras chocar contra el acoplado que se hab\u00eda desprendido de un cami\u00f3n en la Ruta Nacional 23, en las inmediaciones de la localidad de Valcheta, al oeste de la provincia de R\u00edo Negro.<\/p>\n<p>Los dos veh\u00edculos transitaban en direcciones opuestas, a la altura del paraje Nahuel Niyeu, cuando el acoplado -cargado con fardos- se desprendi\u00f3 y volc\u00f3 sobre el asfalto, el conductor del auto no pudo esquivarlo y choc\u00f3 violentamente.<\/p>\n<p>El hombre fallecido ten\u00eda 69 a\u00f1os, aunque todav\u00eda no se confirm\u00f3 su identidad; en tanto, su mujer qued\u00f3 gravemente herida y fue trasladada a un hospital cercano, y posteriormente derivada al Hospital Zatti, de Viedma.<\/p>\n<p>El tr\u00e1nsito sobre la Ruta 23 fue interrumpido parcialmente durante unas horas, mientras la polic\u00eda y el Gabinete de Criminal\u00edstica realizaron las pericias correspondientes para determinar las causas del desprendimiento del acoplado.<\/p>\n<p>&nbsp;<\/p>\n","protected":false},"excerpt":{"rendered":"<p>Un hombre falleci\u00f3 y su esposa result\u00f3 con heridas de gravedad, tras chocar contra el acoplado que se hab\u00eda desprendido de un cami\u00f3n en la Ruta Nacional 23, en las inmediaciones de la localidad de Valcheta, al oeste de la provincia de R\u00edo Negro. Los dos veh\u00edculos transitaban en direcciones opuestas, a la altura del paraje Nahuel Niyeu, cuando el acoplado -cargado con fardos- se desprendi\u00f3 y volc\u00f3 sobre el asfalto, el conductor del auto no pudo esquivarlo y choc\u00f3 violentamente. El hombre fallecido ten\u00eda 69 a\u00f1os, aunque todav\u00eda no&hellip;<\/p>\n","protected":false},"author":1,"featured_media":16047,"comment_status":"closed","ping_status":"closed","sticky":false,"template":"","format":"standard","meta":{"footnotes":""},"categories":[4],"tags":[],"class_list":["post-16046","post","type-post","status-publish","format-standard","has-post-thumbnail","hentry","category-interes-general"],"rttpg_featured_image_url":{"full":["https:\/\/livingmultimediosde.net.ar\/INDEX\/wp-content\/uploads\/2025\/10\/Tragedia.webp",1280,632,false],"landscape":["https:\/\/livingmultimediosde.net.ar\/INDEX\/wp-content\/uploads\/2025\/10\/Tragedia.webp",1280,632,false],"portraits":["https:\/\/livingmultimediosde.net.ar\/INDEX\/wp-content\/uploads\/2025\/10\/Tragedia.webp",1280,632,false],"thumbnail":["https:\/\/livingmultimediosde.net.ar\/INDEX\/wp-content\/uploads\/2025\/10\/Tragedia-150x150.webp",150,150,true],"medium":["https:\/\/livingmultimediosde.net.ar\/INDEX\/wp-content\/uploads\/2025\/10\/Tragedia-300x148.webp",300,148,true],"large":["https:\/\/livingmultimediosde.net.ar\/INDEX\/wp-content\/uploads\/2025\/10\/Tragedia-1024x506.webp",640,316,true],"1536x1536":["https:\/\/livingmultimediosde.net.ar\/INDEX\/wp-content\/uploads\/2025\/10\/Tragedia.webp",1280,632,false],"2048x2048":["https:\/\/livingmultimediosde.net.ar\/INDEX\/wp-content\/uploads\/2025\/10\/Tragedia.webp",1280,632,false],"post-thumbnail":["https:\/\/livingmultimediosde.net.ar\/INDEX\/wp-content\/uploads\/2025\/10\/Tragedia-240x172.webp",240,172,true]},"rttpg_author":{"display_name":"rober","author_link":"https:\/\/livingmultimediosde.net.ar\/INDEX\/author\/rober\/"},"rttpg_comment":0,"rttpg_category":"<a href=\"https:\/\/livingmultimediosde.net.ar\/INDEX\/category\/interes-general\/\" rel=\"category tag\">INTERES GENERAL<\/a>","rttpg_excerpt":"Un hombre falleci\u00f3 y su esposa result\u00f3 con heridas de gravedad, tras chocar contra el acoplado que se hab\u00eda desprendido de un cami\u00f3n en la Ruta Nacional 23, en las inmediaciones de la localidad de Valcheta, al oeste de la provincia de R\u00edo Negro. Los dos veh\u00edculos transitaban en direcciones opuestas, a la altura del&hellip;","_links":{"self":[{"href":"https:\/\/livingmultimediosde.net.ar\/INDEX\/wp-json\/wp\/v2\/posts\/16046","targetHints":{"allow":["GET"]}}],"collection":[{"href":"https:\/\/livingmultimediosde.net.ar\/INDEX\/wp-json\/wp\/v2\/posts"}],"about":[{"href":"https:\/\/livingmultimediosde.net.ar\/INDEX\/wp-json\/wp\/v2\/types\/post"}],"author":[{"embeddable":true,"href":"https:\/\/livingmultimediosde.net.ar\/INDEX\/wp-json\/wp\/v2\/users\/1"}],"replies":[{"embeddable":true,"href":"https:\/\/livingmultimediosde.net.ar\/INDEX\/wp-json\/wp\/v2\/comments?post=16046"}],"version-history":[{"count":1,"href":"https:\/\/livingmultimediosde.net.ar\/INDEX\/wp-json\/wp\/v2\/posts\/16046\/revisions"}],"predecessor-version":[{"id":16048,"href":"https:\/\/livingmultimediosde.net.ar\/INDEX\/wp-json\/wp\/v2\/posts\/16046\/revisions\/16048"}],"wp:featuredmedia":[{"embeddable":true,"href":"https:\/\/livingmultimediosde.net.ar\/INDEX\/wp-json\/wp\/v2\/media\/16047"}],"wp:attachment":[{"href":"https:\/\/livingmultimediosde.net.ar\/INDEX\/wp-json\/wp\/v2\/media?parent=16046"}],"wp:term":[{"taxonomy":"category","embeddable":true,"href":"https:\/\/livingmultimediosde.net.ar\/INDEX\/wp-json\/wp\/v2\/categories?post=16046"},{"taxonomy":"post_tag","embeddable":true,"href":"https:\/\/livingmultimediosde.net.ar\/INDEX\/wp-json\/wp\/v2\/tags?post=16046"}],"curies":[{"name":"wp","href":"https:\/\/api.w.org\/{rel}","templated":true}]}}