{"id":16040,"date":"2025-10-25T12:26:28","date_gmt":"2025-10-25T12:26:28","guid":{"rendered":"https:\/\/livingmultimediosde.net.ar\/INDEX\/?p=16040"},"modified":"2025-10-25T12:26:28","modified_gmt":"2025-10-25T12:26:28","slug":"el-avion-hidrante-de-santiago-del-estero-participo-en-un-operativo-interprovincial-de-combate-contra-incendios-forestales","status":"publish","type":"post","link":"https:\/\/livingmultimediosde.net.ar\/INDEX\/2025\/10\/el-avion-hidrante-de-santiago-del-estero-participo-en-un-operativo-interprovincial-de-combate-contra-incendios-forestales\/","title":{"rendered":"El avi\u00f3n hidrante de Santiago del Estero particip\u00f3 en un operativo interprovincial de combate contra incendios forestales"},"content":{"rendered":"<p>En el marco de un operativo de cooperaci\u00f3n interprovincial, los gobiernos de C\u00f3rdoba y Santiago del Estero llevaron adelante un ejercicio conjunto de combate contra incendios forestales, con la participaci\u00f3n del Boeing 737 Fireliner, considerado el avi\u00f3n hidrante m\u00e1s grande de Latinoam\u00e9rica.<\/p>\n<p>La actividad fue coordinada por la Direcci\u00f3n Provincial de Aeron\u00e1utica (DPA) del Gobierno de C\u00f3rdoba, dependiente de la Secretar\u00eda General de la Gobernaci\u00f3n, y el Gobierno de Santiago del Estero, con el prop\u00f3sito de fortalecer los protocolos de actuaci\u00f3n ante emergencias y optimizar la respuesta a\u00e9rea y terrestre frente a incendios de gran magnitud.<\/p>\n<p>El imponente Boeing 737 Fireliner (LV-KJS), con capacidad para transportar hasta 15.000 litros de agua o retardante, realiz\u00f3 maniobras de pr\u00e1ctica sobre territorio cordob\u00e9s, incluyendo desplazamientos en tierra y una descarga a\u00e9rea sobre el lago San Roque, donde tambi\u00e9n se despleg\u00f3 un operativo de seguridad n\u00e1utica.<\/p>\n<p>Durante la jornada, la aeronave fue utilizada en el incendio activo de Guasapampa, efectuando m\u00faltiples descargas coordinadas con el personal en tierra y con las aeronaves de la DPA C\u00f3rdoba, contando con el apoyo del DUAR (Direcci\u00f3n de Unidades de Alto Riesgo).<\/p>\n<p>Este trabajo conjunto reafirma el compromiso de Santiago del Estero con la cooperaci\u00f3n regional y la prevenci\u00f3n de emergencias ambientales, aportando su experiencia y recursos t\u00e9cnicos para fortalecer la capacidad operativa frente a los incendios forestales que afectan al centro del pa\u00eds.<\/p>\n","protected":false},"excerpt":{"rendered":"<p>En el marco de un operativo de cooperaci\u00f3n interprovincial, los gobiernos de C\u00f3rdoba y Santiago del Estero llevaron adelante un ejercicio conjunto de combate contra incendios forestales, con la participaci\u00f3n del Boeing 737 Fireliner, considerado el avi\u00f3n hidrante m\u00e1s grande de Latinoam\u00e9rica. La actividad fue coordinada por la Direcci\u00f3n Provincial de Aeron\u00e1utica (DPA) del Gobierno de C\u00f3rdoba, dependiente de la Secretar\u00eda General de la Gobernaci\u00f3n, y el Gobierno de Santiago del Estero, con el prop\u00f3sito de fortalecer los protocolos de actuaci\u00f3n ante emergencias y optimizar la respuesta a\u00e9rea y terrestre&hellip;<\/p>\n","protected":false},"author":1,"featured_media":16041,"comment_status":"closed","ping_status":"closed","sticky":false,"template":"","format":"standard","meta":{"footnotes":""},"categories":[9],"tags":[],"class_list":["post-16040","post","type-post","status-publish","format-standard","has-post-thumbnail","hentry","category-noticias"],"rttpg_featured_image_url":{"full":["https:\/\/livingmultimediosde.net.ar\/INDEX\/wp-content\/uploads\/2025\/10\/avionhidrante.jpg",782,410,false],"landscape":["https:\/\/livingmultimediosde.net.ar\/INDEX\/wp-content\/uploads\/2025\/10\/avionhidrante.jpg",782,410,false],"portraits":["https:\/\/livingmultimediosde.net.ar\/INDEX\/wp-content\/uploads\/2025\/10\/avionhidrante.jpg",782,410,false],"thumbnail":["https:\/\/livingmultimediosde.net.ar\/INDEX\/wp-content\/uploads\/2025\/10\/avionhidrante-150x150.jpg",150,150,true],"medium":["https:\/\/livingmultimediosde.net.ar\/INDEX\/wp-content\/uploads\/2025\/10\/avionhidrante-300x157.jpg",300,157,true],"large":["https:\/\/livingmultimediosde.net.ar\/INDEX\/wp-content\/uploads\/2025\/10\/avionhidrante.jpg",640,336,false],"1536x1536":["https:\/\/livingmultimediosde.net.ar\/INDEX\/wp-content\/uploads\/2025\/10\/avionhidrante.jpg",782,410,false],"2048x2048":["https:\/\/livingmultimediosde.net.ar\/INDEX\/wp-content\/uploads\/2025\/10\/avionhidrante.jpg",782,410,false],"post-thumbnail":["https:\/\/livingmultimediosde.net.ar\/INDEX\/wp-content\/uploads\/2025\/10\/avionhidrante-240x172.jpg",240,172,true]},"rttpg_author":{"display_name":"rober","author_link":"https:\/\/livingmultimediosde.net.ar\/INDEX\/author\/rober\/"},"rttpg_comment":0,"rttpg_category":"<a href=\"https:\/\/livingmultimediosde.net.ar\/INDEX\/category\/noticias\/\" rel=\"category tag\">NOTICIAS<\/a>","rttpg_excerpt":"En el marco de un operativo de cooperaci\u00f3n interprovincial, los gobiernos de C\u00f3rdoba y Santiago del Estero llevaron adelante un ejercicio conjunto de combate contra incendios forestales, con la participaci\u00f3n del Boeing 737 Fireliner, considerado el avi\u00f3n hidrante m\u00e1s grande de Latinoam\u00e9rica. La actividad fue coordinada por la Direcci\u00f3n Provincial de Aeron\u00e1utica (DPA) del Gobierno&hellip;","_links":{"self":[{"href":"https:\/\/livingmultimediosde.net.ar\/INDEX\/wp-json\/wp\/v2\/posts\/16040","targetHints":{"allow":["GET"]}}],"collection":[{"href":"https:\/\/livingmultimediosde.net.ar\/INDEX\/wp-json\/wp\/v2\/posts"}],"about":[{"href":"https:\/\/livingmultimediosde.net.ar\/INDEX\/wp-json\/wp\/v2\/types\/post"}],"author":[{"embeddable":true,"href":"https:\/\/livingmultimediosde.net.ar\/INDEX\/wp-json\/wp\/v2\/users\/1"}],"replies":[{"embeddable":true,"href":"https:\/\/livingmultimediosde.net.ar\/INDEX\/wp-json\/wp\/v2\/comments?post=16040"}],"version-history":[{"count":1,"href":"https:\/\/livingmultimediosde.net.ar\/INDEX\/wp-json\/wp\/v2\/posts\/16040\/revisions"}],"predecessor-version":[{"id":16042,"href":"https:\/\/livingmultimediosde.net.ar\/INDEX\/wp-json\/wp\/v2\/posts\/16040\/revisions\/16042"}],"wp:featuredmedia":[{"embeddable":true,"href":"https:\/\/livingmultimediosde.net.ar\/INDEX\/wp-json\/wp\/v2\/media\/16041"}],"wp:attachment":[{"href":"https:\/\/livingmultimediosde.net.ar\/INDEX\/wp-json\/wp\/v2\/media?parent=16040"}],"wp:term":[{"taxonomy":"category","embeddable":true,"href":"https:\/\/livingmultimediosde.net.ar\/INDEX\/wp-json\/wp\/v2\/categories?post=16040"},{"taxonomy":"post_tag","embeddable":true,"href":"https:\/\/livingmultimediosde.net.ar\/INDEX\/wp-json\/wp\/v2\/tags?post=16040"}],"curies":[{"name":"wp","href":"https:\/\/api.w.org\/{rel}","templated":true}]}}