{"id":16031,"date":"2025-10-23T23:43:22","date_gmt":"2025-10-23T23:43:22","guid":{"rendered":"https:\/\/livingmultimediosde.net.ar\/INDEX\/?p=16031"},"modified":"2025-10-23T23:43:22","modified_gmt":"2025-10-23T23:43:22","slug":"personal-de-la-municipalidad-de-los-parques-mama-antula-y-del-encuentro-participaron-de-un-taller-sobre-emergencias","status":"publish","type":"post","link":"https:\/\/livingmultimediosde.net.ar\/INDEX\/2025\/10\/personal-de-la-municipalidad-de-los-parques-mama-antula-y-del-encuentro-participaron-de-un-taller-sobre-emergencias\/","title":{"rendered":"PERSONAL DE LA MUNICIPALIDAD DE LOS PARQUES MAMA ANTULA Y DEL ENCUENTRO PARTICIPARON DE UN TALLER SOBRE EMERGENCIAS"},"content":{"rendered":"<p>El personal municipal del Parque del Encuentro y del Parque Mam\u00e1 Antula particip\u00f3 de un taller de capacitaci\u00f3n para abordar situaciones y protocolos contra incendios, primeros auxilios y RCP.<br \/>\nEl curso tuvo como prop\u00f3sito fortalecer los conocimientos y habilidades de los trabajadores que diariamente se desempe\u00f1an en la atenci\u00f3n y resguardo de los espacios verdes, quienes recibieron formaci\u00f3n te\u00f3rica y pr\u00e1ctica en procedimientos de emergencia, t\u00e9cnicas de reanimaci\u00f3n cardiopulmonar y medidas de acci\u00f3n ante incendios.<\/p>\n","protected":false},"excerpt":{"rendered":"<p>El personal municipal del Parque del Encuentro y del Parque Mam\u00e1 Antula particip\u00f3 de un taller de capacitaci\u00f3n para abordar situaciones y protocolos contra incendios, primeros auxilios y RCP. El curso tuvo como prop\u00f3sito fortalecer los conocimientos y habilidades de los trabajadores que diariamente se desempe\u00f1an en la atenci\u00f3n y resguardo de los espacios verdes, quienes recibieron formaci\u00f3n te\u00f3rica y pr\u00e1ctica en procedimientos de emergencia, t\u00e9cnicas de reanimaci\u00f3n cardiopulmonar y medidas de acci\u00f3n ante incendios.<\/p>\n","protected":false},"author":1,"featured_media":16032,"comment_status":"closed","ping_status":"closed","sticky":false,"template":"","format":"standard","meta":{"footnotes":""},"categories":[9],"tags":[],"class_list":["post-16031","post","type-post","status-publish","format-standard","has-post-thumbnail","hentry","category-noticias"],"rttpg_featured_image_url":{"full":["https:\/\/livingmultimediosde.net.ar\/INDEX\/wp-content\/uploads\/2025\/10\/Capacitacion-personal-parques.jpg",900,675,false],"landscape":["https:\/\/livingmultimediosde.net.ar\/INDEX\/wp-content\/uploads\/2025\/10\/Capacitacion-personal-parques.jpg",900,675,false],"portraits":["https:\/\/livingmultimediosde.net.ar\/INDEX\/wp-content\/uploads\/2025\/10\/Capacitacion-personal-parques.jpg",900,675,false],"thumbnail":["https:\/\/livingmultimediosde.net.ar\/INDEX\/wp-content\/uploads\/2025\/10\/Capacitacion-personal-parques-150x150.jpg",150,150,true],"medium":["https:\/\/livingmultimediosde.net.ar\/INDEX\/wp-content\/uploads\/2025\/10\/Capacitacion-personal-parques-300x225.jpg",300,225,true],"large":["https:\/\/livingmultimediosde.net.ar\/INDEX\/wp-content\/uploads\/2025\/10\/Capacitacion-personal-parques.jpg",640,480,false],"1536x1536":["https:\/\/livingmultimediosde.net.ar\/INDEX\/wp-content\/uploads\/2025\/10\/Capacitacion-personal-parques.jpg",900,675,false],"2048x2048":["https:\/\/livingmultimediosde.net.ar\/INDEX\/wp-content\/uploads\/2025\/10\/Capacitacion-personal-parques.jpg",900,675,false],"post-thumbnail":["https:\/\/livingmultimediosde.net.ar\/INDEX\/wp-content\/uploads\/2025\/10\/Capacitacion-personal-parques-240x172.jpg",240,172,true]},"rttpg_author":{"display_name":"rober","author_link":"https:\/\/livingmultimediosde.net.ar\/INDEX\/author\/rober\/"},"rttpg_comment":0,"rttpg_category":"<a href=\"https:\/\/livingmultimediosde.net.ar\/INDEX\/category\/noticias\/\" rel=\"category tag\">NOTICIAS<\/a>","rttpg_excerpt":"El personal municipal del Parque del Encuentro y del Parque Mam\u00e1 Antula particip\u00f3 de un taller de capacitaci\u00f3n para abordar situaciones y protocolos contra incendios, primeros auxilios y RCP. El curso tuvo como prop\u00f3sito fortalecer los conocimientos y habilidades de los trabajadores que diariamente se desempe\u00f1an en la atenci\u00f3n y resguardo de los espacios verdes,&hellip;","_links":{"self":[{"href":"https:\/\/livingmultimediosde.net.ar\/INDEX\/wp-json\/wp\/v2\/posts\/16031","targetHints":{"allow":["GET"]}}],"collection":[{"href":"https:\/\/livingmultimediosde.net.ar\/INDEX\/wp-json\/wp\/v2\/posts"}],"about":[{"href":"https:\/\/livingmultimediosde.net.ar\/INDEX\/wp-json\/wp\/v2\/types\/post"}],"author":[{"embeddable":true,"href":"https:\/\/livingmultimediosde.net.ar\/INDEX\/wp-json\/wp\/v2\/users\/1"}],"replies":[{"embeddable":true,"href":"https:\/\/livingmultimediosde.net.ar\/INDEX\/wp-json\/wp\/v2\/comments?post=16031"}],"version-history":[{"count":1,"href":"https:\/\/livingmultimediosde.net.ar\/INDEX\/wp-json\/wp\/v2\/posts\/16031\/revisions"}],"predecessor-version":[{"id":16033,"href":"https:\/\/livingmultimediosde.net.ar\/INDEX\/wp-json\/wp\/v2\/posts\/16031\/revisions\/16033"}],"wp:featuredmedia":[{"embeddable":true,"href":"https:\/\/livingmultimediosde.net.ar\/INDEX\/wp-json\/wp\/v2\/media\/16032"}],"wp:attachment":[{"href":"https:\/\/livingmultimediosde.net.ar\/INDEX\/wp-json\/wp\/v2\/media?parent=16031"}],"wp:term":[{"taxonomy":"category","embeddable":true,"href":"https:\/\/livingmultimediosde.net.ar\/INDEX\/wp-json\/wp\/v2\/categories?post=16031"},{"taxonomy":"post_tag","embeddable":true,"href":"https:\/\/livingmultimediosde.net.ar\/INDEX\/wp-json\/wp\/v2\/tags?post=16031"}],"curies":[{"name":"wp","href":"https:\/\/api.w.org\/{rel}","templated":true}]}}