{"id":16016,"date":"2025-10-22T07:10:40","date_gmt":"2025-10-22T07:10:40","guid":{"rendered":"https:\/\/livingmultimediosde.net.ar\/INDEX\/?p=16016"},"modified":"2025-10-22T07:10:40","modified_gmt":"2025-10-22T07:10:40","slug":"hcd-sanciono-diversas-iniciativas-4","status":"publish","type":"post","link":"https:\/\/livingmultimediosde.net.ar\/INDEX\/2025\/10\/hcd-sanciono-diversas-iniciativas-4\/","title":{"rendered":"HCD: Sancion\u00f3 diversas iniciativas"},"content":{"rendered":"<p>21.01.25 En un clima de tranquilidad, sin mayores sobresaltos, se celebr\u00f3 la sesi\u00f3n ordinaria 32\/2025 del H. Concejo Deliberante de la Capital, presidida por su titular, Humberto Santill\u00e1n y la presencia de 7 ediles. Se realiz\u00f3 el acto protocolar de entrega de la Ordenanza 6548\/25 por la que \u201cse declara de Inter\u00e9s Municipal, Social y Deportivo el \u201cTorneo Nacional de F\u00fatbol Infantil Realcito 2025\u201d,<\/p>\n<p>Entrega de Reconocimiento<\/p>\n<p>En la apertura se realiz\u00f3 el acto protocolar de entrega de la Ordenanza 6548\/25 por la que \u201cse declara de Inter\u00e9s Municipal, Social y Deportivo el \u201cTorneo Nacional de F\u00fatbol Infantil Realcito 2025\u201d, organizado por la Escuela de F\u00fatbol Real FC, a realizarse los d\u00edas del 9 al 12 del actual, en el predio del Club Comunicaciones de esta ciudad, de conformidad a los considerandos de la presente\u201d.<\/p>\n<p>Copia fiel de la Ordenanza la recibi\u00f3 el profesor Marcelo Gim\u00e9nez, de la instituci\u00f3n deportiva mencionada precedentemente acompa\u00f1ado por los profesores Mayeli y Gonz\u00e1lo Gim\u00e9nez. La misma fue entregada por el presidente Humberto Santill\u00e1n y los ediles, Carlos Basualdo y Aida Luz Soria.<\/p>\n<p>En la oportunidad, Santill\u00e1n se\u00f1al\u00f3 que \u201ctenemos la visita hoy en el recinto de quienes han sido responsables de un torneo que ha sido muy exitoso, que se llev\u00f3 a cabo el fin de semana pasado\u201d.<\/p>\n<p>Agreg\u00f3 que \u201cten\u00edamos pendiente esta declaraci\u00f3n de inter\u00e9s municipal, social y deportivo, que hacemos por la realizaci\u00f3n de ese evento important\u00edsimo que han desarrollado el fin de semana, para visibilizar el hecho de que se trabaja much\u00edsimo, no solamente en el deporte amateur, sino en el deporte infantil. Muchas gracias por lo que hacen, porque tiene que ver con la salud, la educaci\u00f3n y el buen comportamiento y la sociabilidad de nuestros ni\u00f1os. As\u00ed que los instamos a seguir adelante y que siempre van a contar con nuestro apoyo\u201d.<\/p>\n<p>Jim\u00e9nez, agradeci\u00f3 el reconocimiento y valor\u00f3 el trabajo del H. Concejo Deliberante. Agreg\u00f3 que \u201casumimos este trabajo deportivo porque, nosotros como todo argentino somos apasionados en el f\u00fatbol y lo hacemos con mucho amor, con mucho amor por los chicos, y es importante recibir este reconocimiento como un mimo muy importante\u201d.<\/p>\n<p>Ponder\u00f3 la importancia de todas las escuelas de f\u00fatbol que trabajan y contienen tantos ni\u00f1os aqu\u00ed y en el interior de la provincia, cosa que muchas veces no es visible, pero se hace un gran trabajo para que los chicos est\u00e9n contenidos, no est\u00e9n en la calle\u201d.<\/p>\n<p>Por \u00faltimo, Jim\u00e9nez agradeci\u00f3 \u201ctodo el gobierno provincial, por el apoyo que siempre nos brinda, que sin ellos no ser\u00eda posible esto. Vuelvo a repetir, agradecido al Concejo Deliberante y al edil, Carlos Basualdo, con el que hemos compartido la adolescencia y tengo grandes recuerdos de la escuela\u201d.<\/p>\n<p>&nbsp;<\/p>\n<p>Sesi\u00f3n Ordinaria Orden del D\u00eda<\/p>\n<p>En la oportunidad, se sancionaron cuatro despachos de comisi\u00f3n, una ordenanza y tres resoluciones<\/p>\n<p>En efecto, por unanimidad, se sancion\u00f3 el despacho de la Ordenanza por la que \u201cse declara de Inter\u00e9s Municipal, Social y Deportivo la realizaci\u00f3n del Toreno Nacional de F\u00fatbol Infantil \u201cLas Pulgas 2.025 \u2013 Copa Madre de Ciudades \u2013 V Edici\u00f3n\u201d, a llevarse a cabo los d\u00edas 21, 22 y 23 de noviembre del 2.025, en el predio del Club Comunicaciones, de esta ciudad, de conformidad a los considerandos de la presente y a las disposiciones de la Ordenanza N\u00ba 4.803\/2.013\u201d.<\/p>\n<p>El evento deportivo indicado contar\u00e1 con la participaci\u00f3n de m\u00e1s de setenta equipos de todo el pa\u00eds provenientes de provincias como Chaco, Salta, Tucum\u00e1n, Catamarca, Entre R\u00edos, C\u00f3rdoba, entre otras y tambi\u00e9n vendr\u00e1n delegaciones del interior de nuestra provincia.<\/p>\n<p>El objetivo principal de este torneo es el de promover el desarrollo f\u00edsico, social y emocional de los ni\u00f1os, a la vez de fomentar el trabajo en equipo, y estimular el amor por el deporte y la participaci\u00f3n activa en un ambiente inclusivo y divertido.<\/p>\n<p>Resoluciones<br \/>\nSe sancionaron tres resoluciones, impulsadas por la bancada del Frente C\u00efvico:<\/p>\n<p>Por una Resoluci\u00f3n se solicita al Departamento Ejecutivo Municipal que, a trav\u00e9s del \u00e1rea correspondiente, proceda al estudio de factibilidad t\u00e9cnica y presupuestaria, para la reconversi\u00f3n lum\u00ednica de la Plazoleta \u201cJuan Manuel de Rosas\u201d, ubicada en la calle Dr. Gregorio \u00c1lvarez, entre las intersecciones con calle Ambargasta y Matara del barrio El Vinalar. \u2013<\/p>\n<p>Por una segunda Resoluci\u00f3n se solicita al Departamento Ejecutivo Municipal que, a trav\u00e9s del \u00e1rea correspondiente, proceda al estudio de factibilidad t\u00e9cnica y presupuestaria, para la realizaci\u00f3n de relevamiento de las luminarias del Barrio Ej\u00e9rcito Argentino, a fin de proceder a la reparaci\u00f3n, reinstalaci\u00f3n y\/o mantenimiento, y de ser posible la reconversi\u00f3n lum\u00ednica integral. \u2013<\/p>\n<p>Por \u00faltimo, se solicita al Departamento Ejecutivo Municipal que, a trav\u00e9s del \u00e1rea correspondiente, proceda al estudio de factibilidad t\u00e9cnica y presupuestaria, para realizar la colocaci\u00f3n de sem\u00e1foros en las siguientes calles del Barrio Industria:<\/p>\n<p>\u2022 Pedro Le\u00f3n Gallo y Antonio Toloza<\/p>\n<p>\u2022 Pedro Le\u00f3n Gallo y Juan Lissi<\/p>\n<p>\u2022 Pedro Le\u00f3n Gallo y Tr\u00e1nsito Mart\u00ednez.<\/p>\n<p>&nbsp;<\/p>\n","protected":false},"excerpt":{"rendered":"<p>21.01.25 En un clima de tranquilidad, sin mayores sobresaltos, se celebr\u00f3 la sesi\u00f3n ordinaria 32\/2025 del H. Concejo Deliberante de la Capital, presidida por su titular, Humberto Santill\u00e1n y la presencia de 7 ediles. Se realiz\u00f3 el acto protocolar de entrega de la Ordenanza 6548\/25 por la que \u201cse declara de Inter\u00e9s Municipal, Social y Deportivo el \u201cTorneo Nacional de F\u00fatbol Infantil Realcito 2025\u201d, Entrega de Reconocimiento En la apertura se realiz\u00f3 el acto protocolar de entrega de la Ordenanza 6548\/25 por la que \u201cse declara de Inter\u00e9s Municipal, Social&hellip;<\/p>\n","protected":false},"author":1,"featured_media":16017,"comment_status":"closed","ping_status":"closed","sticky":false,"template":"","format":"standard","meta":{"footnotes":""},"categories":[3],"tags":[],"class_list":["post-16016","post","type-post","status-publish","format-standard","has-post-thumbnail","hentry","category-hcd-capital"],"rttpg_featured_image_url":{"full":["https:\/\/livingmultimediosde.net.ar\/INDEX\/wp-content\/uploads\/2025\/10\/foto-1.jpeg",800,531,false],"landscape":["https:\/\/livingmultimediosde.net.ar\/INDEX\/wp-content\/uploads\/2025\/10\/foto-1.jpeg",800,531,false],"portraits":["https:\/\/livingmultimediosde.net.ar\/INDEX\/wp-content\/uploads\/2025\/10\/foto-1.jpeg",800,531,false],"thumbnail":["https:\/\/livingmultimediosde.net.ar\/INDEX\/wp-content\/uploads\/2025\/10\/foto-1-150x150.jpeg",150,150,true],"medium":["https:\/\/livingmultimediosde.net.ar\/INDEX\/wp-content\/uploads\/2025\/10\/foto-1-300x199.jpeg",300,199,true],"large":["https:\/\/livingmultimediosde.net.ar\/INDEX\/wp-content\/uploads\/2025\/10\/foto-1.jpeg",640,425,false],"1536x1536":["https:\/\/livingmultimediosde.net.ar\/INDEX\/wp-content\/uploads\/2025\/10\/foto-1.jpeg",800,531,false],"2048x2048":["https:\/\/livingmultimediosde.net.ar\/INDEX\/wp-content\/uploads\/2025\/10\/foto-1.jpeg",800,531,false],"post-thumbnail":["https:\/\/livingmultimediosde.net.ar\/INDEX\/wp-content\/uploads\/2025\/10\/foto-1-240x172.jpeg",240,172,true]},"rttpg_author":{"display_name":"rober","author_link":"https:\/\/livingmultimediosde.net.ar\/INDEX\/author\/rober\/"},"rttpg_comment":0,"rttpg_category":"<a href=\"https:\/\/livingmultimediosde.net.ar\/INDEX\/category\/hcd-capital\/\" rel=\"category tag\">HCD CAPITAL<\/a>","rttpg_excerpt":"21.01.25 En un clima de tranquilidad, sin mayores sobresaltos, se celebr\u00f3 la sesi\u00f3n ordinaria 32\/2025 del H. Concejo Deliberante de la Capital, presidida por su titular, Humberto Santill\u00e1n y la presencia de 7 ediles. Se realiz\u00f3 el acto protocolar de entrega de la Ordenanza 6548\/25 por la que \u201cse declara de Inter\u00e9s Municipal, Social y&hellip;","_links":{"self":[{"href":"https:\/\/livingmultimediosde.net.ar\/INDEX\/wp-json\/wp\/v2\/posts\/16016","targetHints":{"allow":["GET"]}}],"collection":[{"href":"https:\/\/livingmultimediosde.net.ar\/INDEX\/wp-json\/wp\/v2\/posts"}],"about":[{"href":"https:\/\/livingmultimediosde.net.ar\/INDEX\/wp-json\/wp\/v2\/types\/post"}],"author":[{"embeddable":true,"href":"https:\/\/livingmultimediosde.net.ar\/INDEX\/wp-json\/wp\/v2\/users\/1"}],"replies":[{"embeddable":true,"href":"https:\/\/livingmultimediosde.net.ar\/INDEX\/wp-json\/wp\/v2\/comments?post=16016"}],"version-history":[{"count":1,"href":"https:\/\/livingmultimediosde.net.ar\/INDEX\/wp-json\/wp\/v2\/posts\/16016\/revisions"}],"predecessor-version":[{"id":16018,"href":"https:\/\/livingmultimediosde.net.ar\/INDEX\/wp-json\/wp\/v2\/posts\/16016\/revisions\/16018"}],"wp:featuredmedia":[{"embeddable":true,"href":"https:\/\/livingmultimediosde.net.ar\/INDEX\/wp-json\/wp\/v2\/media\/16017"}],"wp:attachment":[{"href":"https:\/\/livingmultimediosde.net.ar\/INDEX\/wp-json\/wp\/v2\/media?parent=16016"}],"wp:term":[{"taxonomy":"category","embeddable":true,"href":"https:\/\/livingmultimediosde.net.ar\/INDEX\/wp-json\/wp\/v2\/categories?post=16016"},{"taxonomy":"post_tag","embeddable":true,"href":"https:\/\/livingmultimediosde.net.ar\/INDEX\/wp-json\/wp\/v2\/tags?post=16016"}],"curies":[{"name":"wp","href":"https:\/\/api.w.org\/{rel}","templated":true}]}}