{"id":16013,"date":"2025-10-22T06:51:14","date_gmt":"2025-10-22T06:51:14","guid":{"rendered":"https:\/\/livingmultimediosde.net.ar\/INDEX\/?p=16013"},"modified":"2025-10-22T06:51:14","modified_gmt":"2025-10-22T06:51:14","slug":"la-intendente-fuentes-participo-de-una-jornada-de-cuidado-del-ambiente-con-estudiantes-en-el-barrio-la-catolica","status":"publish","type":"post","link":"https:\/\/livingmultimediosde.net.ar\/INDEX\/2025\/10\/la-intendente-fuentes-participo-de-una-jornada-de-cuidado-del-ambiente-con-estudiantes-en-el-barrio-la-catolica\/","title":{"rendered":"LA INTENDENTE FUENTES PARTICIP\u00d3 DE UNA JORNADA DE CUIDADO DEL AMBIENTE CON ESTUDIANTES EN EL BARRIO LA CAT\u00d3LICA"},"content":{"rendered":"<p>La intendente de la Capital, Ing. Norma Fuentes, particip\u00f3 de la jornada de \u00abTransformAcci\u00f3n\u00bb realizada en el barrio La Cat\u00f3lica, donde j\u00f3venes, vecinos y organizaciones sociales intervinieron para limpiar y embellecer espacios p\u00fablicos.<br \/>\nEl programa, organizado por la Direcci\u00f3n de la Juventud en articulaci\u00f3n con la Subsecretar\u00eda de Medio Ambiente, busca promover la conciencia ambiental en la comunidad mediante actividades recreativas y de socializaci\u00f3n.<br \/>\nEn esta oportunidad, alumnos de la Escuela 1237 \u00abProf. Jos\u00e9 G\u00f3mez Basualdo\u00bb y el colegio \u00abHermano Hermas de Bruijn\u00bb, participaron en talleres informativos, plantaron \u00e1rboles en terrenos donde antes hab\u00eda residuos domiciliarios, pintaron murales colectivos y recolectaron mini basurales.<br \/>\n\u00abEs un orgullo para el municipio trabajar en pol\u00edticas medio ambientales que cuiden nuestra casa com\u00fan, con el acompa\u00f1amiento de los estudiantes y de otros actores de la sociedad para dejar una huella verde que perdure en el tiempo\u00bb, indic\u00f3 la jefa comunal.<br \/>\n\u00abLa educaci\u00f3n y el arte son fundamentales para generar una mayor conciencia en la poblaci\u00f3n y conductas m\u00e1s responsables con el entorno natural, contagiando de buenas acciones a nuestra escuela y nuestro barrio, que es donde mayor tiempo compartimos con los dem\u00e1s\u00bb, agreg\u00f3.<br \/>\nPor su parte, el subsecretario de Medio Ambiente, Pablo Fuentes, expres\u00f3 \u00abla importancia de coordinar acciones entre los Estados provincial y municipal para brindar m\u00e1s espacios de participaci\u00f3n a la juventud, quienes tienen las ideas y el compromiso para impulsar medidas que, aunque sean peque\u00f1as, generan grandes cambios en su entorno\u00bb.<\/p>\n","protected":false},"excerpt":{"rendered":"<p>La intendente de la Capital, Ing. Norma Fuentes, particip\u00f3 de la jornada de \u00abTransformAcci\u00f3n\u00bb realizada en el barrio La Cat\u00f3lica, donde j\u00f3venes, vecinos y organizaciones sociales intervinieron para limpiar y embellecer espacios p\u00fablicos. El programa, organizado por la Direcci\u00f3n de la Juventud en articulaci\u00f3n con la Subsecretar\u00eda de Medio Ambiente, busca promover la conciencia ambiental en la comunidad mediante actividades recreativas y de socializaci\u00f3n. En esta oportunidad, alumnos de la Escuela 1237 \u00abProf. Jos\u00e9 G\u00f3mez Basualdo\u00bb y el colegio \u00abHermano Hermas de Bruijn\u00bb, participaron en talleres informativos, plantaron \u00e1rboles en&hellip;<\/p>\n","protected":false},"author":1,"featured_media":16014,"comment_status":"closed","ping_status":"closed","sticky":false,"template":"","format":"standard","meta":{"footnotes":""},"categories":[9],"tags":[],"class_list":["post-16013","post","type-post","status-publish","format-standard","has-post-thumbnail","hentry","category-noticias"],"rttpg_featured_image_url":{"full":["https:\/\/livingmultimediosde.net.ar\/INDEX\/wp-content\/uploads\/2025\/10\/estudiantes-jornada-medio-ambiente.jpg",900,599,false],"landscape":["https:\/\/livingmultimediosde.net.ar\/INDEX\/wp-content\/uploads\/2025\/10\/estudiantes-jornada-medio-ambiente.jpg",900,599,false],"portraits":["https:\/\/livingmultimediosde.net.ar\/INDEX\/wp-content\/uploads\/2025\/10\/estudiantes-jornada-medio-ambiente.jpg",900,599,false],"thumbnail":["https:\/\/livingmultimediosde.net.ar\/INDEX\/wp-content\/uploads\/2025\/10\/estudiantes-jornada-medio-ambiente-150x150.jpg",150,150,true],"medium":["https:\/\/livingmultimediosde.net.ar\/INDEX\/wp-content\/uploads\/2025\/10\/estudiantes-jornada-medio-ambiente-300x200.jpg",300,200,true],"large":["https:\/\/livingmultimediosde.net.ar\/INDEX\/wp-content\/uploads\/2025\/10\/estudiantes-jornada-medio-ambiente.jpg",640,426,false],"1536x1536":["https:\/\/livingmultimediosde.net.ar\/INDEX\/wp-content\/uploads\/2025\/10\/estudiantes-jornada-medio-ambiente.jpg",900,599,false],"2048x2048":["https:\/\/livingmultimediosde.net.ar\/INDEX\/wp-content\/uploads\/2025\/10\/estudiantes-jornada-medio-ambiente.jpg",900,599,false],"post-thumbnail":["https:\/\/livingmultimediosde.net.ar\/INDEX\/wp-content\/uploads\/2025\/10\/estudiantes-jornada-medio-ambiente-240x172.jpg",240,172,true]},"rttpg_author":{"display_name":"rober","author_link":"https:\/\/livingmultimediosde.net.ar\/INDEX\/author\/rober\/"},"rttpg_comment":0,"rttpg_category":"<a href=\"https:\/\/livingmultimediosde.net.ar\/INDEX\/category\/noticias\/\" rel=\"category tag\">NOTICIAS<\/a>","rttpg_excerpt":"La intendente de la Capital, Ing. Norma Fuentes, particip\u00f3 de la jornada de \u00abTransformAcci\u00f3n\u00bb realizada en el barrio La Cat\u00f3lica, donde j\u00f3venes, vecinos y organizaciones sociales intervinieron para limpiar y embellecer espacios p\u00fablicos. El programa, organizado por la Direcci\u00f3n de la Juventud en articulaci\u00f3n con la Subsecretar\u00eda de Medio Ambiente, busca promover la conciencia ambiental&hellip;","_links":{"self":[{"href":"https:\/\/livingmultimediosde.net.ar\/INDEX\/wp-json\/wp\/v2\/posts\/16013","targetHints":{"allow":["GET"]}}],"collection":[{"href":"https:\/\/livingmultimediosde.net.ar\/INDEX\/wp-json\/wp\/v2\/posts"}],"about":[{"href":"https:\/\/livingmultimediosde.net.ar\/INDEX\/wp-json\/wp\/v2\/types\/post"}],"author":[{"embeddable":true,"href":"https:\/\/livingmultimediosde.net.ar\/INDEX\/wp-json\/wp\/v2\/users\/1"}],"replies":[{"embeddable":true,"href":"https:\/\/livingmultimediosde.net.ar\/INDEX\/wp-json\/wp\/v2\/comments?post=16013"}],"version-history":[{"count":1,"href":"https:\/\/livingmultimediosde.net.ar\/INDEX\/wp-json\/wp\/v2\/posts\/16013\/revisions"}],"predecessor-version":[{"id":16015,"href":"https:\/\/livingmultimediosde.net.ar\/INDEX\/wp-json\/wp\/v2\/posts\/16013\/revisions\/16015"}],"wp:featuredmedia":[{"embeddable":true,"href":"https:\/\/livingmultimediosde.net.ar\/INDEX\/wp-json\/wp\/v2\/media\/16014"}],"wp:attachment":[{"href":"https:\/\/livingmultimediosde.net.ar\/INDEX\/wp-json\/wp\/v2\/media?parent=16013"}],"wp:term":[{"taxonomy":"category","embeddable":true,"href":"https:\/\/livingmultimediosde.net.ar\/INDEX\/wp-json\/wp\/v2\/categories?post=16013"},{"taxonomy":"post_tag","embeddable":true,"href":"https:\/\/livingmultimediosde.net.ar\/INDEX\/wp-json\/wp\/v2\/tags?post=16013"}],"curies":[{"name":"wp","href":"https:\/\/api.w.org\/{rel}","templated":true}]}}