{"id":16000,"date":"2025-10-21T06:10:03","date_gmt":"2025-10-21T06:10:03","guid":{"rendered":"https:\/\/livingmultimediosde.net.ar\/INDEX\/?p=16000"},"modified":"2025-10-21T06:10:03","modified_gmt":"2025-10-21T06:10:03","slug":"zamora-recibio-el-respaldo-de-miles-de-militantes","status":"publish","type":"post","link":"https:\/\/livingmultimediosde.net.ar\/INDEX\/2025\/10\/zamora-recibio-el-respaldo-de-miles-de-militantes\/","title":{"rendered":"ZAMORA RECIBI\u00d3 EL RESPALDO DE MILES DE MILITANTES"},"content":{"rendered":"<p>El m\u00e1ximo referente del Frente C\u00edvico por Santiago y candidato a senador nacional, Gerardo Zamora, encabez\u00f3 este lunes por la tarde dos importantes plenarios, donde recibi\u00f3 el masivo respaldo de miles de dirigentes, militantes y vecinos.<br \/>\nEl primer encuentro se desarroll\u00f3 en el Club de Maestros de la ciudad Capital, con dirigentes de los circuitos 8, 8A y 8B; y el segundo en el Club Villa Hortensia con representantes de los circuitos 7 y 7 C.<br \/>\nEl candidato a senador inst\u00f3 a los fiscales de mesa, encargados de escuelas, fiscales generales y a la militancia en general a que salgan y se re\u00fanan con la gente para explicar el nuevo sistema de votaci\u00f3n.<br \/>\nEl gobernador dio un firme respaldo a la figura de El\u00edas Su\u00e1rez, \u00abya que tiene experiencia y capacidad y es el mejor garante de todo lo realizado, quien va seguir trabajando en la continuidad de nuestro proyecto\u201d, expres\u00f3 ante la multitud que anticip\u00f3 un rotundo triunfo en las elecciones del domingo 26.<br \/>\nAntes de despedirse, Zamora agradeci\u00f3 a cada uno de los santiague\u00f1os que acompa\u00f1an este proyecto y en su nombre, de El\u00edas Su\u00e1rez, y de todos los que integran el Frente C\u00edvico por Santiago.<\/p>\n","protected":false},"excerpt":{"rendered":"<p>El m\u00e1ximo referente del Frente C\u00edvico por Santiago y candidato a senador nacional, Gerardo Zamora, encabez\u00f3 este lunes por la tarde dos importantes plenarios, donde recibi\u00f3 el masivo respaldo de miles de dirigentes, militantes y vecinos. El primer encuentro se desarroll\u00f3 en el Club de Maestros de la ciudad Capital, con dirigentes de los circuitos 8, 8A y 8B; y el segundo en el Club Villa Hortensia con representantes de los circuitos 7 y 7 C. El candidato a senador inst\u00f3 a los fiscales de mesa, encargados de escuelas, fiscales&hellip;<\/p>\n","protected":false},"author":1,"featured_media":16001,"comment_status":"closed","ping_status":"closed","sticky":false,"template":"","format":"standard","meta":{"footnotes":""},"categories":[9],"tags":[],"class_list":["post-16000","post","type-post","status-publish","format-standard","has-post-thumbnail","hentry","category-noticias"],"rttpg_featured_image_url":{"full":["https:\/\/livingmultimediosde.net.ar\/INDEX\/wp-content\/uploads\/2025\/10\/WhatsApp-Image-2025-10-20-at-10.58.18-PM.jpeg",1280,798,false],"landscape":["https:\/\/livingmultimediosde.net.ar\/INDEX\/wp-content\/uploads\/2025\/10\/WhatsApp-Image-2025-10-20-at-10.58.18-PM.jpeg",1280,798,false],"portraits":["https:\/\/livingmultimediosde.net.ar\/INDEX\/wp-content\/uploads\/2025\/10\/WhatsApp-Image-2025-10-20-at-10.58.18-PM.jpeg",1280,798,false],"thumbnail":["https:\/\/livingmultimediosde.net.ar\/INDEX\/wp-content\/uploads\/2025\/10\/WhatsApp-Image-2025-10-20-at-10.58.18-PM-150x150.jpeg",150,150,true],"medium":["https:\/\/livingmultimediosde.net.ar\/INDEX\/wp-content\/uploads\/2025\/10\/WhatsApp-Image-2025-10-20-at-10.58.18-PM-300x187.jpeg",300,187,true],"large":["https:\/\/livingmultimediosde.net.ar\/INDEX\/wp-content\/uploads\/2025\/10\/WhatsApp-Image-2025-10-20-at-10.58.18-PM-1024x638.jpeg",640,399,true],"1536x1536":["https:\/\/livingmultimediosde.net.ar\/INDEX\/wp-content\/uploads\/2025\/10\/WhatsApp-Image-2025-10-20-at-10.58.18-PM.jpeg",1280,798,false],"2048x2048":["https:\/\/livingmultimediosde.net.ar\/INDEX\/wp-content\/uploads\/2025\/10\/WhatsApp-Image-2025-10-20-at-10.58.18-PM.jpeg",1280,798,false],"post-thumbnail":["https:\/\/livingmultimediosde.net.ar\/INDEX\/wp-content\/uploads\/2025\/10\/WhatsApp-Image-2025-10-20-at-10.58.18-PM-240x172.jpeg",240,172,true]},"rttpg_author":{"display_name":"rober","author_link":"https:\/\/livingmultimediosde.net.ar\/INDEX\/author\/rober\/"},"rttpg_comment":0,"rttpg_category":"<a href=\"https:\/\/livingmultimediosde.net.ar\/INDEX\/category\/noticias\/\" rel=\"category tag\">NOTICIAS<\/a>","rttpg_excerpt":"El m\u00e1ximo referente del Frente C\u00edvico por Santiago y candidato a senador nacional, Gerardo Zamora, encabez\u00f3 este lunes por la tarde dos importantes plenarios, donde recibi\u00f3 el masivo respaldo de miles de dirigentes, militantes y vecinos. El primer encuentro se desarroll\u00f3 en el Club de Maestros de la ciudad Capital, con dirigentes de los circuitos&hellip;","_links":{"self":[{"href":"https:\/\/livingmultimediosde.net.ar\/INDEX\/wp-json\/wp\/v2\/posts\/16000","targetHints":{"allow":["GET"]}}],"collection":[{"href":"https:\/\/livingmultimediosde.net.ar\/INDEX\/wp-json\/wp\/v2\/posts"}],"about":[{"href":"https:\/\/livingmultimediosde.net.ar\/INDEX\/wp-json\/wp\/v2\/types\/post"}],"author":[{"embeddable":true,"href":"https:\/\/livingmultimediosde.net.ar\/INDEX\/wp-json\/wp\/v2\/users\/1"}],"replies":[{"embeddable":true,"href":"https:\/\/livingmultimediosde.net.ar\/INDEX\/wp-json\/wp\/v2\/comments?post=16000"}],"version-history":[{"count":1,"href":"https:\/\/livingmultimediosde.net.ar\/INDEX\/wp-json\/wp\/v2\/posts\/16000\/revisions"}],"predecessor-version":[{"id":16002,"href":"https:\/\/livingmultimediosde.net.ar\/INDEX\/wp-json\/wp\/v2\/posts\/16000\/revisions\/16002"}],"wp:featuredmedia":[{"embeddable":true,"href":"https:\/\/livingmultimediosde.net.ar\/INDEX\/wp-json\/wp\/v2\/media\/16001"}],"wp:attachment":[{"href":"https:\/\/livingmultimediosde.net.ar\/INDEX\/wp-json\/wp\/v2\/media?parent=16000"}],"wp:term":[{"taxonomy":"category","embeddable":true,"href":"https:\/\/livingmultimediosde.net.ar\/INDEX\/wp-json\/wp\/v2\/categories?post=16000"},{"taxonomy":"post_tag","embeddable":true,"href":"https:\/\/livingmultimediosde.net.ar\/INDEX\/wp-json\/wp\/v2\/tags?post=16000"}],"curies":[{"name":"wp","href":"https:\/\/api.w.org\/{rel}","templated":true}]}}