{"id":15993,"date":"2025-10-21T06:03:10","date_gmt":"2025-10-21T06:03:10","guid":{"rendered":"https:\/\/livingmultimediosde.net.ar\/INDEX\/?p=15993"},"modified":"2025-10-21T06:03:10","modified_gmt":"2025-10-21T06:03:10","slug":"la-intendente-fuentes-y-la-ministra-de-salud-nassif-visitaron-el-operativo-de-mamografias-gratuitas-en-la-plaza-libertad","status":"publish","type":"post","link":"https:\/\/livingmultimediosde.net.ar\/INDEX\/2025\/10\/la-intendente-fuentes-y-la-ministra-de-salud-nassif-visitaron-el-operativo-de-mamografias-gratuitas-en-la-plaza-libertad\/","title":{"rendered":"LA INTENDENTE FUENTES Y LA MINISTRA DE SALUD NASSIF VISITARON EL OPERATIVO DE MAMOGRAF\u00cdAS GRATUITAS EN LA PLAZA LIBERTAD"},"content":{"rendered":"<p>La intendente de la Capital, Ing. Norma Fuentes y la ministra de Salud, Natividad Nassif; visitaron el operativo de mamograf\u00edas gratuitas realizado en la Unidad Sanitaria M\u00f3vil de la Mujer que se instal\u00f3 en la Plaza Libertad.<br \/>\nOrganizada en articulaci\u00f3n con la Fundaci\u00f3n Mujer, la actividad se desarroll\u00f3 en el marco del D\u00eda Internacional de Lucha Contra el C\u00e1ncer de Mama y tuvo como prop\u00f3sito generar conciencia sobre la importancia del diagn\u00f3stico precoz para salvar vidas.<br \/>\nEn este sentido, la jefa comunal indic\u00f3 que \u00abcada octubre rosa, impulsamos actividades en conjunto con el Ministerio de Salud y la Fundaci\u00f3n Mujer para sensibilizar a la comunidad sobre la prevenci\u00f3n y el cuidado de la salud de las mujeres\u00bb.<br \/>\n\u00abEn los centros de salud p\u00fablicos ubicados en todos los barrios de la ciudad, los vecinos pueden acceder a los servicios y la atenci\u00f3n de calidad que necesitan para obtener un diagn\u00f3stico precoz\u00bb, se\u00f1al\u00f3.<br \/>\nPor su parte, la ministra Nassif resalt\u00f3 la importancia \u00abde acercar a las mujeres santiague\u00f1as los estudios m\u00e9dicos necesarios para la detecci\u00f3n temprana del c\u00e1ncer de mama, que resulta de vital importancia para salvar la vida de la paciente\u00bb.<br \/>\n\u00abLos hospitales zonales y distritales distribuidos en toda la provincia est\u00e1n equipados con mam\u00f3grafos para atender a las mujeres, adem\u00e1s de brindar consultas y asesoramientos virtuales a quienes viven en zonas rurales o alejadas\u00bb, destac\u00f3.<br \/>\nEn tanto, la presidenta de la Fundaci\u00f3n Mujer, Delia Raab de \u00c1lvarez, remarc\u00f3 \u00abla necesidad de que las asociaciones civiles y el Estado trabajen articuladamente para concretar pol\u00edticas efectivas de cuidado de la salud\u00bb.<br \/>\nEn la oportunidad tambi\u00e9n se entreg\u00f3 folleter\u00eda informativa a las transe\u00fantes y nuevos turnos para mamograf\u00edas en las UPAS y CAPS m\u00e1s cercanos al domicilio de la vecina interesada.<\/p>\n","protected":false},"excerpt":{"rendered":"<p>La intendente de la Capital, Ing. Norma Fuentes y la ministra de Salud, Natividad Nassif; visitaron el operativo de mamograf\u00edas gratuitas realizado en la Unidad Sanitaria M\u00f3vil de la Mujer que se instal\u00f3 en la Plaza Libertad. Organizada en articulaci\u00f3n con la Fundaci\u00f3n Mujer, la actividad se desarroll\u00f3 en el marco del D\u00eda Internacional de Lucha Contra el C\u00e1ncer de Mama y tuvo como prop\u00f3sito generar conciencia sobre la importancia del diagn\u00f3stico precoz para salvar vidas. En este sentido, la jefa comunal indic\u00f3 que \u00abcada octubre rosa, impulsamos actividades en&hellip;<\/p>\n","protected":false},"author":1,"featured_media":15995,"comment_status":"closed","ping_status":"closed","sticky":false,"template":"","format":"standard","meta":{"footnotes":""},"categories":[9],"tags":[],"class_list":["post-15993","post","type-post","status-publish","format-standard","has-post-thumbnail","hentry","category-noticias"],"rttpg_featured_image_url":{"full":["https:\/\/livingmultimediosde.net.ar\/INDEX\/wp-content\/uploads\/2025\/10\/Operativo-mamografias.jpg",900,599,false],"landscape":["https:\/\/livingmultimediosde.net.ar\/INDEX\/wp-content\/uploads\/2025\/10\/Operativo-mamografias.jpg",900,599,false],"portraits":["https:\/\/livingmultimediosde.net.ar\/INDEX\/wp-content\/uploads\/2025\/10\/Operativo-mamografias.jpg",900,599,false],"thumbnail":["https:\/\/livingmultimediosde.net.ar\/INDEX\/wp-content\/uploads\/2025\/10\/Operativo-mamografias-150x150.jpg",150,150,true],"medium":["https:\/\/livingmultimediosde.net.ar\/INDEX\/wp-content\/uploads\/2025\/10\/Operativo-mamografias-300x200.jpg",300,200,true],"large":["https:\/\/livingmultimediosde.net.ar\/INDEX\/wp-content\/uploads\/2025\/10\/Operativo-mamografias.jpg",640,426,false],"1536x1536":["https:\/\/livingmultimediosde.net.ar\/INDEX\/wp-content\/uploads\/2025\/10\/Operativo-mamografias.jpg",900,599,false],"2048x2048":["https:\/\/livingmultimediosde.net.ar\/INDEX\/wp-content\/uploads\/2025\/10\/Operativo-mamografias.jpg",900,599,false],"post-thumbnail":["https:\/\/livingmultimediosde.net.ar\/INDEX\/wp-content\/uploads\/2025\/10\/Operativo-mamografias-240x172.jpg",240,172,true]},"rttpg_author":{"display_name":"rober","author_link":"https:\/\/livingmultimediosde.net.ar\/INDEX\/author\/rober\/"},"rttpg_comment":0,"rttpg_category":"<a href=\"https:\/\/livingmultimediosde.net.ar\/INDEX\/category\/noticias\/\" rel=\"category tag\">NOTICIAS<\/a>","rttpg_excerpt":"La intendente de la Capital, Ing. Norma Fuentes y la ministra de Salud, Natividad Nassif; visitaron el operativo de mamograf\u00edas gratuitas realizado en la Unidad Sanitaria M\u00f3vil de la Mujer que se instal\u00f3 en la Plaza Libertad. Organizada en articulaci\u00f3n con la Fundaci\u00f3n Mujer, la actividad se desarroll\u00f3 en el marco del D\u00eda Internacional de&hellip;","_links":{"self":[{"href":"https:\/\/livingmultimediosde.net.ar\/INDEX\/wp-json\/wp\/v2\/posts\/15993","targetHints":{"allow":["GET"]}}],"collection":[{"href":"https:\/\/livingmultimediosde.net.ar\/INDEX\/wp-json\/wp\/v2\/posts"}],"about":[{"href":"https:\/\/livingmultimediosde.net.ar\/INDEX\/wp-json\/wp\/v2\/types\/post"}],"author":[{"embeddable":true,"href":"https:\/\/livingmultimediosde.net.ar\/INDEX\/wp-json\/wp\/v2\/users\/1"}],"replies":[{"embeddable":true,"href":"https:\/\/livingmultimediosde.net.ar\/INDEX\/wp-json\/wp\/v2\/comments?post=15993"}],"version-history":[{"count":1,"href":"https:\/\/livingmultimediosde.net.ar\/INDEX\/wp-json\/wp\/v2\/posts\/15993\/revisions"}],"predecessor-version":[{"id":15996,"href":"https:\/\/livingmultimediosde.net.ar\/INDEX\/wp-json\/wp\/v2\/posts\/15993\/revisions\/15996"}],"wp:featuredmedia":[{"embeddable":true,"href":"https:\/\/livingmultimediosde.net.ar\/INDEX\/wp-json\/wp\/v2\/media\/15995"}],"wp:attachment":[{"href":"https:\/\/livingmultimediosde.net.ar\/INDEX\/wp-json\/wp\/v2\/media?parent=15993"}],"wp:term":[{"taxonomy":"category","embeddable":true,"href":"https:\/\/livingmultimediosde.net.ar\/INDEX\/wp-json\/wp\/v2\/categories?post=15993"},{"taxonomy":"post_tag","embeddable":true,"href":"https:\/\/livingmultimediosde.net.ar\/INDEX\/wp-json\/wp\/v2\/tags?post=15993"}],"curies":[{"name":"wp","href":"https:\/\/api.w.org\/{rel}","templated":true}]}}