{"id":15984,"date":"2025-10-20T11:38:00","date_gmt":"2025-10-20T11:38:00","guid":{"rendered":"https:\/\/livingmultimediosde.net.ar\/INDEX\/?p=15984"},"modified":"2025-10-20T11:38:00","modified_gmt":"2025-10-20T11:38:00","slug":"el-jardin-de-infantes-municipal-papa-francisco-del-barrio-saint-germes-abrira-sus-inscripciones-el-23-de-octubre","status":"publish","type":"post","link":"https:\/\/livingmultimediosde.net.ar\/INDEX\/2025\/10\/el-jardin-de-infantes-municipal-papa-francisco-del-barrio-saint-germes-abrira-sus-inscripciones-el-23-de-octubre\/","title":{"rendered":"EL JARD\u00cdN DE INFANTES MUNICIPAL \u201cPAPA FRANCISCO\u201d DEL BARRIO SAINT GERM\u00c9S ABRIR\u00c1 SUS INSCRIPCIONES EL 23 DE OCTUBRE"},"content":{"rendered":"<p>&nbsp;<\/p>\n<p>La Subsecretar\u00eda de Educaci\u00f3n de la Municipalidad de la Capital informa que a partir del 23 de octubre pr\u00f3ximo comenzar\u00e1 la inscripci\u00f3n a alumnos para el Jard\u00edn de Infantes N\u00b027 \u201cPapa Francisco\u201d del barrio Saint Germ\u00e9s, para Salas de 3, 4 y 5 a\u00f1os.<br \/>\nLas matr\u00edculas se podr\u00e1n realizar en la parroquia San Juan Diego, ubicada en calles San Patricio y V\u00edctor Yunes del mencionado complejo habitacional, en los horarios de 9 a 12 y de 14 a 17.<br \/>\nPara esta instancia, deber\u00e1n presentarse: DNI del ni\u00f1o y de los padres (original y copia), ficha m\u00e9dica, carnet de vacuna (original y copia), Cuil del ni\u00f1o, 2 fotos carnet y folio tama\u00f1o A4.<br \/>\nEl nuevo jard\u00edn de infantes, ubicado en Perito Moreno y avenida Col\u00f3n, se inaugurar\u00e1 a comienzos del ciclo lectivo 2026 y se trata de moderna instituci\u00f3n que estimular\u00e1 la conciencia ambiental y la convivencia arm\u00f3nica con el entorno natural.<br \/>\nEstar\u00e1 equipado con un laboratorio, una sala de arte, una ludoteca y un anfiteatro con gradas de hormig\u00f3n y una estructura met\u00e1lica que formar\u00e1n un domo geod\u00e9sico. Tambi\u00e9n poseer\u00e1 termotanques solares, juegos infantiles con pisos antigolpes, un circuito deportivo, recreativo y de estar, donde se destaca el sistema de alumbrado con artefactos, en su mayor\u00eda con energ\u00eda solar.<\/p>\n","protected":false},"excerpt":{"rendered":"<p>&nbsp; La Subsecretar\u00eda de Educaci\u00f3n de la Municipalidad de la Capital informa que a partir del 23 de octubre pr\u00f3ximo comenzar\u00e1 la inscripci\u00f3n a alumnos para el Jard\u00edn de Infantes N\u00b027 \u201cPapa Francisco\u201d del barrio Saint Germ\u00e9s, para Salas de 3, 4 y 5 a\u00f1os. Las matr\u00edculas se podr\u00e1n realizar en la parroquia San Juan Diego, ubicada en calles San Patricio y V\u00edctor Yunes del mencionado complejo habitacional, en los horarios de 9 a 12 y de 14 a 17. Para esta instancia, deber\u00e1n presentarse: DNI del ni\u00f1o y de&hellip;<\/p>\n","protected":false},"author":1,"featured_media":15985,"comment_status":"closed","ping_status":"closed","sticky":false,"template":"","format":"standard","meta":{"footnotes":""},"categories":[9],"tags":[],"class_list":["post-15984","post","type-post","status-publish","format-standard","has-post-thumbnail","hentry","category-noticias"],"rttpg_featured_image_url":{"full":["https:\/\/livingmultimediosde.net.ar\/INDEX\/wp-content\/uploads\/2025\/10\/jardin-nuevo.jpeg",1200,1007,false],"landscape":["https:\/\/livingmultimediosde.net.ar\/INDEX\/wp-content\/uploads\/2025\/10\/jardin-nuevo.jpeg",1200,1007,false],"portraits":["https:\/\/livingmultimediosde.net.ar\/INDEX\/wp-content\/uploads\/2025\/10\/jardin-nuevo.jpeg",1200,1007,false],"thumbnail":["https:\/\/livingmultimediosde.net.ar\/INDEX\/wp-content\/uploads\/2025\/10\/jardin-nuevo-150x150.jpeg",150,150,true],"medium":["https:\/\/livingmultimediosde.net.ar\/INDEX\/wp-content\/uploads\/2025\/10\/jardin-nuevo-300x252.jpeg",300,252,true],"large":["https:\/\/livingmultimediosde.net.ar\/INDEX\/wp-content\/uploads\/2025\/10\/jardin-nuevo-1024x859.jpeg",640,537,true],"1536x1536":["https:\/\/livingmultimediosde.net.ar\/INDEX\/wp-content\/uploads\/2025\/10\/jardin-nuevo.jpeg",1200,1007,false],"2048x2048":["https:\/\/livingmultimediosde.net.ar\/INDEX\/wp-content\/uploads\/2025\/10\/jardin-nuevo.jpeg",1200,1007,false],"post-thumbnail":["https:\/\/livingmultimediosde.net.ar\/INDEX\/wp-content\/uploads\/2025\/10\/jardin-nuevo-240x172.jpeg",240,172,true]},"rttpg_author":{"display_name":"rober","author_link":"https:\/\/livingmultimediosde.net.ar\/INDEX\/author\/rober\/"},"rttpg_comment":0,"rttpg_category":"<a href=\"https:\/\/livingmultimediosde.net.ar\/INDEX\/category\/noticias\/\" rel=\"category tag\">NOTICIAS<\/a>","rttpg_excerpt":"&nbsp; La Subsecretar\u00eda de Educaci\u00f3n de la Municipalidad de la Capital informa que a partir del 23 de octubre pr\u00f3ximo comenzar\u00e1 la inscripci\u00f3n a alumnos para el Jard\u00edn de Infantes N\u00b027 \u201cPapa Francisco\u201d del barrio Saint Germ\u00e9s, para Salas de 3, 4 y 5 a\u00f1os. Las matr\u00edculas se podr\u00e1n realizar en la parroquia San Juan&hellip;","_links":{"self":[{"href":"https:\/\/livingmultimediosde.net.ar\/INDEX\/wp-json\/wp\/v2\/posts\/15984","targetHints":{"allow":["GET"]}}],"collection":[{"href":"https:\/\/livingmultimediosde.net.ar\/INDEX\/wp-json\/wp\/v2\/posts"}],"about":[{"href":"https:\/\/livingmultimediosde.net.ar\/INDEX\/wp-json\/wp\/v2\/types\/post"}],"author":[{"embeddable":true,"href":"https:\/\/livingmultimediosde.net.ar\/INDEX\/wp-json\/wp\/v2\/users\/1"}],"replies":[{"embeddable":true,"href":"https:\/\/livingmultimediosde.net.ar\/INDEX\/wp-json\/wp\/v2\/comments?post=15984"}],"version-history":[{"count":1,"href":"https:\/\/livingmultimediosde.net.ar\/INDEX\/wp-json\/wp\/v2\/posts\/15984\/revisions"}],"predecessor-version":[{"id":15986,"href":"https:\/\/livingmultimediosde.net.ar\/INDEX\/wp-json\/wp\/v2\/posts\/15984\/revisions\/15986"}],"wp:featuredmedia":[{"embeddable":true,"href":"https:\/\/livingmultimediosde.net.ar\/INDEX\/wp-json\/wp\/v2\/media\/15985"}],"wp:attachment":[{"href":"https:\/\/livingmultimediosde.net.ar\/INDEX\/wp-json\/wp\/v2\/media?parent=15984"}],"wp:term":[{"taxonomy":"category","embeddable":true,"href":"https:\/\/livingmultimediosde.net.ar\/INDEX\/wp-json\/wp\/v2\/categories?post=15984"},{"taxonomy":"post_tag","embeddable":true,"href":"https:\/\/livingmultimediosde.net.ar\/INDEX\/wp-json\/wp\/v2\/tags?post=15984"}],"curies":[{"name":"wp","href":"https:\/\/api.w.org\/{rel}","templated":true}]}}