{"id":15981,"date":"2025-10-20T11:35:47","date_gmt":"2025-10-20T11:35:47","guid":{"rendered":"https:\/\/livingmultimediosde.net.ar\/INDEX\/?p=15981"},"modified":"2025-10-20T11:35:47","modified_gmt":"2025-10-20T11:35:47","slug":"la-municipalidad-informo-del-operativo-realizado-para-organizar-el-movimiento-de-visitantes-durante-el-fin-de-semana-en-la-piedad","status":"publish","type":"post","link":"https:\/\/livingmultimediosde.net.ar\/INDEX\/2025\/10\/la-municipalidad-informo-del-operativo-realizado-para-organizar-el-movimiento-de-visitantes-durante-el-fin-de-semana-en-la-piedad\/","title":{"rendered":"LA MUNICIPALIDAD INFORM\u00d3 DEL OPERATIVO REALIZADO PARA ORGANIZAR EL MOVIMIENTO DE VISITANTES DURANTE EL FIN DE SEMANA EN LA PIEDAD"},"content":{"rendered":"<p>Personal de distintas \u00e1reas de la Municipalidad de la Capital realizaron durante el fin de semana un operativo integral para organizar el movimiento de la gran cantidad de concurrentes en el cementerio La Piedad por el D\u00eda de la Madre.<br \/>\nEl trabajo se concret\u00f3 el s\u00e1bado y domingo en horario corrido de 7 a 19 horas y forma parte de las tareas que se llevan adelante en fechas especiales durante el a\u00f1o.<br \/>\nEl operativo implic\u00f3 la participaci\u00f3n de empleados de las direcciones de Tr\u00e1nsito, Calidad de Vida, Servicios Urbanos, Defensa Civil, Salud y personal del mismo cementerio.<br \/>\nTambi\u00e9n durante la jornada del domingo los secretarios de Coordinaci\u00f3n, Daniel Kobilanski, y de Planeamiento, Obras y Servicios P\u00fablicos, Marcelo Vila, y la subsecretaroa de Educaci\u00f3n, Nancy Bravo, formaron parte de un homenaje y recordatorio a las madres fallecidas con la colocaci\u00f3n de una ofrenda floral y una ceremonia religiosa en el Cristo de La Piedad.<\/p>\n","protected":false},"excerpt":{"rendered":"<p>Personal de distintas \u00e1reas de la Municipalidad de la Capital realizaron durante el fin de semana un operativo integral para organizar el movimiento de la gran cantidad de concurrentes en el cementerio La Piedad por el D\u00eda de la Madre. El trabajo se concret\u00f3 el s\u00e1bado y domingo en horario corrido de 7 a 19 horas y forma parte de las tareas que se llevan adelante en fechas especiales durante el a\u00f1o. El operativo implic\u00f3 la participaci\u00f3n de empleados de las direcciones de Tr\u00e1nsito, Calidad de Vida, Servicios Urbanos, Defensa&hellip;<\/p>\n","protected":false},"author":1,"featured_media":15982,"comment_status":"closed","ping_status":"closed","sticky":false,"template":"","format":"standard","meta":{"footnotes":""},"categories":[9],"tags":[],"class_list":["post-15981","post","type-post","status-publish","format-standard","has-post-thumbnail","hentry","category-noticias"],"rttpg_featured_image_url":{"full":["https:\/\/livingmultimediosde.net.ar\/INDEX\/wp-content\/uploads\/2025\/10\/la-piedad4.jpeg",1280,853,false],"landscape":["https:\/\/livingmultimediosde.net.ar\/INDEX\/wp-content\/uploads\/2025\/10\/la-piedad4.jpeg",1280,853,false],"portraits":["https:\/\/livingmultimediosde.net.ar\/INDEX\/wp-content\/uploads\/2025\/10\/la-piedad4.jpeg",1280,853,false],"thumbnail":["https:\/\/livingmultimediosde.net.ar\/INDEX\/wp-content\/uploads\/2025\/10\/la-piedad4-150x150.jpeg",150,150,true],"medium":["https:\/\/livingmultimediosde.net.ar\/INDEX\/wp-content\/uploads\/2025\/10\/la-piedad4-300x200.jpeg",300,200,true],"large":["https:\/\/livingmultimediosde.net.ar\/INDEX\/wp-content\/uploads\/2025\/10\/la-piedad4-1024x682.jpeg",640,426,true],"1536x1536":["https:\/\/livingmultimediosde.net.ar\/INDEX\/wp-content\/uploads\/2025\/10\/la-piedad4.jpeg",1280,853,false],"2048x2048":["https:\/\/livingmultimediosde.net.ar\/INDEX\/wp-content\/uploads\/2025\/10\/la-piedad4.jpeg",1280,853,false],"post-thumbnail":["https:\/\/livingmultimediosde.net.ar\/INDEX\/wp-content\/uploads\/2025\/10\/la-piedad4-240x172.jpeg",240,172,true]},"rttpg_author":{"display_name":"rober","author_link":"https:\/\/livingmultimediosde.net.ar\/INDEX\/author\/rober\/"},"rttpg_comment":0,"rttpg_category":"<a href=\"https:\/\/livingmultimediosde.net.ar\/INDEX\/category\/noticias\/\" rel=\"category tag\">NOTICIAS<\/a>","rttpg_excerpt":"Personal de distintas \u00e1reas de la Municipalidad de la Capital realizaron durante el fin de semana un operativo integral para organizar el movimiento de la gran cantidad de concurrentes en el cementerio La Piedad por el D\u00eda de la Madre. El trabajo se concret\u00f3 el s\u00e1bado y domingo en horario corrido de 7 a 19&hellip;","_links":{"self":[{"href":"https:\/\/livingmultimediosde.net.ar\/INDEX\/wp-json\/wp\/v2\/posts\/15981","targetHints":{"allow":["GET"]}}],"collection":[{"href":"https:\/\/livingmultimediosde.net.ar\/INDEX\/wp-json\/wp\/v2\/posts"}],"about":[{"href":"https:\/\/livingmultimediosde.net.ar\/INDEX\/wp-json\/wp\/v2\/types\/post"}],"author":[{"embeddable":true,"href":"https:\/\/livingmultimediosde.net.ar\/INDEX\/wp-json\/wp\/v2\/users\/1"}],"replies":[{"embeddable":true,"href":"https:\/\/livingmultimediosde.net.ar\/INDEX\/wp-json\/wp\/v2\/comments?post=15981"}],"version-history":[{"count":1,"href":"https:\/\/livingmultimediosde.net.ar\/INDEX\/wp-json\/wp\/v2\/posts\/15981\/revisions"}],"predecessor-version":[{"id":15983,"href":"https:\/\/livingmultimediosde.net.ar\/INDEX\/wp-json\/wp\/v2\/posts\/15981\/revisions\/15983"}],"wp:featuredmedia":[{"embeddable":true,"href":"https:\/\/livingmultimediosde.net.ar\/INDEX\/wp-json\/wp\/v2\/media\/15982"}],"wp:attachment":[{"href":"https:\/\/livingmultimediosde.net.ar\/INDEX\/wp-json\/wp\/v2\/media?parent=15981"}],"wp:term":[{"taxonomy":"category","embeddable":true,"href":"https:\/\/livingmultimediosde.net.ar\/INDEX\/wp-json\/wp\/v2\/categories?post=15981"},{"taxonomy":"post_tag","embeddable":true,"href":"https:\/\/livingmultimediosde.net.ar\/INDEX\/wp-json\/wp\/v2\/tags?post=15981"}],"curies":[{"name":"wp","href":"https:\/\/api.w.org\/{rel}","templated":true}]}}