{"id":15975,"date":"2025-10-19T15:26:33","date_gmt":"2025-10-19T15:26:33","guid":{"rendered":"https:\/\/livingmultimediosde.net.ar\/INDEX\/?p=15975"},"modified":"2025-10-19T15:26:33","modified_gmt":"2025-10-19T15:26:33","slug":"en-plaza-anoranzas-se-celebro-el-dia-de-la-madre-con-musica-y-la-exposicion-de-emprendedores","status":"publish","type":"post","link":"https:\/\/livingmultimediosde.net.ar\/INDEX\/2025\/10\/en-plaza-anoranzas-se-celebro-el-dia-de-la-madre-con-musica-y-la-exposicion-de-emprendedores\/","title":{"rendered":"EN PLAZA A\u00d1ORANZAS SE CELEBR\u00d3 EL D\u00cdA DE LA MADRE CON M\u00daSICA Y LA EXPOSICI\u00d3N DE EMPRENDEDORES"},"content":{"rendered":"<p>El Festival d\u00eda de la madre organizado por la Municipalidad de la Capital para homenajear a las madres santiague\u00f1as, se llev\u00f3 a cabo en un clima de celebraci\u00f3n y alegr\u00eda en plaza A\u00f1oranzas con la presentaci\u00f3n central de Daniel Agostini y Dany Hoyos en el escenario principal.<br \/>\nEl evento cont\u00f3 adem\u00e1s con la presentaci\u00f3n de Banda Aries y su tributo a Luis Miguel, La Vero cumbia, El Estallido, Valeria Facelli y el tributo a \u00c1ngela y los DJs Esteban D\u00edaz, Lautaro Navarrete y RodryMix.<br \/>\nEl espacio fue acompa\u00f1ado por una feria artesanal, con la venta y exposici\u00f3n de productos elaborados por emprendedores locales.<\/p>\n","protected":false},"excerpt":{"rendered":"<p>El Festival d\u00eda de la madre organizado por la Municipalidad de la Capital para homenajear a las madres santiague\u00f1as, se llev\u00f3 a cabo en un clima de celebraci\u00f3n y alegr\u00eda en plaza A\u00f1oranzas con la presentaci\u00f3n central de Daniel Agostini y Dany Hoyos en el escenario principal. El evento cont\u00f3 adem\u00e1s con la presentaci\u00f3n de Banda Aries y su tributo a Luis Miguel, La Vero cumbia, El Estallido, Valeria Facelli y el tributo a \u00c1ngela y los DJs Esteban D\u00edaz, Lautaro Navarrete y RodryMix. El espacio fue acompa\u00f1ado por una&hellip;<\/p>\n","protected":false},"author":1,"featured_media":15976,"comment_status":"closed","ping_status":"closed","sticky":false,"template":"","format":"standard","meta":{"footnotes":""},"categories":[9],"tags":[],"class_list":["post-15975","post","type-post","status-publish","format-standard","has-post-thumbnail","hentry","category-noticias"],"rttpg_featured_image_url":{"full":["https:\/\/livingmultimediosde.net.ar\/INDEX\/wp-content\/uploads\/2025\/10\/dia-de-la-madre.jpeg",900,565,false],"landscape":["https:\/\/livingmultimediosde.net.ar\/INDEX\/wp-content\/uploads\/2025\/10\/dia-de-la-madre.jpeg",900,565,false],"portraits":["https:\/\/livingmultimediosde.net.ar\/INDEX\/wp-content\/uploads\/2025\/10\/dia-de-la-madre.jpeg",900,565,false],"thumbnail":["https:\/\/livingmultimediosde.net.ar\/INDEX\/wp-content\/uploads\/2025\/10\/dia-de-la-madre-150x150.jpeg",150,150,true],"medium":["https:\/\/livingmultimediosde.net.ar\/INDEX\/wp-content\/uploads\/2025\/10\/dia-de-la-madre-300x188.jpeg",300,188,true],"large":["https:\/\/livingmultimediosde.net.ar\/INDEX\/wp-content\/uploads\/2025\/10\/dia-de-la-madre.jpeg",640,402,false],"1536x1536":["https:\/\/livingmultimediosde.net.ar\/INDEX\/wp-content\/uploads\/2025\/10\/dia-de-la-madre.jpeg",900,565,false],"2048x2048":["https:\/\/livingmultimediosde.net.ar\/INDEX\/wp-content\/uploads\/2025\/10\/dia-de-la-madre.jpeg",900,565,false],"post-thumbnail":["https:\/\/livingmultimediosde.net.ar\/INDEX\/wp-content\/uploads\/2025\/10\/dia-de-la-madre-240x172.jpeg",240,172,true]},"rttpg_author":{"display_name":"rober","author_link":"https:\/\/livingmultimediosde.net.ar\/INDEX\/author\/rober\/"},"rttpg_comment":0,"rttpg_category":"<a href=\"https:\/\/livingmultimediosde.net.ar\/INDEX\/category\/noticias\/\" rel=\"category tag\">NOTICIAS<\/a>","rttpg_excerpt":"El Festival d\u00eda de la madre organizado por la Municipalidad de la Capital para homenajear a las madres santiague\u00f1as, se llev\u00f3 a cabo en un clima de celebraci\u00f3n y alegr\u00eda en plaza A\u00f1oranzas con la presentaci\u00f3n central de Daniel Agostini y Dany Hoyos en el escenario principal. El evento cont\u00f3 adem\u00e1s con la presentaci\u00f3n de&hellip;","_links":{"self":[{"href":"https:\/\/livingmultimediosde.net.ar\/INDEX\/wp-json\/wp\/v2\/posts\/15975","targetHints":{"allow":["GET"]}}],"collection":[{"href":"https:\/\/livingmultimediosde.net.ar\/INDEX\/wp-json\/wp\/v2\/posts"}],"about":[{"href":"https:\/\/livingmultimediosde.net.ar\/INDEX\/wp-json\/wp\/v2\/types\/post"}],"author":[{"embeddable":true,"href":"https:\/\/livingmultimediosde.net.ar\/INDEX\/wp-json\/wp\/v2\/users\/1"}],"replies":[{"embeddable":true,"href":"https:\/\/livingmultimediosde.net.ar\/INDEX\/wp-json\/wp\/v2\/comments?post=15975"}],"version-history":[{"count":1,"href":"https:\/\/livingmultimediosde.net.ar\/INDEX\/wp-json\/wp\/v2\/posts\/15975\/revisions"}],"predecessor-version":[{"id":15977,"href":"https:\/\/livingmultimediosde.net.ar\/INDEX\/wp-json\/wp\/v2\/posts\/15975\/revisions\/15977"}],"wp:featuredmedia":[{"embeddable":true,"href":"https:\/\/livingmultimediosde.net.ar\/INDEX\/wp-json\/wp\/v2\/media\/15976"}],"wp:attachment":[{"href":"https:\/\/livingmultimediosde.net.ar\/INDEX\/wp-json\/wp\/v2\/media?parent=15975"}],"wp:term":[{"taxonomy":"category","embeddable":true,"href":"https:\/\/livingmultimediosde.net.ar\/INDEX\/wp-json\/wp\/v2\/categories?post=15975"},{"taxonomy":"post_tag","embeddable":true,"href":"https:\/\/livingmultimediosde.net.ar\/INDEX\/wp-json\/wp\/v2\/tags?post=15975"}],"curies":[{"name":"wp","href":"https:\/\/api.w.org\/{rel}","templated":true}]}}