{"id":15971,"date":"2025-10-19T15:23:15","date_gmt":"2025-10-19T15:23:15","guid":{"rendered":"https:\/\/livingmultimediosde.net.ar\/INDEX\/?p=15971"},"modified":"2025-10-19T15:23:15","modified_gmt":"2025-10-19T15:23:15","slug":"restauran-las-catacumbas-de-commodilla-la-necropolis-cristiana-resplandece-tras-1-600-anos-bajo-tierra","status":"publish","type":"post","link":"https:\/\/livingmultimediosde.net.ar\/INDEX\/2025\/10\/restauran-las-catacumbas-de-commodilla-la-necropolis-cristiana-resplandece-tras-1-600-anos-bajo-tierra\/","title":{"rendered":"Restauran las catacumbas de Commodilla: la necr\u00f3polis cristiana resplandece tras 1.600 a\u00f1os bajo tierra"},"content":{"rendered":"<p>Las catacumbas de Commodilla, un antiguo cementerio cristiano excavado bajo el suelo de Roma hace m\u00e1s de 1.600 a\u00f1os, recuperaron su esplendor original tras una compleja restauraci\u00f3n que permiti\u00f3 limpiar sus muros, frescos y murales con tecnolog\u00eda l\u00e1ser, y se preparan para recibir al p\u00fablico por primera vez en siglos.<\/p>\n<p>El proyecto, dirigido por la Pontificia Comisi\u00f3n de Arqueolog\u00eda Sacra, se prolong\u00f3 durante tres a\u00f1os y requiri\u00f3 la colaboraci\u00f3n de cuatro empresas especializadas en conservaci\u00f3n. \u201cEl trabajo fue minucioso y largo porque se trataba de un entorno extremadamente fr\u00e1gil\u201d, explic\u00f3 la arque\u00f3loga Barbara Mazzei, supervisora de la restauraci\u00f3n. \u201cLa ablaci\u00f3n l\u00e1ser nos permiti\u00f3 eliminar la suciedad acumulada durante siglos sin da\u00f1ar las superficies originales\u201d.<\/p>\n<p>Ubicadas en el barrio romano de Garbatella, las catacumbas deben su nombre, seg\u00fan los expertos, a una rica patricia romana que habr\u00eda donado el terreno en el siglo IV. En ese espacio subterr\u00e1neo fueron enterrados los m\u00e1rtires F\u00e9lix y Adauto, ejecutados durante las persecuciones del emperador Diocleciano, lo que convirti\u00f3 el lugar en un centro de culto y peregrinaci\u00f3n para los primeros cristianos.<\/p>\n<p>Restauran las catacumbas de Commodilla: la necr\u00f3polis cristiana resplandece tras 1.600 a\u00f1os bajo tierra<br \/>\nLas labores de restauraci\u00f3n sacaron a la luz una rica decoraci\u00f3n pict\u00f3rica que hab\u00eda permanecido velada por incrustaciones calc\u00e1reas. \u201cAdem\u00e1s de devolver su color a los frescos, la limpieza nos permiti\u00f3 estudiar sus t\u00e9cnicas de ejecuci\u00f3n y fechar cada una de las intervenciones art\u00edsticas\u201d, detall\u00f3 Mazzei. Seg\u00fan sus conclusiones, las primeras manifestaciones datan del siglo IV, las transformaciones estructurales corresponden al siglo VI \u2014cuando se configur\u00f3 un espacio basilical\u2014 y las \u00faltimas pinturas se realizaron en el siglo IX.<\/p>\n<p>El trabajo en un ambiente tan inestable no estuvo exento de desaf\u00edos. \u201cEn las catacumbas todo es dificultad\u201d, admiti\u00f3 la restauradora Valentina Rom\u00e8. \u201cEl mayor reto fue intervenir sin alterar el microclima, respetando el equilibrio de humedad y temperatura que preserva las pinturas. La limpieza con l\u00e1ser es muy precisa, pero tambi\u00e9n lenta y exigente\u201d.<\/p>\n<p>Los especialistas advierten que el principal riesgo para el futuro ser\u00e1 la afluencia de visitantes. \u201cEl contacto humano modifica las condiciones ambientales. Si se rompe el equilibrio, podr\u00edan aparecer algas o musgos\u201d, alert\u00f3 Rom\u00e8. Por ello, la apertura al p\u00fablico se har\u00e1 de forma controlada, con cupos limitados y monitoreo constante.<\/p>\n<p>Entre los espacios m\u00e1s destacados que recuperaron su esplendor figuran el cub\u00edculo o cripta de Le\u00f3n, considerada la joya de la necr\u00f3polis, y la bas\u00edlica de los santos m\u00e1rtires, donde se rend\u00eda culto a F\u00e9lix y Adauto. Sus frescos muestran escenas de la vida de Cristo y de diversos santos, y hoy se encuentran en \u201cexcelente estado de conservaci\u00f3n\u201d, celebr\u00f3 el monse\u00f1or Pasquale Iacobone, presidente de la Comisi\u00f3n Pontificia.<\/p>\n<p>El proyecto fue financiado por una fundaci\u00f3n azerbaiyana, cuya contribuci\u00f3n permiti\u00f3 culminar la intervenci\u00f3n. Seg\u00fan Iacobone, la restauraci\u00f3n no solo busc\u00f3 preservar el patrimonio art\u00edstico y religioso, sino tambi\u00e9n \u201cponer en valor un sitio esencial para la historia del cristianismo primitivo\u201d.<\/p>\n<p>Aunque no hay una fecha definida, la Comisi\u00f3n prev\u00e9 abrir las catacumbas de Commodilla al p\u00fablico en los pr\u00f3ximos meses. Por el momento, solo se han realizado visitas experimentales en colaboraci\u00f3n con el Departamento de Cultura del Municipio Roma VIII, donde se encuentra el sitio.<\/p>\n<p>Cuando finalmente se abran sus puertas, el p\u00fablico podr\u00e1 descender por las estrechas escaleras y recorrer los pasadizos flanqueados por l\u00f3culos funerarios, testigos de una \u00e9poca en que los primeros cristianos buscaban refugio y eternidad bajo tierra.<\/p>\n<p>&nbsp;<\/p>\n","protected":false},"excerpt":{"rendered":"<p>Las catacumbas de Commodilla, un antiguo cementerio cristiano excavado bajo el suelo de Roma hace m\u00e1s de 1.600 a\u00f1os, recuperaron su esplendor original tras una compleja restauraci\u00f3n que permiti\u00f3 limpiar sus muros, frescos y murales con tecnolog\u00eda l\u00e1ser, y se preparan para recibir al p\u00fablico por primera vez en siglos. El proyecto, dirigido por la Pontificia Comisi\u00f3n de Arqueolog\u00eda Sacra, se prolong\u00f3 durante tres a\u00f1os y requiri\u00f3 la colaboraci\u00f3n de cuatro empresas especializadas en conservaci\u00f3n. \u201cEl trabajo fue minucioso y largo porque se trataba de un entorno extremadamente fr\u00e1gil\u201d, explic\u00f3&hellip;<\/p>\n","protected":false},"author":1,"featured_media":15972,"comment_status":"closed","ping_status":"closed","sticky":false,"template":"","format":"standard","meta":{"footnotes":""},"categories":[4],"tags":[],"class_list":["post-15971","post","type-post","status-publish","format-standard","has-post-thumbnail","hentry","category-interes-general"],"rttpg_featured_image_url":{"full":["https:\/\/livingmultimediosde.net.ar\/INDEX\/wp-content\/uploads\/2025\/10\/catacumbas.webp",960,720,false],"landscape":["https:\/\/livingmultimediosde.net.ar\/INDEX\/wp-content\/uploads\/2025\/10\/catacumbas.webp",960,720,false],"portraits":["https:\/\/livingmultimediosde.net.ar\/INDEX\/wp-content\/uploads\/2025\/10\/catacumbas.webp",960,720,false],"thumbnail":["https:\/\/livingmultimediosde.net.ar\/INDEX\/wp-content\/uploads\/2025\/10\/catacumbas-150x150.webp",150,150,true],"medium":["https:\/\/livingmultimediosde.net.ar\/INDEX\/wp-content\/uploads\/2025\/10\/catacumbas-300x225.webp",300,225,true],"large":["https:\/\/livingmultimediosde.net.ar\/INDEX\/wp-content\/uploads\/2025\/10\/catacumbas.webp",640,480,false],"1536x1536":["https:\/\/livingmultimediosde.net.ar\/INDEX\/wp-content\/uploads\/2025\/10\/catacumbas.webp",960,720,false],"2048x2048":["https:\/\/livingmultimediosde.net.ar\/INDEX\/wp-content\/uploads\/2025\/10\/catacumbas.webp",960,720,false],"post-thumbnail":["https:\/\/livingmultimediosde.net.ar\/INDEX\/wp-content\/uploads\/2025\/10\/catacumbas-240x172.webp",240,172,true]},"rttpg_author":{"display_name":"rober","author_link":"https:\/\/livingmultimediosde.net.ar\/INDEX\/author\/rober\/"},"rttpg_comment":0,"rttpg_category":"<a href=\"https:\/\/livingmultimediosde.net.ar\/INDEX\/category\/interes-general\/\" rel=\"category tag\">INTERES GENERAL<\/a>","rttpg_excerpt":"Las catacumbas de Commodilla, un antiguo cementerio cristiano excavado bajo el suelo de Roma hace m\u00e1s de 1.600 a\u00f1os, recuperaron su esplendor original tras una compleja restauraci\u00f3n que permiti\u00f3 limpiar sus muros, frescos y murales con tecnolog\u00eda l\u00e1ser, y se preparan para recibir al p\u00fablico por primera vez en siglos. El proyecto, dirigido por la&hellip;","_links":{"self":[{"href":"https:\/\/livingmultimediosde.net.ar\/INDEX\/wp-json\/wp\/v2\/posts\/15971","targetHints":{"allow":["GET"]}}],"collection":[{"href":"https:\/\/livingmultimediosde.net.ar\/INDEX\/wp-json\/wp\/v2\/posts"}],"about":[{"href":"https:\/\/livingmultimediosde.net.ar\/INDEX\/wp-json\/wp\/v2\/types\/post"}],"author":[{"embeddable":true,"href":"https:\/\/livingmultimediosde.net.ar\/INDEX\/wp-json\/wp\/v2\/users\/1"}],"replies":[{"embeddable":true,"href":"https:\/\/livingmultimediosde.net.ar\/INDEX\/wp-json\/wp\/v2\/comments?post=15971"}],"version-history":[{"count":2,"href":"https:\/\/livingmultimediosde.net.ar\/INDEX\/wp-json\/wp\/v2\/posts\/15971\/revisions"}],"predecessor-version":[{"id":15974,"href":"https:\/\/livingmultimediosde.net.ar\/INDEX\/wp-json\/wp\/v2\/posts\/15971\/revisions\/15974"}],"wp:featuredmedia":[{"embeddable":true,"href":"https:\/\/livingmultimediosde.net.ar\/INDEX\/wp-json\/wp\/v2\/media\/15972"}],"wp:attachment":[{"href":"https:\/\/livingmultimediosde.net.ar\/INDEX\/wp-json\/wp\/v2\/media?parent=15971"}],"wp:term":[{"taxonomy":"category","embeddable":true,"href":"https:\/\/livingmultimediosde.net.ar\/INDEX\/wp-json\/wp\/v2\/categories?post=15971"},{"taxonomy":"post_tag","embeddable":true,"href":"https:\/\/livingmultimediosde.net.ar\/INDEX\/wp-json\/wp\/v2\/tags?post=15971"}],"curies":[{"name":"wp","href":"https:\/\/api.w.org\/{rel}","templated":true}]}}