{"id":15968,"date":"2025-10-19T15:19:20","date_gmt":"2025-10-19T15:19:20","guid":{"rendered":"https:\/\/livingmultimediosde.net.ar\/INDEX\/?p=15968"},"modified":"2025-10-19T15:19:20","modified_gmt":"2025-10-19T15:19:20","slug":"primeros-santos-venezolanos-el-papa-leon-xiv-canoniza-a-jose-gregorio-hernandez-y-carmen-rendiles","status":"publish","type":"post","link":"https:\/\/livingmultimediosde.net.ar\/INDEX\/2025\/10\/primeros-santos-venezolanos-el-papa-leon-xiv-canoniza-a-jose-gregorio-hernandez-y-carmen-rendiles\/","title":{"rendered":"Primeros santos venezolanos: el papa Le\u00f3n XIV canoniza a Jos\u00e9 Gregorio Hern\u00e1ndez y Carmen Rendiles"},"content":{"rendered":"<p>El papa Le\u00f3n XIV canoniz\u00f3\u00a0 a siete nuevos santos en la Plaza de San Pedro de Roma, destac\u00e1ndose entre ellos los venezolanos Jos\u00e9 Gregorio Hern\u00e1ndez y Carmen Rendiles, quienes se convirtieron en los primeros santos de Venezuela.<\/p>\n<p>El \u00abm\u00e9dico de los pobres\u00bb, Jos\u00e9 Gregorio Hern\u00e1ndez, y la \u00abcarism\u00e1tica fundadora\u00bb Carmen Rendiles fueron elevados a los altares junto a otras cinco figuras religiosas ante miles de fieles que presenciaron la ceremonia.<\/p>\n<p>Durante el rito, el prefecto del dicasterio para la Causa de todos los Santos ley\u00f3 las biograf\u00edas de los siete beatos, solicitando que sus nombres fuesen inscritos en el libro de los santos, tras lo cual el Papa ley\u00f3 la f\u00f3rmula en lat\u00edn para la canonizaci\u00f3n, recibida con un fuerte aplauso.<\/p>\n<p>En su homil\u00eda, el pont\u00edfice sostuvo que la fe \u00absobresale\u00bb frente a grandes bienes, ya que \u00absin fe pierden el sentido\u00bb. Adem\u00e1s, el Papa subray\u00f3 que los nuevos santos no son \u00abh\u00e9roes\u00bb ni \u00abpaladines de un ideal cualquiera\u00bb, sino \u00abhombres y mujeres aut\u00e9nticos\u00bb.Agencia Noticias Argentinas<br \/>\nLe\u00f3n XIV calific\u00f3 al laico Jos\u00e9 Gregorio Hern\u00e1ndez Cisneros (1864 -1919), beatificado en 2021 y \u00abbenefactor de la humanidad con un coraz\u00f3n encendido de devoci\u00f3n\u00bb, por su labor gratuita a pacientes pobres, a quienes incluso asist\u00eda con dinero para medicinas, lo que lo convirti\u00f3 en un s\u00edmbolo en el pa\u00eds. En cuanto a la religiosa Carmen Elena Rendiles (1903-1977), cuya canonizaci\u00f3n fue aprobada en abril, la defini\u00f3 como una \u00abcarism\u00e1tica fundadora\u00bb que dedic\u00f3 su vida a la educaci\u00f3n y al servicio, pese a haber nacido sin brazo izquierdo y fundar la Congregaci\u00f3n de las Siervas de Jes\u00fas.<\/p>\n<p>La canonizaci\u00f3n se produce en un momento de gran relevancia para Venezuela, uniendo posturas contrapuestas. La vicepresidenta venezolana, Delcy Rodr\u00edguez, afirm\u00f3 que \u00abllega la santidad en un momento extraordinario para nuestra patria, en un momento de profunda uni\u00f3n, donde quedan completamente excluidos los miserables que pretenden instrumentalizar un proceso de santificaci\u00f3n de tanto sacrificio\u00bb. Por su parte, la l\u00edder opositora y Premio Nobel de la Paz 2025, Mar\u00eda Corina Machado, manifest\u00f3 que \u00abel gran milagro que esperamos de nuestros santos es poder abrazarnos en ese puente Sim\u00f3n Bol\u00edvar, poder abrazarnos en el aeropuerto\u00bb.<\/p>\n<p>Junto a los venezolanos, tambi\u00e9n fueron canonizados Ignacio Choukrallah Maloyan, arzobispo cat\u00f3lico armenio; el laico de Papua Nueva Guinea Peter To Rot; las religiosas italianas Vincenza Maria Poloni y Mar\u00eda Troncatti, y el tambi\u00e9n laico italiano Bartolo Longo.<\/p>\n<p>&nbsp;<\/p>\n","protected":false},"excerpt":{"rendered":"<p>El papa Le\u00f3n XIV canoniz\u00f3\u00a0 a siete nuevos santos en la Plaza de San Pedro de Roma, destac\u00e1ndose entre ellos los venezolanos Jos\u00e9 Gregorio Hern\u00e1ndez y Carmen Rendiles, quienes se convirtieron en los primeros santos de Venezuela. El \u00abm\u00e9dico de los pobres\u00bb, Jos\u00e9 Gregorio Hern\u00e1ndez, y la \u00abcarism\u00e1tica fundadora\u00bb Carmen Rendiles fueron elevados a los altares junto a otras cinco figuras religiosas ante miles de fieles que presenciaron la ceremonia. Durante el rito, el prefecto del dicasterio para la Causa de todos los Santos ley\u00f3 las biograf\u00edas de los siete&hellip;<\/p>\n","protected":false},"author":1,"featured_media":15969,"comment_status":"closed","ping_status":"closed","sticky":false,"template":"","format":"standard","meta":{"footnotes":""},"categories":[4],"tags":[],"class_list":["post-15968","post","type-post","status-publish","format-standard","has-post-thumbnail","hentry","category-interes-general"],"rttpg_featured_image_url":{"full":["https:\/\/livingmultimediosde.net.ar\/INDEX\/wp-content\/uploads\/2025\/10\/Papa-tiene-planes.webp",1240,720,false],"landscape":["https:\/\/livingmultimediosde.net.ar\/INDEX\/wp-content\/uploads\/2025\/10\/Papa-tiene-planes.webp",1240,720,false],"portraits":["https:\/\/livingmultimediosde.net.ar\/INDEX\/wp-content\/uploads\/2025\/10\/Papa-tiene-planes.webp",1240,720,false],"thumbnail":["https:\/\/livingmultimediosde.net.ar\/INDEX\/wp-content\/uploads\/2025\/10\/Papa-tiene-planes-150x150.webp",150,150,true],"medium":["https:\/\/livingmultimediosde.net.ar\/INDEX\/wp-content\/uploads\/2025\/10\/Papa-tiene-planes-300x174.webp",300,174,true],"large":["https:\/\/livingmultimediosde.net.ar\/INDEX\/wp-content\/uploads\/2025\/10\/Papa-tiene-planes-1024x595.webp",640,372,true],"1536x1536":["https:\/\/livingmultimediosde.net.ar\/INDEX\/wp-content\/uploads\/2025\/10\/Papa-tiene-planes.webp",1240,720,false],"2048x2048":["https:\/\/livingmultimediosde.net.ar\/INDEX\/wp-content\/uploads\/2025\/10\/Papa-tiene-planes.webp",1240,720,false],"post-thumbnail":["https:\/\/livingmultimediosde.net.ar\/INDEX\/wp-content\/uploads\/2025\/10\/Papa-tiene-planes-240x172.webp",240,172,true]},"rttpg_author":{"display_name":"rober","author_link":"https:\/\/livingmultimediosde.net.ar\/INDEX\/author\/rober\/"},"rttpg_comment":0,"rttpg_category":"<a href=\"https:\/\/livingmultimediosde.net.ar\/INDEX\/category\/interes-general\/\" rel=\"category tag\">INTERES GENERAL<\/a>","rttpg_excerpt":"El papa Le\u00f3n XIV canoniz\u00f3\u00a0 a siete nuevos santos en la Plaza de San Pedro de Roma, destac\u00e1ndose entre ellos los venezolanos Jos\u00e9 Gregorio Hern\u00e1ndez y Carmen Rendiles, quienes se convirtieron en los primeros santos de Venezuela. El \u00abm\u00e9dico de los pobres\u00bb, Jos\u00e9 Gregorio Hern\u00e1ndez, y la \u00abcarism\u00e1tica fundadora\u00bb Carmen Rendiles fueron elevados a los&hellip;","_links":{"self":[{"href":"https:\/\/livingmultimediosde.net.ar\/INDEX\/wp-json\/wp\/v2\/posts\/15968","targetHints":{"allow":["GET"]}}],"collection":[{"href":"https:\/\/livingmultimediosde.net.ar\/INDEX\/wp-json\/wp\/v2\/posts"}],"about":[{"href":"https:\/\/livingmultimediosde.net.ar\/INDEX\/wp-json\/wp\/v2\/types\/post"}],"author":[{"embeddable":true,"href":"https:\/\/livingmultimediosde.net.ar\/INDEX\/wp-json\/wp\/v2\/users\/1"}],"replies":[{"embeddable":true,"href":"https:\/\/livingmultimediosde.net.ar\/INDEX\/wp-json\/wp\/v2\/comments?post=15968"}],"version-history":[{"count":1,"href":"https:\/\/livingmultimediosde.net.ar\/INDEX\/wp-json\/wp\/v2\/posts\/15968\/revisions"}],"predecessor-version":[{"id":15970,"href":"https:\/\/livingmultimediosde.net.ar\/INDEX\/wp-json\/wp\/v2\/posts\/15968\/revisions\/15970"}],"wp:featuredmedia":[{"embeddable":true,"href":"https:\/\/livingmultimediosde.net.ar\/INDEX\/wp-json\/wp\/v2\/media\/15969"}],"wp:attachment":[{"href":"https:\/\/livingmultimediosde.net.ar\/INDEX\/wp-json\/wp\/v2\/media?parent=15968"}],"wp:term":[{"taxonomy":"category","embeddable":true,"href":"https:\/\/livingmultimediosde.net.ar\/INDEX\/wp-json\/wp\/v2\/categories?post=15968"},{"taxonomy":"post_tag","embeddable":true,"href":"https:\/\/livingmultimediosde.net.ar\/INDEX\/wp-json\/wp\/v2\/tags?post=15968"}],"curies":[{"name":"wp","href":"https:\/\/api.w.org\/{rel}","templated":true}]}}