{"id":15958,"date":"2025-10-19T15:11:35","date_gmt":"2025-10-19T15:11:35","guid":{"rendered":"https:\/\/livingmultimediosde.net.ar\/INDEX\/?p=15958"},"modified":"2025-10-19T15:11:35","modified_gmt":"2025-10-19T15:11:35","slug":"el-gobierno-de-la-provincia-anuncio-el-cronograma-de-pago-de-los-bonos-extraordinarios-para-planes-de-emergencia-tarjetas-sociales-y-tarjetas-para-beneficiarios-celiacos","status":"publish","type":"post","link":"https:\/\/livingmultimediosde.net.ar\/INDEX\/2025\/10\/el-gobierno-de-la-provincia-anuncio-el-cronograma-de-pago-de-los-bonos-extraordinarios-para-planes-de-emergencia-tarjetas-sociales-y-tarjetas-para-beneficiarios-celiacos\/","title":{"rendered":"El Gobierno de la Provincia anunci\u00f3 el cronograma de pago de los bonos extraordinarios para planes de emergencia, tarjetas sociales y tarjetas para beneficiarios cel\u00edacos"},"content":{"rendered":"<p>El jefe de Gabinete, El\u00edas Su\u00e1rez, por indicaci\u00f3n del gobernador Gerardo Zamora, anunci\u00f3 el cronograma de pago de los bonos extraordinarios para beneficiarios de planes de emergencia, tarjetas sociales y tarjetas para personas cel\u00edacas, anunciados oportunamente.<\/p>\n<p>Lo hizo acompa\u00f1ado por la ministra de Justicia y Derechos Humanos, Matilde O\u2019Mill, y el ministro de Desarrollo Social, \u00c1ngel Niccolai.<\/p>\n<p>Planes de emergencia provinciales: un bono total de $240.000, en tres cuotas de $80.000, cuya primera parte ser\u00e1 abonada el d\u00eda Lunes 20 de octubre y sucesivamente los meses de noviembre y diciembre.<\/p>\n<p>Titulares de tarjetas sociales: un bono total de $210.000, en tres cuotas de $70.000, cuya primera cuota se har\u00e1 efectiva el 23 de Octubre y sucesivamente los meses de noviembre y diciembre.<br \/>\nPersonas beneficiarias de la tarjeta para cel\u00edacos: un bono total de $150.000, cuya primera cuota de $50.000 se har\u00e1 efectiva el 23 de Octubre, y sucesivamente los meses de noviembre y diciembre.<\/p>\n<p>Los pagos se efectuar\u00e1n a trav\u00e9s de los mecanismos habituales de acreditaci\u00f3n.<br \/>\nEstas sumas extraordinarias est\u00e1n exentas de cualquier tipo de descuento.<\/p>\n","protected":false},"excerpt":{"rendered":"<p>El jefe de Gabinete, El\u00edas Su\u00e1rez, por indicaci\u00f3n del gobernador Gerardo Zamora, anunci\u00f3 el cronograma de pago de los bonos extraordinarios para beneficiarios de planes de emergencia, tarjetas sociales y tarjetas para personas cel\u00edacas, anunciados oportunamente. Lo hizo acompa\u00f1ado por la ministra de Justicia y Derechos Humanos, Matilde O\u2019Mill, y el ministro de Desarrollo Social, \u00c1ngel Niccolai. Planes de emergencia provinciales: un bono total de $240.000, en tres cuotas de $80.000, cuya primera parte ser\u00e1 abonada el d\u00eda Lunes 20 de octubre y sucesivamente los meses de noviembre y diciembre.&hellip;<\/p>\n","protected":false},"author":1,"featured_media":15959,"comment_status":"closed","ping_status":"closed","sticky":false,"template":"","format":"standard","meta":{"footnotes":""},"categories":[9],"tags":[],"class_list":["post-15958","post","type-post","status-publish","format-standard","has-post-thumbnail","hentry","category-noticias"],"rttpg_featured_image_url":{"full":["https:\/\/livingmultimediosde.net.ar\/INDEX\/wp-content\/uploads\/2025\/10\/WhatsApp-Image-2025-10-18-at-8.03.42-PM.jpeg",822,480,false],"landscape":["https:\/\/livingmultimediosde.net.ar\/INDEX\/wp-content\/uploads\/2025\/10\/WhatsApp-Image-2025-10-18-at-8.03.42-PM.jpeg",822,480,false],"portraits":["https:\/\/livingmultimediosde.net.ar\/INDEX\/wp-content\/uploads\/2025\/10\/WhatsApp-Image-2025-10-18-at-8.03.42-PM.jpeg",822,480,false],"thumbnail":["https:\/\/livingmultimediosde.net.ar\/INDEX\/wp-content\/uploads\/2025\/10\/WhatsApp-Image-2025-10-18-at-8.03.42-PM-150x150.jpeg",150,150,true],"medium":["https:\/\/livingmultimediosde.net.ar\/INDEX\/wp-content\/uploads\/2025\/10\/WhatsApp-Image-2025-10-18-at-8.03.42-PM-300x175.jpeg",300,175,true],"large":["https:\/\/livingmultimediosde.net.ar\/INDEX\/wp-content\/uploads\/2025\/10\/WhatsApp-Image-2025-10-18-at-8.03.42-PM.jpeg",640,374,false],"1536x1536":["https:\/\/livingmultimediosde.net.ar\/INDEX\/wp-content\/uploads\/2025\/10\/WhatsApp-Image-2025-10-18-at-8.03.42-PM.jpeg",822,480,false],"2048x2048":["https:\/\/livingmultimediosde.net.ar\/INDEX\/wp-content\/uploads\/2025\/10\/WhatsApp-Image-2025-10-18-at-8.03.42-PM.jpeg",822,480,false],"post-thumbnail":["https:\/\/livingmultimediosde.net.ar\/INDEX\/wp-content\/uploads\/2025\/10\/WhatsApp-Image-2025-10-18-at-8.03.42-PM-240x172.jpeg",240,172,true]},"rttpg_author":{"display_name":"rober","author_link":"https:\/\/livingmultimediosde.net.ar\/INDEX\/author\/rober\/"},"rttpg_comment":0,"rttpg_category":"<a href=\"https:\/\/livingmultimediosde.net.ar\/INDEX\/category\/noticias\/\" rel=\"category tag\">NOTICIAS<\/a>","rttpg_excerpt":"El jefe de Gabinete, El\u00edas Su\u00e1rez, por indicaci\u00f3n del gobernador Gerardo Zamora, anunci\u00f3 el cronograma de pago de los bonos extraordinarios para beneficiarios de planes de emergencia, tarjetas sociales y tarjetas para personas cel\u00edacas, anunciados oportunamente. Lo hizo acompa\u00f1ado por la ministra de Justicia y Derechos Humanos, Matilde O\u2019Mill, y el ministro de Desarrollo Social,&hellip;","_links":{"self":[{"href":"https:\/\/livingmultimediosde.net.ar\/INDEX\/wp-json\/wp\/v2\/posts\/15958","targetHints":{"allow":["GET"]}}],"collection":[{"href":"https:\/\/livingmultimediosde.net.ar\/INDEX\/wp-json\/wp\/v2\/posts"}],"about":[{"href":"https:\/\/livingmultimediosde.net.ar\/INDEX\/wp-json\/wp\/v2\/types\/post"}],"author":[{"embeddable":true,"href":"https:\/\/livingmultimediosde.net.ar\/INDEX\/wp-json\/wp\/v2\/users\/1"}],"replies":[{"embeddable":true,"href":"https:\/\/livingmultimediosde.net.ar\/INDEX\/wp-json\/wp\/v2\/comments?post=15958"}],"version-history":[{"count":1,"href":"https:\/\/livingmultimediosde.net.ar\/INDEX\/wp-json\/wp\/v2\/posts\/15958\/revisions"}],"predecessor-version":[{"id":15960,"href":"https:\/\/livingmultimediosde.net.ar\/INDEX\/wp-json\/wp\/v2\/posts\/15958\/revisions\/15960"}],"wp:featuredmedia":[{"embeddable":true,"href":"https:\/\/livingmultimediosde.net.ar\/INDEX\/wp-json\/wp\/v2\/media\/15959"}],"wp:attachment":[{"href":"https:\/\/livingmultimediosde.net.ar\/INDEX\/wp-json\/wp\/v2\/media?parent=15958"}],"wp:term":[{"taxonomy":"category","embeddable":true,"href":"https:\/\/livingmultimediosde.net.ar\/INDEX\/wp-json\/wp\/v2\/categories?post=15958"},{"taxonomy":"post_tag","embeddable":true,"href":"https:\/\/livingmultimediosde.net.ar\/INDEX\/wp-json\/wp\/v2\/tags?post=15958"}],"curies":[{"name":"wp","href":"https:\/\/api.w.org\/{rel}","templated":true}]}}