{"id":15952,"date":"2025-10-17T11:03:36","date_gmt":"2025-10-17T11:03:36","guid":{"rendered":"https:\/\/livingmultimediosde.net.ar\/INDEX\/?p=15952"},"modified":"2025-10-17T11:03:36","modified_gmt":"2025-10-17T11:03:36","slug":"la-municipalidad-entrego-premios-a-los-jovenes-ganadores-del-concurso-de-fotografia-sobre-ambiente","status":"publish","type":"post","link":"https:\/\/livingmultimediosde.net.ar\/INDEX\/2025\/10\/la-municipalidad-entrego-premios-a-los-jovenes-ganadores-del-concurso-de-fotografia-sobre-ambiente\/","title":{"rendered":"LA MUNICIPALIDAD ENTREG\u00d3 PREMIOS A LOS J\u00d3VENES GANADORES DEL CONCURSO DE FOTOGRAF\u00cdA SOBRE AMBIENTE"},"content":{"rendered":"<p>La Municipalidad de la Capital, a trav\u00e9s de la Direcci\u00f3n de la Juventud y de la Subsecretar\u00eda de Desarrollo, entreg\u00f3 los premios del concurso \u201cFotoconciencia Ambiental\u201d, destinado a promover entre los j\u00f3venes el cuidado y la valoraci\u00f3n de los espacios verdes y comunes de la ciudad.<br \/>\nEl director de la Juventud, Luis Llanos y el subsecretario de Desarrollo, Mauro Kalinski; llevaron adelante la entrega en representaci\u00f3n de la intendente, Ing. Norma Fuentes.<br \/>\nLos tres primeros puestos recibieron como reconocimiento un iPhone y dos celulares Samsung respectivamente, como est\u00edmulo a la creatividad y al compromiso con el cuidado del medio ambiente. Obtuvieron el primer lugar Diego Lohrmann; el segundo lugar, Hugo Hern\u00e1n Casta\u00f1o y el tercer lugar, Yudith Carolina Bravo.<br \/>\nDesde el municipio se expres\u00f3 un especial agradecimiento a los m\u00e1s de 130 j\u00f3venes que participaron del concurso, como as\u00ed tambi\u00e9n al jurado integrado por Jos\u00e9 Mar\u00eda Mladenoff (coordinador), Alberto Rodr\u00edguez Garnier y Nadia Alejandra Puentedura, por su compromiso y aporte profesional en la selecci\u00f3n de las obras, las cuales ser\u00e1n pr\u00f3ximamente expuestas en la Casa Arga\u00f1araz Alcorta.<\/p>\n","protected":false},"excerpt":{"rendered":"<p>La Municipalidad de la Capital, a trav\u00e9s de la Direcci\u00f3n de la Juventud y de la Subsecretar\u00eda de Desarrollo, entreg\u00f3 los premios del concurso \u201cFotoconciencia Ambiental\u201d, destinado a promover entre los j\u00f3venes el cuidado y la valoraci\u00f3n de los espacios verdes y comunes de la ciudad. El director de la Juventud, Luis Llanos y el subsecretario de Desarrollo, Mauro Kalinski; llevaron adelante la entrega en representaci\u00f3n de la intendente, Ing. Norma Fuentes. Los tres primeros puestos recibieron como reconocimiento un iPhone y dos celulares Samsung respectivamente, como est\u00edmulo a la&hellip;<\/p>\n","protected":false},"author":1,"featured_media":15953,"comment_status":"closed","ping_status":"closed","sticky":false,"template":"","format":"standard","meta":{"footnotes":""},"categories":[9],"tags":[],"class_list":["post-15952","post","type-post","status-publish","format-standard","has-post-thumbnail","hentry","category-noticias"],"rttpg_featured_image_url":{"full":["https:\/\/livingmultimediosde.net.ar\/INDEX\/wp-content\/uploads\/2025\/10\/CONCURSO-DE-FOTOGRAFIA.jpg",900,506,false],"landscape":["https:\/\/livingmultimediosde.net.ar\/INDEX\/wp-content\/uploads\/2025\/10\/CONCURSO-DE-FOTOGRAFIA.jpg",900,506,false],"portraits":["https:\/\/livingmultimediosde.net.ar\/INDEX\/wp-content\/uploads\/2025\/10\/CONCURSO-DE-FOTOGRAFIA.jpg",900,506,false],"thumbnail":["https:\/\/livingmultimediosde.net.ar\/INDEX\/wp-content\/uploads\/2025\/10\/CONCURSO-DE-FOTOGRAFIA-150x150.jpg",150,150,true],"medium":["https:\/\/livingmultimediosde.net.ar\/INDEX\/wp-content\/uploads\/2025\/10\/CONCURSO-DE-FOTOGRAFIA-300x169.jpg",300,169,true],"large":["https:\/\/livingmultimediosde.net.ar\/INDEX\/wp-content\/uploads\/2025\/10\/CONCURSO-DE-FOTOGRAFIA.jpg",640,360,false],"1536x1536":["https:\/\/livingmultimediosde.net.ar\/INDEX\/wp-content\/uploads\/2025\/10\/CONCURSO-DE-FOTOGRAFIA.jpg",900,506,false],"2048x2048":["https:\/\/livingmultimediosde.net.ar\/INDEX\/wp-content\/uploads\/2025\/10\/CONCURSO-DE-FOTOGRAFIA.jpg",900,506,false],"post-thumbnail":["https:\/\/livingmultimediosde.net.ar\/INDEX\/wp-content\/uploads\/2025\/10\/CONCURSO-DE-FOTOGRAFIA-240x172.jpg",240,172,true]},"rttpg_author":{"display_name":"rober","author_link":"https:\/\/livingmultimediosde.net.ar\/INDEX\/author\/rober\/"},"rttpg_comment":0,"rttpg_category":"<a href=\"https:\/\/livingmultimediosde.net.ar\/INDEX\/category\/noticias\/\" rel=\"category tag\">NOTICIAS<\/a>","rttpg_excerpt":"La Municipalidad de la Capital, a trav\u00e9s de la Direcci\u00f3n de la Juventud y de la Subsecretar\u00eda de Desarrollo, entreg\u00f3 los premios del concurso \u201cFotoconciencia Ambiental\u201d, destinado a promover entre los j\u00f3venes el cuidado y la valoraci\u00f3n de los espacios verdes y comunes de la ciudad. El director de la Juventud, Luis Llanos y el&hellip;","_links":{"self":[{"href":"https:\/\/livingmultimediosde.net.ar\/INDEX\/wp-json\/wp\/v2\/posts\/15952","targetHints":{"allow":["GET"]}}],"collection":[{"href":"https:\/\/livingmultimediosde.net.ar\/INDEX\/wp-json\/wp\/v2\/posts"}],"about":[{"href":"https:\/\/livingmultimediosde.net.ar\/INDEX\/wp-json\/wp\/v2\/types\/post"}],"author":[{"embeddable":true,"href":"https:\/\/livingmultimediosde.net.ar\/INDEX\/wp-json\/wp\/v2\/users\/1"}],"replies":[{"embeddable":true,"href":"https:\/\/livingmultimediosde.net.ar\/INDEX\/wp-json\/wp\/v2\/comments?post=15952"}],"version-history":[{"count":1,"href":"https:\/\/livingmultimediosde.net.ar\/INDEX\/wp-json\/wp\/v2\/posts\/15952\/revisions"}],"predecessor-version":[{"id":15954,"href":"https:\/\/livingmultimediosde.net.ar\/INDEX\/wp-json\/wp\/v2\/posts\/15952\/revisions\/15954"}],"wp:featuredmedia":[{"embeddable":true,"href":"https:\/\/livingmultimediosde.net.ar\/INDEX\/wp-json\/wp\/v2\/media\/15953"}],"wp:attachment":[{"href":"https:\/\/livingmultimediosde.net.ar\/INDEX\/wp-json\/wp\/v2\/media?parent=15952"}],"wp:term":[{"taxonomy":"category","embeddable":true,"href":"https:\/\/livingmultimediosde.net.ar\/INDEX\/wp-json\/wp\/v2\/categories?post=15952"},{"taxonomy":"post_tag","embeddable":true,"href":"https:\/\/livingmultimediosde.net.ar\/INDEX\/wp-json\/wp\/v2\/tags?post=15952"}],"curies":[{"name":"wp","href":"https:\/\/api.w.org\/{rel}","templated":true}]}}