{"id":15949,"date":"2025-10-17T11:02:20","date_gmt":"2025-10-17T11:02:20","guid":{"rendered":"https:\/\/livingmultimediosde.net.ar\/INDEX\/?p=15949"},"modified":"2025-10-17T11:02:20","modified_gmt":"2025-10-17T11:02:20","slug":"la-municipalidad-celebrara-el-dia-de-las-madres-en-plaza-anoranzas-con-musica-y-actividades-recreativas","status":"publish","type":"post","link":"https:\/\/livingmultimediosde.net.ar\/INDEX\/2025\/10\/la-municipalidad-celebrara-el-dia-de-las-madres-en-plaza-anoranzas-con-musica-y-actividades-recreativas\/","title":{"rendered":"LA MUNICIPALIDAD CELEBRAR\u00c1 EL D\u00cdA DE LAS MADRES EN PLAZA A\u00d1ORANZAS CON M\u00daSICA Y ACTIVIDADES RECREATIVAS"},"content":{"rendered":"<p>&nbsp;<\/p>\n<p>El s\u00e1bado 18 en Plaza A\u00f1oranzas, la Municipalidad de la Capital homenajear\u00e1 a las madres santiague\u00f1as con el Festival D\u00eda de la Madre, donde habr\u00e1 m\u00faltiples actividades recreativas y shows de m\u00fasica en vivo a partir de las 18 horas.<br \/>\nEl evento contar\u00e1 con la presentaci\u00f3n de Daniel Agostini, Dani Hoyos, Banda Aries y el tributo a Luis Miguel, Vero Sarda\u00f1a, El Estallido, Valeria Facelli y el tributo a \u00c1ngela y los mejores DJs de Santiago del Estero.<br \/>\nAdem\u00e1s, habr\u00e1 un espacio destinado a una feria artesanal, con la venta y exposici\u00f3n de productos elaborados por emprendedores locales.<\/p>\n","protected":false},"excerpt":{"rendered":"<p>&nbsp; El s\u00e1bado 18 en Plaza A\u00f1oranzas, la Municipalidad de la Capital homenajear\u00e1 a las madres santiague\u00f1as con el Festival D\u00eda de la Madre, donde habr\u00e1 m\u00faltiples actividades recreativas y shows de m\u00fasica en vivo a partir de las 18 horas. El evento contar\u00e1 con la presentaci\u00f3n de Daniel Agostini, Dani Hoyos, Banda Aries y el tributo a Luis Miguel, Vero Sarda\u00f1a, El Estallido, Valeria Facelli y el tributo a \u00c1ngela y los mejores DJs de Santiago del Estero. Adem\u00e1s, habr\u00e1 un espacio destinado a una feria artesanal, con la&hellip;<\/p>\n","protected":false},"author":1,"featured_media":15950,"comment_status":"closed","ping_status":"closed","sticky":false,"template":"","format":"standard","meta":{"footnotes":""},"categories":[9],"tags":[],"class_list":["post-15949","post","type-post","status-publish","format-standard","has-post-thumbnail","hentry","category-noticias"],"rttpg_featured_image_url":{"full":["https:\/\/livingmultimediosde.net.ar\/INDEX\/wp-content\/uploads\/2025\/10\/DIA-DE-LA-MADRE.jpg",900,599,false],"landscape":["https:\/\/livingmultimediosde.net.ar\/INDEX\/wp-content\/uploads\/2025\/10\/DIA-DE-LA-MADRE.jpg",900,599,false],"portraits":["https:\/\/livingmultimediosde.net.ar\/INDEX\/wp-content\/uploads\/2025\/10\/DIA-DE-LA-MADRE.jpg",900,599,false],"thumbnail":["https:\/\/livingmultimediosde.net.ar\/INDEX\/wp-content\/uploads\/2025\/10\/DIA-DE-LA-MADRE-150x150.jpg",150,150,true],"medium":["https:\/\/livingmultimediosde.net.ar\/INDEX\/wp-content\/uploads\/2025\/10\/DIA-DE-LA-MADRE-300x200.jpg",300,200,true],"large":["https:\/\/livingmultimediosde.net.ar\/INDEX\/wp-content\/uploads\/2025\/10\/DIA-DE-LA-MADRE.jpg",640,426,false],"1536x1536":["https:\/\/livingmultimediosde.net.ar\/INDEX\/wp-content\/uploads\/2025\/10\/DIA-DE-LA-MADRE.jpg",900,599,false],"2048x2048":["https:\/\/livingmultimediosde.net.ar\/INDEX\/wp-content\/uploads\/2025\/10\/DIA-DE-LA-MADRE.jpg",900,599,false],"post-thumbnail":["https:\/\/livingmultimediosde.net.ar\/INDEX\/wp-content\/uploads\/2025\/10\/DIA-DE-LA-MADRE-240x172.jpg",240,172,true]},"rttpg_author":{"display_name":"rober","author_link":"https:\/\/livingmultimediosde.net.ar\/INDEX\/author\/rober\/"},"rttpg_comment":0,"rttpg_category":"<a href=\"https:\/\/livingmultimediosde.net.ar\/INDEX\/category\/noticias\/\" rel=\"category tag\">NOTICIAS<\/a>","rttpg_excerpt":"&nbsp; El s\u00e1bado 18 en Plaza A\u00f1oranzas, la Municipalidad de la Capital homenajear\u00e1 a las madres santiague\u00f1as con el Festival D\u00eda de la Madre, donde habr\u00e1 m\u00faltiples actividades recreativas y shows de m\u00fasica en vivo a partir de las 18 horas. El evento contar\u00e1 con la presentaci\u00f3n de Daniel Agostini, Dani Hoyos, Banda Aries y&hellip;","_links":{"self":[{"href":"https:\/\/livingmultimediosde.net.ar\/INDEX\/wp-json\/wp\/v2\/posts\/15949","targetHints":{"allow":["GET"]}}],"collection":[{"href":"https:\/\/livingmultimediosde.net.ar\/INDEX\/wp-json\/wp\/v2\/posts"}],"about":[{"href":"https:\/\/livingmultimediosde.net.ar\/INDEX\/wp-json\/wp\/v2\/types\/post"}],"author":[{"embeddable":true,"href":"https:\/\/livingmultimediosde.net.ar\/INDEX\/wp-json\/wp\/v2\/users\/1"}],"replies":[{"embeddable":true,"href":"https:\/\/livingmultimediosde.net.ar\/INDEX\/wp-json\/wp\/v2\/comments?post=15949"}],"version-history":[{"count":1,"href":"https:\/\/livingmultimediosde.net.ar\/INDEX\/wp-json\/wp\/v2\/posts\/15949\/revisions"}],"predecessor-version":[{"id":15951,"href":"https:\/\/livingmultimediosde.net.ar\/INDEX\/wp-json\/wp\/v2\/posts\/15949\/revisions\/15951"}],"wp:featuredmedia":[{"embeddable":true,"href":"https:\/\/livingmultimediosde.net.ar\/INDEX\/wp-json\/wp\/v2\/media\/15950"}],"wp:attachment":[{"href":"https:\/\/livingmultimediosde.net.ar\/INDEX\/wp-json\/wp\/v2\/media?parent=15949"}],"wp:term":[{"taxonomy":"category","embeddable":true,"href":"https:\/\/livingmultimediosde.net.ar\/INDEX\/wp-json\/wp\/v2\/categories?post=15949"},{"taxonomy":"post_tag","embeddable":true,"href":"https:\/\/livingmultimediosde.net.ar\/INDEX\/wp-json\/wp\/v2\/tags?post=15949"}],"curies":[{"name":"wp","href":"https:\/\/api.w.org\/{rel}","templated":true}]}}