{"id":15946,"date":"2025-10-17T11:00:33","date_gmt":"2025-10-17T11:00:33","guid":{"rendered":"https:\/\/livingmultimediosde.net.ar\/INDEX\/?p=15946"},"modified":"2025-10-17T11:00:33","modified_gmt":"2025-10-17T11:00:33","slug":"la-municipalidad-comenzo-la-plantacion-de-mas-de-3700-arboles-en-el-barrio-ramon-carrillo","status":"publish","type":"post","link":"https:\/\/livingmultimediosde.net.ar\/INDEX\/2025\/10\/la-municipalidad-comenzo-la-plantacion-de-mas-de-3700-arboles-en-el-barrio-ramon-carrillo\/","title":{"rendered":"LA MUNICIPALIDAD COMENZ\u00d3 LA PLANTACI\u00d3N DE M\u00c1S DE 3700 \u00c1RBOLES EN EL BARRIO RAM\u00d3N CARRILLO"},"content":{"rendered":"<p>&nbsp;<\/p>\n<p>La Municipalidad de la Capital comenz\u00f3 con la plantaci\u00f3n de m\u00e1s de 3700 \u00e1rboles en el barrio Mariano Moreno, en la continuidad de su programa de Arbolado Urbano.<br \/>\nEl personal de Parques y Paseos lleva adelante la tarea para colocar diferentes especies de acuerdo a las caracter\u00edsticas de las veredas y del suelo de ese sector de la ciudad. Ellas son moras h\u00edbridas, para\u00edsos, fresnos, jacarand\u00e1, brachos. entre otras.<br \/>\nEl programa de arbolado Urbano impulsado por la intendente, Ing. Norma Fuentes, tiene por objetivo la plantaci\u00f3n de m\u00e1s de 60.000 \u00e1rboles por a\u00f1o.<br \/>\nUna vez que concluyan los trabajos en el barrio Mariano Moreno los empleados municipales seguir\u00e1n en el Ram\u00f3n Carrillo.<\/p>\n","protected":false},"excerpt":{"rendered":"<p>&nbsp; La Municipalidad de la Capital comenz\u00f3 con la plantaci\u00f3n de m\u00e1s de 3700 \u00e1rboles en el barrio Mariano Moreno, en la continuidad de su programa de Arbolado Urbano. El personal de Parques y Paseos lleva adelante la tarea para colocar diferentes especies de acuerdo a las caracter\u00edsticas de las veredas y del suelo de ese sector de la ciudad. Ellas son moras h\u00edbridas, para\u00edsos, fresnos, jacarand\u00e1, brachos. entre otras. El programa de arbolado Urbano impulsado por la intendente, Ing. Norma Fuentes, tiene por objetivo la plantaci\u00f3n de m\u00e1s de&hellip;<\/p>\n","protected":false},"author":1,"featured_media":15947,"comment_status":"closed","ping_status":"closed","sticky":false,"template":"","format":"standard","meta":{"footnotes":""},"categories":[9],"tags":[],"class_list":["post-15946","post","type-post","status-publish","format-standard","has-post-thumbnail","hentry","category-noticias"],"rttpg_featured_image_url":{"full":["https:\/\/livingmultimediosde.net.ar\/INDEX\/wp-content\/uploads\/2025\/10\/PLANTACION.jpg",1280,720,false],"landscape":["https:\/\/livingmultimediosde.net.ar\/INDEX\/wp-content\/uploads\/2025\/10\/PLANTACION.jpg",1280,720,false],"portraits":["https:\/\/livingmultimediosde.net.ar\/INDEX\/wp-content\/uploads\/2025\/10\/PLANTACION.jpg",1280,720,false],"thumbnail":["https:\/\/livingmultimediosde.net.ar\/INDEX\/wp-content\/uploads\/2025\/10\/PLANTACION-150x150.jpg",150,150,true],"medium":["https:\/\/livingmultimediosde.net.ar\/INDEX\/wp-content\/uploads\/2025\/10\/PLANTACION-300x169.jpg",300,169,true],"large":["https:\/\/livingmultimediosde.net.ar\/INDEX\/wp-content\/uploads\/2025\/10\/PLANTACION-1024x576.jpg",640,360,true],"1536x1536":["https:\/\/livingmultimediosde.net.ar\/INDEX\/wp-content\/uploads\/2025\/10\/PLANTACION.jpg",1280,720,false],"2048x2048":["https:\/\/livingmultimediosde.net.ar\/INDEX\/wp-content\/uploads\/2025\/10\/PLANTACION.jpg",1280,720,false],"post-thumbnail":["https:\/\/livingmultimediosde.net.ar\/INDEX\/wp-content\/uploads\/2025\/10\/PLANTACION-240x172.jpg",240,172,true]},"rttpg_author":{"display_name":"rober","author_link":"https:\/\/livingmultimediosde.net.ar\/INDEX\/author\/rober\/"},"rttpg_comment":0,"rttpg_category":"<a href=\"https:\/\/livingmultimediosde.net.ar\/INDEX\/category\/noticias\/\" rel=\"category tag\">NOTICIAS<\/a>","rttpg_excerpt":"&nbsp; La Municipalidad de la Capital comenz\u00f3 con la plantaci\u00f3n de m\u00e1s de 3700 \u00e1rboles en el barrio Mariano Moreno, en la continuidad de su programa de Arbolado Urbano. El personal de Parques y Paseos lleva adelante la tarea para colocar diferentes especies de acuerdo a las caracter\u00edsticas de las veredas y del suelo de&hellip;","_links":{"self":[{"href":"https:\/\/livingmultimediosde.net.ar\/INDEX\/wp-json\/wp\/v2\/posts\/15946","targetHints":{"allow":["GET"]}}],"collection":[{"href":"https:\/\/livingmultimediosde.net.ar\/INDEX\/wp-json\/wp\/v2\/posts"}],"about":[{"href":"https:\/\/livingmultimediosde.net.ar\/INDEX\/wp-json\/wp\/v2\/types\/post"}],"author":[{"embeddable":true,"href":"https:\/\/livingmultimediosde.net.ar\/INDEX\/wp-json\/wp\/v2\/users\/1"}],"replies":[{"embeddable":true,"href":"https:\/\/livingmultimediosde.net.ar\/INDEX\/wp-json\/wp\/v2\/comments?post=15946"}],"version-history":[{"count":1,"href":"https:\/\/livingmultimediosde.net.ar\/INDEX\/wp-json\/wp\/v2\/posts\/15946\/revisions"}],"predecessor-version":[{"id":15948,"href":"https:\/\/livingmultimediosde.net.ar\/INDEX\/wp-json\/wp\/v2\/posts\/15946\/revisions\/15948"}],"wp:featuredmedia":[{"embeddable":true,"href":"https:\/\/livingmultimediosde.net.ar\/INDEX\/wp-json\/wp\/v2\/media\/15947"}],"wp:attachment":[{"href":"https:\/\/livingmultimediosde.net.ar\/INDEX\/wp-json\/wp\/v2\/media?parent=15946"}],"wp:term":[{"taxonomy":"category","embeddable":true,"href":"https:\/\/livingmultimediosde.net.ar\/INDEX\/wp-json\/wp\/v2\/categories?post=15946"},{"taxonomy":"post_tag","embeddable":true,"href":"https:\/\/livingmultimediosde.net.ar\/INDEX\/wp-json\/wp\/v2\/tags?post=15946"}],"curies":[{"name":"wp","href":"https:\/\/api.w.org\/{rel}","templated":true}]}}