{"id":15943,"date":"2025-10-17T10:59:05","date_gmt":"2025-10-17T10:59:05","guid":{"rendered":"https:\/\/livingmultimediosde.net.ar\/INDEX\/?p=15943"},"modified":"2025-10-17T10:59:05","modified_gmt":"2025-10-17T10:59:05","slug":"elias-suarez-recibio-el-fuerte-respaldo-de-distintos-sectores-de-la-ciudad-capital","status":"publish","type":"post","link":"https:\/\/livingmultimediosde.net.ar\/INDEX\/2025\/10\/elias-suarez-recibio-el-fuerte-respaldo-de-distintos-sectores-de-la-ciudad-capital\/","title":{"rendered":"EL\u00cdAS SU\u00c1REZ RECIBI\u00d3 EL FUERTE RESPALDO DE DISTINTOS SECTORES DE LA CIUDAD CAPITAL"},"content":{"rendered":"<p>El candidato a gobernador por el Frente C\u00edvico por Santiago, El\u00edas Su\u00e1rez, particip\u00f3 este jueves de una intensa jornada de reuniones en la ciudad Capital, donde recibi\u00f3 el acompa\u00f1amiento de agrupaciones y vecinos que expresaron su apoyo al proyecto de continuidad del modelo de crecimiento provincial.<\/p>\n<p>Durante la tarde, Su\u00e1rez visit\u00f3 el barrio La Cat\u00f3lica, donde fue recibido por representantes de las agrupaciones J\u00f3venes del Futuro, Madre de Ciudades, Almas Solidarias, Social La Cat\u00f3lica y Ringo Salcedo.<br \/>\nLuego, se reuni\u00f3 con miembros de la agrupaci\u00f3n Mart\u00edn Fierro, en el sur de la ciudad, quienes manifestaron su compromiso con la defensa de un modelo de gesti\u00f3n que transform\u00f3 Santiago del Estero.<\/p>\n<p>\ud83d\udde3\ufe0f \u201cGracias por permitirme compartir este momento y por el cari\u00f1o que recibo en cada encuentro. Nuestro compromiso es seguir trabajando junto a la gente, ratificando un proyecto que desde 2005 viene garantizando avances en educaci\u00f3n, salud, seguridad y desarrollo para todos los santiague\u00f1os\u201d, expres\u00f3 Su\u00e1rez.<\/p>\n<p>El candidato destac\u00f3 los logros alcanzados en estos a\u00f1os de gesti\u00f3n y remarc\u00f3 la importancia de la educaci\u00f3n y el trabajo joven, la incorporaci\u00f3n de tecnolog\u00eda y conectividad en las escuelas, la construcci\u00f3n de hospitales modernos y las obras que impulsan el turismo, el deporte y la cultura.<\/p>\n<p>\ud83d\udcac \u201cSantiago ha cambiado mucho gracias al esfuerzo de su gente. Vamos a seguir transformando la provincia con m\u00e1s empleo, m\u00e1s producci\u00f3n y m\u00e1s oportunidades para todos\u201d, finaliz\u00f3.<\/p>\n<p>#El\u00edasSu\u00e1rez #FrenteC\u00edvico #SantiagoDelEstero<\/p>\n","protected":false},"excerpt":{"rendered":"<p>El candidato a gobernador por el Frente C\u00edvico por Santiago, El\u00edas Su\u00e1rez, particip\u00f3 este jueves de una intensa jornada de reuniones en la ciudad Capital, donde recibi\u00f3 el acompa\u00f1amiento de agrupaciones y vecinos que expresaron su apoyo al proyecto de continuidad del modelo de crecimiento provincial. Durante la tarde, Su\u00e1rez visit\u00f3 el barrio La Cat\u00f3lica, donde fue recibido por representantes de las agrupaciones J\u00f3venes del Futuro, Madre de Ciudades, Almas Solidarias, Social La Cat\u00f3lica y Ringo Salcedo. Luego, se reuni\u00f3 con miembros de la agrupaci\u00f3n Mart\u00edn Fierro, en el sur&hellip;<\/p>\n","protected":false},"author":1,"featured_media":15944,"comment_status":"closed","ping_status":"closed","sticky":false,"template":"","format":"standard","meta":{"footnotes":""},"categories":[9],"tags":[],"class_list":["post-15943","post","type-post","status-publish","format-standard","has-post-thumbnail","hentry","category-noticias"],"rttpg_featured_image_url":{"full":["https:\/\/livingmultimediosde.net.ar\/INDEX\/wp-content\/uploads\/2025\/10\/WhatsApp-Image-2025-10-16-at-9.51.40-PM.jpeg",900,599,false],"landscape":["https:\/\/livingmultimediosde.net.ar\/INDEX\/wp-content\/uploads\/2025\/10\/WhatsApp-Image-2025-10-16-at-9.51.40-PM.jpeg",900,599,false],"portraits":["https:\/\/livingmultimediosde.net.ar\/INDEX\/wp-content\/uploads\/2025\/10\/WhatsApp-Image-2025-10-16-at-9.51.40-PM.jpeg",900,599,false],"thumbnail":["https:\/\/livingmultimediosde.net.ar\/INDEX\/wp-content\/uploads\/2025\/10\/WhatsApp-Image-2025-10-16-at-9.51.40-PM-150x150.jpeg",150,150,true],"medium":["https:\/\/livingmultimediosde.net.ar\/INDEX\/wp-content\/uploads\/2025\/10\/WhatsApp-Image-2025-10-16-at-9.51.40-PM-300x200.jpeg",300,200,true],"large":["https:\/\/livingmultimediosde.net.ar\/INDEX\/wp-content\/uploads\/2025\/10\/WhatsApp-Image-2025-10-16-at-9.51.40-PM.jpeg",640,426,false],"1536x1536":["https:\/\/livingmultimediosde.net.ar\/INDEX\/wp-content\/uploads\/2025\/10\/WhatsApp-Image-2025-10-16-at-9.51.40-PM.jpeg",900,599,false],"2048x2048":["https:\/\/livingmultimediosde.net.ar\/INDEX\/wp-content\/uploads\/2025\/10\/WhatsApp-Image-2025-10-16-at-9.51.40-PM.jpeg",900,599,false],"post-thumbnail":["https:\/\/livingmultimediosde.net.ar\/INDEX\/wp-content\/uploads\/2025\/10\/WhatsApp-Image-2025-10-16-at-9.51.40-PM-240x172.jpeg",240,172,true]},"rttpg_author":{"display_name":"rober","author_link":"https:\/\/livingmultimediosde.net.ar\/INDEX\/author\/rober\/"},"rttpg_comment":0,"rttpg_category":"<a href=\"https:\/\/livingmultimediosde.net.ar\/INDEX\/category\/noticias\/\" rel=\"category tag\">NOTICIAS<\/a>","rttpg_excerpt":"El candidato a gobernador por el Frente C\u00edvico por Santiago, El\u00edas Su\u00e1rez, particip\u00f3 este jueves de una intensa jornada de reuniones en la ciudad Capital, donde recibi\u00f3 el acompa\u00f1amiento de agrupaciones y vecinos que expresaron su apoyo al proyecto de continuidad del modelo de crecimiento provincial. Durante la tarde, Su\u00e1rez visit\u00f3 el barrio La Cat\u00f3lica,&hellip;","_links":{"self":[{"href":"https:\/\/livingmultimediosde.net.ar\/INDEX\/wp-json\/wp\/v2\/posts\/15943","targetHints":{"allow":["GET"]}}],"collection":[{"href":"https:\/\/livingmultimediosde.net.ar\/INDEX\/wp-json\/wp\/v2\/posts"}],"about":[{"href":"https:\/\/livingmultimediosde.net.ar\/INDEX\/wp-json\/wp\/v2\/types\/post"}],"author":[{"embeddable":true,"href":"https:\/\/livingmultimediosde.net.ar\/INDEX\/wp-json\/wp\/v2\/users\/1"}],"replies":[{"embeddable":true,"href":"https:\/\/livingmultimediosde.net.ar\/INDEX\/wp-json\/wp\/v2\/comments?post=15943"}],"version-history":[{"count":1,"href":"https:\/\/livingmultimediosde.net.ar\/INDEX\/wp-json\/wp\/v2\/posts\/15943\/revisions"}],"predecessor-version":[{"id":15945,"href":"https:\/\/livingmultimediosde.net.ar\/INDEX\/wp-json\/wp\/v2\/posts\/15943\/revisions\/15945"}],"wp:featuredmedia":[{"embeddable":true,"href":"https:\/\/livingmultimediosde.net.ar\/INDEX\/wp-json\/wp\/v2\/media\/15944"}],"wp:attachment":[{"href":"https:\/\/livingmultimediosde.net.ar\/INDEX\/wp-json\/wp\/v2\/media?parent=15943"}],"wp:term":[{"taxonomy":"category","embeddable":true,"href":"https:\/\/livingmultimediosde.net.ar\/INDEX\/wp-json\/wp\/v2\/categories?post=15943"},{"taxonomy":"post_tag","embeddable":true,"href":"https:\/\/livingmultimediosde.net.ar\/INDEX\/wp-json\/wp\/v2\/tags?post=15943"}],"curies":[{"name":"wp","href":"https:\/\/api.w.org\/{rel}","templated":true}]}}