{"id":15935,"date":"2025-10-16T12:27:47","date_gmt":"2025-10-16T12:27:47","guid":{"rendered":"https:\/\/livingmultimediosde.net.ar\/INDEX\/?p=15935"},"modified":"2025-10-16T12:27:47","modified_gmt":"2025-10-16T12:27:47","slug":"el-gobernador-gerardo-zamora-recibio-al-especialista-en-inteligencia-artificial-chris-meniw","status":"publish","type":"post","link":"https:\/\/livingmultimediosde.net.ar\/INDEX\/2025\/10\/el-gobernador-gerardo-zamora-recibio-al-especialista-en-inteligencia-artificial-chris-meniw\/","title":{"rendered":"EL GOBERNADOR GERARDO ZAMORA RECIBI\u00d3 AL ESPECIALISTA EN INTELIGENCIA ARTIFICIAL CHRIS MENIW"},"content":{"rendered":"<p>El gobernador Gerardo Zamora recibi\u00f3 este mi\u00e9rcoles por la ma\u00f1ana en Casa de Gobierno a Chris Meniw, especialista en inteligencia artificial.<br \/>\nJunto al mandatario estuvieron la ministra de Justicia, Matilde O\u2019Mill; el secretario de Ciencia y Tecnolog\u00eda, Adri\u00e1n Su\u00e1rez; el director de Gesti\u00f3n P\u00fablica, Ricardo Montenegro y el director de Ciencia y Tecnolog\u00eda, Edmundo Vizgarra.<br \/>\nMeniw vino a Santiago del Estero para participar en la Primera Jornada Nacional Inteligente sobre \u201cInteligencia Artificial y su Combinaci\u00f3n con otras tecnolog\u00edas\u201d, que se llev\u00f3 a cabo en el Nodo Tecnol\u00f3gico este mi\u00e9rcoles.<br \/>\nEl destacado profesional cuenta con una importante trayectoria, ya que particip\u00f3 del Parlamento Mundial de Educaci\u00f3n, CEO de Space Kids Foundation y considerado entre los diez mejores speakers de tecnolog\u00eda de Am\u00e9rica Latina y a cargo del proyecto ZOE, la primera profesora Meta humana de la regi\u00f3n para ense\u00f1ar habilidades.<\/p>\n<p>&nbsp;<\/p>\n","protected":false},"excerpt":{"rendered":"<p>El gobernador Gerardo Zamora recibi\u00f3 este mi\u00e9rcoles por la ma\u00f1ana en Casa de Gobierno a Chris Meniw, especialista en inteligencia artificial. Junto al mandatario estuvieron la ministra de Justicia, Matilde O\u2019Mill; el secretario de Ciencia y Tecnolog\u00eda, Adri\u00e1n Su\u00e1rez; el director de Gesti\u00f3n P\u00fablica, Ricardo Montenegro y el director de Ciencia y Tecnolog\u00eda, Edmundo Vizgarra. Meniw vino a Santiago del Estero para participar en la Primera Jornada Nacional Inteligente sobre \u201cInteligencia Artificial y su Combinaci\u00f3n con otras tecnolog\u00edas\u201d, que se llev\u00f3 a cabo en el Nodo Tecnol\u00f3gico este mi\u00e9rcoles. El&hellip;<\/p>\n","protected":false},"author":1,"featured_media":15936,"comment_status":"closed","ping_status":"closed","sticky":false,"template":"","format":"standard","meta":{"footnotes":""},"categories":[9],"tags":[],"class_list":["post-15935","post","type-post","status-publish","format-standard","has-post-thumbnail","hentry","category-noticias"],"rttpg_featured_image_url":{"full":["https:\/\/livingmultimediosde.net.ar\/INDEX\/wp-content\/uploads\/2025\/10\/WhatsApp-Image-2025-10-15-at-6.19.09-PM.jpeg",900,599,false],"landscape":["https:\/\/livingmultimediosde.net.ar\/INDEX\/wp-content\/uploads\/2025\/10\/WhatsApp-Image-2025-10-15-at-6.19.09-PM.jpeg",900,599,false],"portraits":["https:\/\/livingmultimediosde.net.ar\/INDEX\/wp-content\/uploads\/2025\/10\/WhatsApp-Image-2025-10-15-at-6.19.09-PM.jpeg",900,599,false],"thumbnail":["https:\/\/livingmultimediosde.net.ar\/INDEX\/wp-content\/uploads\/2025\/10\/WhatsApp-Image-2025-10-15-at-6.19.09-PM-150x150.jpeg",150,150,true],"medium":["https:\/\/livingmultimediosde.net.ar\/INDEX\/wp-content\/uploads\/2025\/10\/WhatsApp-Image-2025-10-15-at-6.19.09-PM-300x200.jpeg",300,200,true],"large":["https:\/\/livingmultimediosde.net.ar\/INDEX\/wp-content\/uploads\/2025\/10\/WhatsApp-Image-2025-10-15-at-6.19.09-PM.jpeg",640,426,false],"1536x1536":["https:\/\/livingmultimediosde.net.ar\/INDEX\/wp-content\/uploads\/2025\/10\/WhatsApp-Image-2025-10-15-at-6.19.09-PM.jpeg",900,599,false],"2048x2048":["https:\/\/livingmultimediosde.net.ar\/INDEX\/wp-content\/uploads\/2025\/10\/WhatsApp-Image-2025-10-15-at-6.19.09-PM.jpeg",900,599,false],"post-thumbnail":["https:\/\/livingmultimediosde.net.ar\/INDEX\/wp-content\/uploads\/2025\/10\/WhatsApp-Image-2025-10-15-at-6.19.09-PM-240x172.jpeg",240,172,true]},"rttpg_author":{"display_name":"rober","author_link":"https:\/\/livingmultimediosde.net.ar\/INDEX\/author\/rober\/"},"rttpg_comment":0,"rttpg_category":"<a href=\"https:\/\/livingmultimediosde.net.ar\/INDEX\/category\/noticias\/\" rel=\"category tag\">NOTICIAS<\/a>","rttpg_excerpt":"El gobernador Gerardo Zamora recibi\u00f3 este mi\u00e9rcoles por la ma\u00f1ana en Casa de Gobierno a Chris Meniw, especialista en inteligencia artificial. Junto al mandatario estuvieron la ministra de Justicia, Matilde O\u2019Mill; el secretario de Ciencia y Tecnolog\u00eda, Adri\u00e1n Su\u00e1rez; el director de Gesti\u00f3n P\u00fablica, Ricardo Montenegro y el director de Ciencia y Tecnolog\u00eda, Edmundo Vizgarra.&hellip;","_links":{"self":[{"href":"https:\/\/livingmultimediosde.net.ar\/INDEX\/wp-json\/wp\/v2\/posts\/15935","targetHints":{"allow":["GET"]}}],"collection":[{"href":"https:\/\/livingmultimediosde.net.ar\/INDEX\/wp-json\/wp\/v2\/posts"}],"about":[{"href":"https:\/\/livingmultimediosde.net.ar\/INDEX\/wp-json\/wp\/v2\/types\/post"}],"author":[{"embeddable":true,"href":"https:\/\/livingmultimediosde.net.ar\/INDEX\/wp-json\/wp\/v2\/users\/1"}],"replies":[{"embeddable":true,"href":"https:\/\/livingmultimediosde.net.ar\/INDEX\/wp-json\/wp\/v2\/comments?post=15935"}],"version-history":[{"count":1,"href":"https:\/\/livingmultimediosde.net.ar\/INDEX\/wp-json\/wp\/v2\/posts\/15935\/revisions"}],"predecessor-version":[{"id":15937,"href":"https:\/\/livingmultimediosde.net.ar\/INDEX\/wp-json\/wp\/v2\/posts\/15935\/revisions\/15937"}],"wp:featuredmedia":[{"embeddable":true,"href":"https:\/\/livingmultimediosde.net.ar\/INDEX\/wp-json\/wp\/v2\/media\/15936"}],"wp:attachment":[{"href":"https:\/\/livingmultimediosde.net.ar\/INDEX\/wp-json\/wp\/v2\/media?parent=15935"}],"wp:term":[{"taxonomy":"category","embeddable":true,"href":"https:\/\/livingmultimediosde.net.ar\/INDEX\/wp-json\/wp\/v2\/categories?post=15935"},{"taxonomy":"post_tag","embeddable":true,"href":"https:\/\/livingmultimediosde.net.ar\/INDEX\/wp-json\/wp\/v2\/tags?post=15935"}],"curies":[{"name":"wp","href":"https:\/\/api.w.org\/{rel}","templated":true}]}}