{"id":15929,"date":"2025-10-15T17:15:55","date_gmt":"2025-10-15T17:15:55","guid":{"rendered":"https:\/\/livingmultimediosde.net.ar\/INDEX\/?p=15929"},"modified":"2025-10-15T17:15:55","modified_gmt":"2025-10-15T17:15:55","slug":"elias-suarez-participo-de-dos-reuniones-con-miembros-de-las-agrupaciones-generacion-digital-y-de-la-corriente-nacional-martin-fierro","status":"publish","type":"post","link":"https:\/\/livingmultimediosde.net.ar\/INDEX\/2025\/10\/elias-suarez-participo-de-dos-reuniones-con-miembros-de-las-agrupaciones-generacion-digital-y-de-la-corriente-nacional-martin-fierro\/","title":{"rendered":"EL\u00cdAS SU\u00c1REZ PARTICIP\u00d3 DE DOS REUNIONES CON MIEMBROS DE LAS AGRUPACIONES GENERACI\u00d3N DIGITAL Y DE LA CORRIENTE NACIONAL MART\u00cdN FIERRO"},"content":{"rendered":"<p>&nbsp;<\/p>\n<p>El candidato a gobernador del Frente C\u00edvico por Santiago, El\u00edas Su\u00e1rez, particip\u00f3 este martes por la tarde de importantes reuniones organizadas por las agrupaciones Generaci\u00f3n Digital y Corriente Nacional Mart\u00edn Fierro, las que congregaron una gran cantidad de militantes que transmitieron su firme respaldo para lograr un triunfo contundente en las elecciones del pr\u00f3ximo 26 de octubre.<br \/>\nLa primera actividad se desarroll\u00f3 en la sede del Frente C\u00edvico, con los miembros de Generaci\u00f3n Digital, y el seg\u00fan encuentro se realiz\u00f3 en el Paraninfo de la Unse, donde fue recibido por el referente del espacio, Mario Guzm\u00e1n.<br \/>\nEn ambas reuniones Su\u00e1rez agradeci\u00f3 el masivo apoyo de j\u00f3venes, hombres y mujeres que representan a distintos sectores de la sociedad santiague\u00f1a, ante quienes destac\u00f3: \u00abVer un auditorio lleno de j\u00f3venes nos motiva y nos compromete a redoblar esfuerzos para continuar hacia adelante porque los desaf\u00edos son muchos y los vamos a afrontar con fortaleza\u00bb.<br \/>\nEn otro orden hizo especial \u00e9nfasis en todos los logros alcanzados en la provincia desde el a\u00f1o 2005, concernientes a la salud, la producci\u00f3n y fundamentalmente en la educaci\u00f3n. Remarc\u00f3 que como prueba de este desarrollo permanente \u201cse logr\u00f3 avanzar con obras de infraestructura y mayor conectividad de internet en todo el territorio provincial\u00bb.<br \/>\nAgreg\u00f3: \u00abEl crecimiento se dio con la participaci\u00f3n de la comunidad y el apoyo popular\u00bb.<br \/>\nAl concluir se dirigi\u00f3 especialmente a los j\u00f3venes y expres\u00f3: \u201cSeguiremos trabajando para generar m\u00e1s fuentes de trabajo, m\u00e1s capacitaci\u00f3n y m\u00e1s oportunidades para todos. No tengan dudas de que la provincia seguir\u00e1 creciendo porque tenemos un futuro por delante y me siento fortalecido por el respaldo comprometido de ustedes\u00bb.<\/p>\n","protected":false},"excerpt":{"rendered":"<p>&nbsp; El candidato a gobernador del Frente C\u00edvico por Santiago, El\u00edas Su\u00e1rez, particip\u00f3 este martes por la tarde de importantes reuniones organizadas por las agrupaciones Generaci\u00f3n Digital y Corriente Nacional Mart\u00edn Fierro, las que congregaron una gran cantidad de militantes que transmitieron su firme respaldo para lograr un triunfo contundente en las elecciones del pr\u00f3ximo 26 de octubre. La primera actividad se desarroll\u00f3 en la sede del Frente C\u00edvico, con los miembros de Generaci\u00f3n Digital, y el seg\u00fan encuentro se realiz\u00f3 en el Paraninfo de la Unse, donde fue recibido&hellip;<\/p>\n","protected":false},"author":1,"featured_media":15930,"comment_status":"closed","ping_status":"closed","sticky":false,"template":"","format":"standard","meta":{"footnotes":""},"categories":[9],"tags":[],"class_list":["post-15929","post","type-post","status-publish","format-standard","has-post-thumbnail","hentry","category-noticias"],"rttpg_featured_image_url":{"full":["https:\/\/livingmultimediosde.net.ar\/INDEX\/wp-content\/uploads\/2025\/10\/WhatsApp-Image-2025-10-15-at-10.49.02-AM.jpeg",900,566,false],"landscape":["https:\/\/livingmultimediosde.net.ar\/INDEX\/wp-content\/uploads\/2025\/10\/WhatsApp-Image-2025-10-15-at-10.49.02-AM.jpeg",900,566,false],"portraits":["https:\/\/livingmultimediosde.net.ar\/INDEX\/wp-content\/uploads\/2025\/10\/WhatsApp-Image-2025-10-15-at-10.49.02-AM.jpeg",900,566,false],"thumbnail":["https:\/\/livingmultimediosde.net.ar\/INDEX\/wp-content\/uploads\/2025\/10\/WhatsApp-Image-2025-10-15-at-10.49.02-AM-150x150.jpeg",150,150,true],"medium":["https:\/\/livingmultimediosde.net.ar\/INDEX\/wp-content\/uploads\/2025\/10\/WhatsApp-Image-2025-10-15-at-10.49.02-AM-300x189.jpeg",300,189,true],"large":["https:\/\/livingmultimediosde.net.ar\/INDEX\/wp-content\/uploads\/2025\/10\/WhatsApp-Image-2025-10-15-at-10.49.02-AM.jpeg",640,402,false],"1536x1536":["https:\/\/livingmultimediosde.net.ar\/INDEX\/wp-content\/uploads\/2025\/10\/WhatsApp-Image-2025-10-15-at-10.49.02-AM.jpeg",900,566,false],"2048x2048":["https:\/\/livingmultimediosde.net.ar\/INDEX\/wp-content\/uploads\/2025\/10\/WhatsApp-Image-2025-10-15-at-10.49.02-AM.jpeg",900,566,false],"post-thumbnail":["https:\/\/livingmultimediosde.net.ar\/INDEX\/wp-content\/uploads\/2025\/10\/WhatsApp-Image-2025-10-15-at-10.49.02-AM-240x172.jpeg",240,172,true]},"rttpg_author":{"display_name":"rober","author_link":"https:\/\/livingmultimediosde.net.ar\/INDEX\/author\/rober\/"},"rttpg_comment":0,"rttpg_category":"<a href=\"https:\/\/livingmultimediosde.net.ar\/INDEX\/category\/noticias\/\" rel=\"category tag\">NOTICIAS<\/a>","rttpg_excerpt":"&nbsp; El candidato a gobernador del Frente C\u00edvico por Santiago, El\u00edas Su\u00e1rez, particip\u00f3 este martes por la tarde de importantes reuniones organizadas por las agrupaciones Generaci\u00f3n Digital y Corriente Nacional Mart\u00edn Fierro, las que congregaron una gran cantidad de militantes que transmitieron su firme respaldo para lograr un triunfo contundente en las elecciones del pr\u00f3ximo&hellip;","_links":{"self":[{"href":"https:\/\/livingmultimediosde.net.ar\/INDEX\/wp-json\/wp\/v2\/posts\/15929","targetHints":{"allow":["GET"]}}],"collection":[{"href":"https:\/\/livingmultimediosde.net.ar\/INDEX\/wp-json\/wp\/v2\/posts"}],"about":[{"href":"https:\/\/livingmultimediosde.net.ar\/INDEX\/wp-json\/wp\/v2\/types\/post"}],"author":[{"embeddable":true,"href":"https:\/\/livingmultimediosde.net.ar\/INDEX\/wp-json\/wp\/v2\/users\/1"}],"replies":[{"embeddable":true,"href":"https:\/\/livingmultimediosde.net.ar\/INDEX\/wp-json\/wp\/v2\/comments?post=15929"}],"version-history":[{"count":1,"href":"https:\/\/livingmultimediosde.net.ar\/INDEX\/wp-json\/wp\/v2\/posts\/15929\/revisions"}],"predecessor-version":[{"id":15931,"href":"https:\/\/livingmultimediosde.net.ar\/INDEX\/wp-json\/wp\/v2\/posts\/15929\/revisions\/15931"}],"wp:featuredmedia":[{"embeddable":true,"href":"https:\/\/livingmultimediosde.net.ar\/INDEX\/wp-json\/wp\/v2\/media\/15930"}],"wp:attachment":[{"href":"https:\/\/livingmultimediosde.net.ar\/INDEX\/wp-json\/wp\/v2\/media?parent=15929"}],"wp:term":[{"taxonomy":"category","embeddable":true,"href":"https:\/\/livingmultimediosde.net.ar\/INDEX\/wp-json\/wp\/v2\/categories?post=15929"},{"taxonomy":"post_tag","embeddable":true,"href":"https:\/\/livingmultimediosde.net.ar\/INDEX\/wp-json\/wp\/v2\/tags?post=15929"}],"curies":[{"name":"wp","href":"https:\/\/api.w.org\/{rel}","templated":true}]}}