{"id":15922,"date":"2025-10-15T10:45:43","date_gmt":"2025-10-15T10:45:43","guid":{"rendered":"https:\/\/livingmultimediosde.net.ar\/INDEX\/?p=15922"},"modified":"2025-10-15T10:45:43","modified_gmt":"2025-10-15T10:45:43","slug":"sesiono-el-hcd-de-la-capital-y-sanciono-diversas-iniciativas","status":"publish","type":"post","link":"https:\/\/livingmultimediosde.net.ar\/INDEX\/2025\/10\/sesiono-el-hcd-de-la-capital-y-sanciono-diversas-iniciativas\/","title":{"rendered":"Sesion\u00f3 el HCD de la Capital y sancion\u00f3 diversas iniciativas"},"content":{"rendered":"<p>&nbsp;<\/p>\n<p>14.10.25 En un clima de tranquilidad, sin desencuentros, se llev\u00f3 a cabo la sesi\u00f3n ordinaria 31ra del actual per\u00edodo del parlamento municipal, presidido por su presidente, Humberto Eduardo Santill\u00e1n, con la presencia de 11 ediles.<\/p>\n<p>En la oportunidad se dio ingreso a 9 expedientes, dos de los cuales fueron reservados, tratados sobre tablas y sancionados por unanimidad.<\/p>\n<p>En efecto, a instancias de la concejala oficialista, Dra. Gabriela Ort\u00edz, se sancion\u00f3 la Ordenanza por la que el H. Concejo Deliberante de la Capital \u201cdeclara de Inter\u00e9s Municipal, Cultural y Social todos los eventos y actividades, que se lleven a cabo en el marco del \u201cD\u00eda Mundial de la Par\u00e1lisis Cerebral\u201d, durante todo el mes de octubre del corriente a\u00f1o, organizados por la Asociaci\u00f3n Civil SIMINSQA-Promesa, en virtud de los considerandos de la presente y en concordancia con las disposiciones de la Ordenanza N\u00ba 4.803\/2.013\u201d.<\/p>\n<p>Se se\u00f1al\u00f3 que \u201cla Asociaci\u00f3n Civil SIMINSQA-Promesa, es una instituci\u00f3n que lucha por los derechos de las personas con discapacidad\u201d.<\/p>\n<p>Agrega que \u201cla mencionada instituci\u00f3n da cuenta que, el pasado 6 de octubre, se celebr\u00f3 el \u201cD\u00eda Mundial de la Par\u00e1lisis Cerebral\u201d, por lo que se pudo observar edificios p\u00fablicos de la ciudad iluminados de color verde que es el s\u00edmbolo que internacionalmente representa la par\u00e1lisis cerebral\u201d.<\/p>\n<p>Subraya que \u201cdurante el mes de octubre del corriente a\u00f1o se llevar\u00e1 a cabo distintas acciones y eventos en el marco del \u201cD\u00eda Mundial de la Par\u00e1lisis Cerebral\u201d, por lo que se solicita la declaraci\u00f3n de inter\u00e9s municipal de ellos\u201d.<\/p>\n<p>Tambi\u00e9n se sancion\u00f3 la Ordenanza, promovida por el edil, Walter Medina Salom\u00f3n, por la misma, el H. Concejo Deliberante de la Capital \u201cdeclara Inter\u00e9s Municipal y Cultural la presentaci\u00f3n del Libro \u201cAbecedario Impune\u201d del escritor Julio Ferreyra por su aporte a la cultura, la educaci\u00f3n y la memoria colectiva, el 18 de octubre del corriente a\u00f1o en la casa Arga\u00f1araz Alcorta, organizada por el \u201cAteneo 10 de diciembre\u201d.<\/p>\n<p>La obra de Julio Ferreyra constituye una valiosa contribuci\u00f3n literaria que aborda tem\u00e1ticas de memoria, identidad y compromiso social, acercando a la comunidad a la poes\u00eda como herramienta de reflexi\u00f3n y encuentro.<\/p>\n<p>La presentaci\u00f3n del libro constituye un espacio de encuentro cultural, abierto al p\u00fablico donde se fomenta la participaci\u00f3n de escritores, lectores y miembros de la comunidad, fortaleciendo la vida cultural de la ciudad.<\/p>\n<p>La difusi\u00f3n de la literatura y la cultura fortalece los valores de identidad, educaci\u00f3n y compromiso social, contribuyendo al desarrollo integral de la ciudadan\u00eda.<\/p>\n<p>Orden del D\u00eda<\/p>\n<p>El H. Concejo Deliberante de la Capital sancion\u00f3 la Ordenanza por la que \u201cse declara de Inter\u00e9s Municipal, Educativo y Social el \u201cCurso Acompa\u00f1ante Terap\u00e9utico; Auxiliar en Cardiolog\u00eda; Auxiliar en Farmacia; Enfermer\u00eda en Emergencias M\u00e9dicas y Auxiliar en Podolog\u00eda\u201d, dictados por la WMI Global Academia y de conformidad a las disposiciones de la Ordenanza N\u00b0 4.803\/2.013\u201d. Se har\u00e1 entrega de copia fiel de la Ordenanza al se\u00f1or, Hugo Omar Gramajo. \u2013<\/p>\n<p>Mediante nota el director ejecutivo y el director educativo del instituto WMI Global Academia, solicita a este Honorable Cuerpo declarar de inter\u00e9s Educativo y Cultural los cursos de acompa\u00f1ante terap\u00e9utico; auxiliar en cardiolog\u00eda; auxiliar en farmacia; enfermer\u00eda en emergencias m\u00e9dicas y auxiliar en podolog\u00eda.<\/p>\n<p>Estos cursos representan una valiosa oportunidad de formaci\u00f3n para nuestra comunidad, promoviendo el desarrollo personal, la inclusi\u00f3n laboral y el fortalecimiento del sistema de salud y asistencia social en nuestra provincia. Asimismo, fomentan el acceso al conocimiento en \u00e1reas de alta demanda social y profesional, contribuyendo a la mejora de la calidad de nuestra comunidad.<\/p>\n<p>Los objetivos espec\u00edficos estar\u00e1n dirigidos para cada curso en particular, seg\u00fan la tem\u00e1tica. Tambi\u00e9n se hace \u00e9nfasis en destinar gran carga horaria a las pr\u00e1cticas para que el alumno tenga contacto con la realidad, herramienta fundamental para su desarrollo profesional.<\/p>\n<p>Resoluciones<\/p>\n<p>A instancias de la bancada del Frente C\u00edvico, se sancion\u00f3 la Resoluci\u00f3n por la que \u201cse solicita al Departamento Ejecutivo Municipal que, a trav\u00e9s del \u00e1rea correspondiente, proceda al estudio de factibilidad t\u00e9cnica y presupuestaria para reparaci\u00f3n de alumbrado p\u00fablico en calles Dpto. Choya, Dpto. Robles, entre Dpto. Sil\u00edpica y Dpto. R\u00edo Hondo del barrio Villa del Carmen\u201d.<\/p>\n<p>Tambi\u00e9n a instancias de la bancada del Frente C\u00edvico, se sancion\u00f3 la Resoluci\u00f3n por la que \u201cse solicita al Departamento Ejecutivo Municipal que, a trav\u00e9s del \u00e1rea correspondiente, proceda al estudio de factibilidad t\u00e9cnica y presupuestaria, proceda a realizar obras de arbolados en la Plaza H\u00e9roes Santiague\u00f1os de Malvinas, ubicada en calle Dpto. Rio Hondo y Juan Felipe Ibarra del Barrio Villa del Carmen, sector 744 viviendas del Barrio Villa del Carmen.<\/p>\n<p>Se sancion\u00f3 la Resoluci\u00f3n promovida por el bloque Libres del Sur por la que \u201cse solicita al Departamento Ejecutivo Municipal que, a trav\u00e9s del \u00e1rea correspondiente, proceda al estudio de factibilidad t\u00e9cnica y presupuestaria para realizar la colocaci\u00f3n y reparaci\u00f3n de luminarias en las distintas calles del barrio Juan D\u00edaz de Sol\u00eds\u201d.<\/p>\n<p>Por \u00faltimo, se sancion\u00f3 la Comunicaci\u00f3n -presentada por el Consejo Consultivo de la Tercera Edad-, que \u201cver\u00eda con agrado que el Departamento Ejecutivo Municipal, a trav\u00e9s del \u00e1rea correspondiente, proceda a intimar al propietario y\/o retiro de un veh\u00edculo en estado de abandono, ubicado en calle Granadero Saavedra S\/N\u00b0, entre Lavalle y Viamonte del barrio Sarmiento\u201d.<\/p>\n","protected":false},"excerpt":{"rendered":"<p>&nbsp; 14.10.25 En un clima de tranquilidad, sin desencuentros, se llev\u00f3 a cabo la sesi\u00f3n ordinaria 31ra del actual per\u00edodo del parlamento municipal, presidido por su presidente, Humberto Eduardo Santill\u00e1n, con la presencia de 11 ediles. En la oportunidad se dio ingreso a 9 expedientes, dos de los cuales fueron reservados, tratados sobre tablas y sancionados por unanimidad. En efecto, a instancias de la concejala oficialista, Dra. Gabriela Ort\u00edz, se sancion\u00f3 la Ordenanza por la que el H. Concejo Deliberante de la Capital \u201cdeclara de Inter\u00e9s Municipal, Cultural y Social&hellip;<\/p>\n","protected":false},"author":1,"featured_media":15923,"comment_status":"closed","ping_status":"closed","sticky":false,"template":"","format":"standard","meta":{"footnotes":""},"categories":[3],"tags":[],"class_list":["post-15922","post","type-post","status-publish","format-standard","has-post-thumbnail","hentry","category-hcd-capital"],"rttpg_featured_image_url":{"full":["https:\/\/livingmultimediosde.net.ar\/INDEX\/wp-content\/uploads\/2025\/10\/WhatsApp-Image-2025-10-14-at-5.49.55-PM.jpeg",768,346,false],"landscape":["https:\/\/livingmultimediosde.net.ar\/INDEX\/wp-content\/uploads\/2025\/10\/WhatsApp-Image-2025-10-14-at-5.49.55-PM.jpeg",768,346,false],"portraits":["https:\/\/livingmultimediosde.net.ar\/INDEX\/wp-content\/uploads\/2025\/10\/WhatsApp-Image-2025-10-14-at-5.49.55-PM.jpeg",768,346,false],"thumbnail":["https:\/\/livingmultimediosde.net.ar\/INDEX\/wp-content\/uploads\/2025\/10\/WhatsApp-Image-2025-10-14-at-5.49.55-PM-150x150.jpeg",150,150,true],"medium":["https:\/\/livingmultimediosde.net.ar\/INDEX\/wp-content\/uploads\/2025\/10\/WhatsApp-Image-2025-10-14-at-5.49.55-PM-300x135.jpeg",300,135,true],"large":["https:\/\/livingmultimediosde.net.ar\/INDEX\/wp-content\/uploads\/2025\/10\/WhatsApp-Image-2025-10-14-at-5.49.55-PM.jpeg",640,288,false],"1536x1536":["https:\/\/livingmultimediosde.net.ar\/INDEX\/wp-content\/uploads\/2025\/10\/WhatsApp-Image-2025-10-14-at-5.49.55-PM.jpeg",768,346,false],"2048x2048":["https:\/\/livingmultimediosde.net.ar\/INDEX\/wp-content\/uploads\/2025\/10\/WhatsApp-Image-2025-10-14-at-5.49.55-PM.jpeg",768,346,false],"post-thumbnail":["https:\/\/livingmultimediosde.net.ar\/INDEX\/wp-content\/uploads\/2025\/10\/WhatsApp-Image-2025-10-14-at-5.49.55-PM-240x172.jpeg",240,172,true]},"rttpg_author":{"display_name":"rober","author_link":"https:\/\/livingmultimediosde.net.ar\/INDEX\/author\/rober\/"},"rttpg_comment":0,"rttpg_category":"<a href=\"https:\/\/livingmultimediosde.net.ar\/INDEX\/category\/hcd-capital\/\" rel=\"category tag\">HCD CAPITAL<\/a>","rttpg_excerpt":"&nbsp; 14.10.25 En un clima de tranquilidad, sin desencuentros, se llev\u00f3 a cabo la sesi\u00f3n ordinaria 31ra del actual per\u00edodo del parlamento municipal, presidido por su presidente, Humberto Eduardo Santill\u00e1n, con la presencia de 11 ediles. En la oportunidad se dio ingreso a 9 expedientes, dos de los cuales fueron reservados, tratados sobre tablas y&hellip;","_links":{"self":[{"href":"https:\/\/livingmultimediosde.net.ar\/INDEX\/wp-json\/wp\/v2\/posts\/15922","targetHints":{"allow":["GET"]}}],"collection":[{"href":"https:\/\/livingmultimediosde.net.ar\/INDEX\/wp-json\/wp\/v2\/posts"}],"about":[{"href":"https:\/\/livingmultimediosde.net.ar\/INDEX\/wp-json\/wp\/v2\/types\/post"}],"author":[{"embeddable":true,"href":"https:\/\/livingmultimediosde.net.ar\/INDEX\/wp-json\/wp\/v2\/users\/1"}],"replies":[{"embeddable":true,"href":"https:\/\/livingmultimediosde.net.ar\/INDEX\/wp-json\/wp\/v2\/comments?post=15922"}],"version-history":[{"count":1,"href":"https:\/\/livingmultimediosde.net.ar\/INDEX\/wp-json\/wp\/v2\/posts\/15922\/revisions"}],"predecessor-version":[{"id":15924,"href":"https:\/\/livingmultimediosde.net.ar\/INDEX\/wp-json\/wp\/v2\/posts\/15922\/revisions\/15924"}],"wp:featuredmedia":[{"embeddable":true,"href":"https:\/\/livingmultimediosde.net.ar\/INDEX\/wp-json\/wp\/v2\/media\/15923"}],"wp:attachment":[{"href":"https:\/\/livingmultimediosde.net.ar\/INDEX\/wp-json\/wp\/v2\/media?parent=15922"}],"wp:term":[{"taxonomy":"category","embeddable":true,"href":"https:\/\/livingmultimediosde.net.ar\/INDEX\/wp-json\/wp\/v2\/categories?post=15922"},{"taxonomy":"post_tag","embeddable":true,"href":"https:\/\/livingmultimediosde.net.ar\/INDEX\/wp-json\/wp\/v2\/tags?post=15922"}],"curies":[{"name":"wp","href":"https:\/\/api.w.org\/{rel}","templated":true}]}}