{"id":15919,"date":"2025-10-15T10:44:31","date_gmt":"2025-10-15T10:44:31","guid":{"rendered":"https:\/\/livingmultimediosde.net.ar\/INDEX\/?p=15919"},"modified":"2025-10-15T10:44:31","modified_gmt":"2025-10-15T10:44:31","slug":"hcd-declaro-de-interes-municipal-social-y-deportivo-el-evento-denominado-la-ciudad-corre-edicion-nocturna","status":"publish","type":"post","link":"https:\/\/livingmultimediosde.net.ar\/INDEX\/2025\/10\/hcd-declaro-de-interes-municipal-social-y-deportivo-el-evento-denominado-la-ciudad-corre-edicion-nocturna\/","title":{"rendered":"HCD: Declar\u00f3 de inter\u00e9s Municipal, Social y Deportivo el evento denominado \u201cLa Ciudad Corre-Edici\u00f3n Nocturna\u201d"},"content":{"rendered":"<p>&nbsp;<\/p>\n<p>14.10.25 En un clima de tranquilidad, sin desencuentros, se llev\u00f3 a cabo la sesi\u00f3n ordinaria 31ra del actual per\u00edodo del parlamento municipal, presidido por su presidente, Humberto Santill\u00e1n, con la presencia de 11 ediles.<\/p>\n<p>En la apertura de las deliberaciones, se realiz\u00f3 el acto protocolar de entrega de copia fiel de la Ordenanza 6543\/25. La misma, estuvo a cargo del presidente, Humberto Santill\u00e1n y la concejala, Dra. Gabriela Ortiz, recibiendo la ordenanza Federico Vittar y Paola Bruno, respectivamente.<\/p>\n<p>En efecto, el H. Concejo Deliberante de la Capital sancion\u00f3 la Ordenanza 6543\/25 que \u201cdeclara de Inter\u00e9s Municipal, Social y Deportivo el evento denominado \u201cLa Ciudad Corre-Edici\u00f3n Nocturna\u201d, organizado por Ultraeventos SDE, a desarrollarse el d\u00eda 11 de octubre del corriente a\u00f1o en la ciudad capital, de conformidad a los considerandos de la presente y a las disposiciones de la Ordenanza 4.803\/13\u201d.<\/p>\n<p>Considerandos<\/p>\n<p>Que, el mencionado evento se desarrolla en las instancias de 10 y 15 km, con certificaci\u00f3n internacional bajo normas WORLD ATLHETICS y es organizado por la empresa Ultraeventos SDE, recorriendo puntos ic\u00f3nicos de la ciudad de Santiago del Estero a llevarse a cabo el 11 de octubre del corriente a\u00f1o.<\/p>\n<p>Que, este evento recibe corredores de distintos puntos del pa\u00eds que se dan cita y jerarquizan la competencia, siendo el 40% de los inscriptos oriundos de otras provincias.Que, el mismo recorrer\u00e1 la costanera Santiago del Estero, con largada y finalizaci\u00f3n en el Paseo de los Foodtracks, siendo una noche para disfrutar, de correr y compartir con amigos un post carrera que tendr\u00e1 como frutilla del postre, Dj y bandas en vivo.<\/p>\n<p>Que, la Ordenanza N\u00ba4.803\/2.013 prev\u00e9 la declaraci\u00f3n de Inter\u00e9s Municipal para eventos de esta \u00edndole.<\/p>\n","protected":false},"excerpt":{"rendered":"<p>&nbsp; 14.10.25 En un clima de tranquilidad, sin desencuentros, se llev\u00f3 a cabo la sesi\u00f3n ordinaria 31ra del actual per\u00edodo del parlamento municipal, presidido por su presidente, Humberto Santill\u00e1n, con la presencia de 11 ediles. En la apertura de las deliberaciones, se realiz\u00f3 el acto protocolar de entrega de copia fiel de la Ordenanza 6543\/25. La misma, estuvo a cargo del presidente, Humberto Santill\u00e1n y la concejala, Dra. Gabriela Ortiz, recibiendo la ordenanza Federico Vittar y Paola Bruno, respectivamente. En efecto, el H. Concejo Deliberante de la Capital sancion\u00f3 la&hellip;<\/p>\n","protected":false},"author":1,"featured_media":15920,"comment_status":"closed","ping_status":"closed","sticky":false,"template":"","format":"standard","meta":{"footnotes":""},"categories":[3],"tags":[],"class_list":["post-15919","post","type-post","status-publish","format-standard","has-post-thumbnail","hentry","category-hcd-capital"],"rttpg_featured_image_url":{"full":["https:\/\/livingmultimediosde.net.ar\/INDEX\/wp-content\/uploads\/2025\/10\/WhatsApp-Image-2025-10-14-at-5.46.38-PM.jpeg",900,597,false],"landscape":["https:\/\/livingmultimediosde.net.ar\/INDEX\/wp-content\/uploads\/2025\/10\/WhatsApp-Image-2025-10-14-at-5.46.38-PM.jpeg",900,597,false],"portraits":["https:\/\/livingmultimediosde.net.ar\/INDEX\/wp-content\/uploads\/2025\/10\/WhatsApp-Image-2025-10-14-at-5.46.38-PM.jpeg",900,597,false],"thumbnail":["https:\/\/livingmultimediosde.net.ar\/INDEX\/wp-content\/uploads\/2025\/10\/WhatsApp-Image-2025-10-14-at-5.46.38-PM-150x150.jpeg",150,150,true],"medium":["https:\/\/livingmultimediosde.net.ar\/INDEX\/wp-content\/uploads\/2025\/10\/WhatsApp-Image-2025-10-14-at-5.46.38-PM-300x199.jpeg",300,199,true],"large":["https:\/\/livingmultimediosde.net.ar\/INDEX\/wp-content\/uploads\/2025\/10\/WhatsApp-Image-2025-10-14-at-5.46.38-PM.jpeg",640,425,false],"1536x1536":["https:\/\/livingmultimediosde.net.ar\/INDEX\/wp-content\/uploads\/2025\/10\/WhatsApp-Image-2025-10-14-at-5.46.38-PM.jpeg",900,597,false],"2048x2048":["https:\/\/livingmultimediosde.net.ar\/INDEX\/wp-content\/uploads\/2025\/10\/WhatsApp-Image-2025-10-14-at-5.46.38-PM.jpeg",900,597,false],"post-thumbnail":["https:\/\/livingmultimediosde.net.ar\/INDEX\/wp-content\/uploads\/2025\/10\/WhatsApp-Image-2025-10-14-at-5.46.38-PM-240x172.jpeg",240,172,true]},"rttpg_author":{"display_name":"rober","author_link":"https:\/\/livingmultimediosde.net.ar\/INDEX\/author\/rober\/"},"rttpg_comment":0,"rttpg_category":"<a href=\"https:\/\/livingmultimediosde.net.ar\/INDEX\/category\/hcd-capital\/\" rel=\"category tag\">HCD CAPITAL<\/a>","rttpg_excerpt":"&nbsp; 14.10.25 En un clima de tranquilidad, sin desencuentros, se llev\u00f3 a cabo la sesi\u00f3n ordinaria 31ra del actual per\u00edodo del parlamento municipal, presidido por su presidente, Humberto Santill\u00e1n, con la presencia de 11 ediles. En la apertura de las deliberaciones, se realiz\u00f3 el acto protocolar de entrega de copia fiel de la Ordenanza 6543\/25.&hellip;","_links":{"self":[{"href":"https:\/\/livingmultimediosde.net.ar\/INDEX\/wp-json\/wp\/v2\/posts\/15919","targetHints":{"allow":["GET"]}}],"collection":[{"href":"https:\/\/livingmultimediosde.net.ar\/INDEX\/wp-json\/wp\/v2\/posts"}],"about":[{"href":"https:\/\/livingmultimediosde.net.ar\/INDEX\/wp-json\/wp\/v2\/types\/post"}],"author":[{"embeddable":true,"href":"https:\/\/livingmultimediosde.net.ar\/INDEX\/wp-json\/wp\/v2\/users\/1"}],"replies":[{"embeddable":true,"href":"https:\/\/livingmultimediosde.net.ar\/INDEX\/wp-json\/wp\/v2\/comments?post=15919"}],"version-history":[{"count":1,"href":"https:\/\/livingmultimediosde.net.ar\/INDEX\/wp-json\/wp\/v2\/posts\/15919\/revisions"}],"predecessor-version":[{"id":15921,"href":"https:\/\/livingmultimediosde.net.ar\/INDEX\/wp-json\/wp\/v2\/posts\/15919\/revisions\/15921"}],"wp:featuredmedia":[{"embeddable":true,"href":"https:\/\/livingmultimediosde.net.ar\/INDEX\/wp-json\/wp\/v2\/media\/15920"}],"wp:attachment":[{"href":"https:\/\/livingmultimediosde.net.ar\/INDEX\/wp-json\/wp\/v2\/media?parent=15919"}],"wp:term":[{"taxonomy":"category","embeddable":true,"href":"https:\/\/livingmultimediosde.net.ar\/INDEX\/wp-json\/wp\/v2\/categories?post=15919"},{"taxonomy":"post_tag","embeddable":true,"href":"https:\/\/livingmultimediosde.net.ar\/INDEX\/wp-json\/wp\/v2\/tags?post=15919"}],"curies":[{"name":"wp","href":"https:\/\/api.w.org\/{rel}","templated":true}]}}