{"id":15910,"date":"2025-10-14T23:25:33","date_gmt":"2025-10-14T23:25:33","guid":{"rendered":"https:\/\/livingmultimediosde.net.ar\/INDEX\/?p=15910"},"modified":"2025-10-14T23:25:33","modified_gmt":"2025-10-14T23:25:33","slug":"educacion-de-la-municipalidad-convoco-a-la-opcion-de-cargos-para-el-nuevo-jardin-de-infantes-papa-francisco","status":"publish","type":"post","link":"https:\/\/livingmultimediosde.net.ar\/INDEX\/2025\/10\/educacion-de-la-municipalidad-convoco-a-la-opcion-de-cargos-para-el-nuevo-jardin-de-infantes-papa-francisco\/","title":{"rendered":"EDUCACI\u00d3N DE LA MUNICIPALIDAD CONVOC\u00d3 A LA OPCI\u00d3N DE CARGOS PARA EL NUEVO JARD\u00cdN DE INFANTES PAPA FRANCISCO"},"content":{"rendered":"<p>&nbsp;<\/p>\n<p>La Subsecretar\u00eda de Educaci\u00f3n y Desarrollo Comunitario de la Municipalidad de la Capital, a trav\u00e9s del \u00e1rea de Supervisi\u00f3n de Jardines de Infantes, convoc\u00f3 a un nuevo acto de opci\u00f3n para la cobertura de cargos docentes.<br \/>\nSeg\u00fan el Listado de Orden de M\u00e9rito Inscripci\u00f3n Extraordinaria 2025 para el Jard\u00edn Municipal N\u00b0 27 \u00abPapa Francisco\u00bb del barrio Saint Germ\u00e9s, se convoca a 2 (dos) cargos de Maestra de Secci\u00f3n Interina para el turno ma\u00f1ana y 2 (dos) cargos de Maestra de Secci\u00f3n Interina para el turno tarde; a partir del Orden N\u00b0 1, puntaje 26,00.<br \/>\nLas docentes interesadas deber\u00e1n presentarse el pr\u00f3ximo lunes 20 de octubre a las 8:15 horas en el sal\u00f3n del primer piso del Block 1 del Complejo Parque Norte, ubicado en Belgrano 800, entre Constituci\u00f3n y Ameghino.<br \/>\nDeber\u00e1n contar con el certificado de aptitud m\u00e9dica, original y copia, con vigencia de 2 a\u00f1os; Certificado de Buena Conducta y Declaraci\u00f3n Jurada Municipal de cargos y horarios (emitida por Supervisi\u00f3n de Jardines).<\/p>\n","protected":false},"excerpt":{"rendered":"<p>&nbsp; La Subsecretar\u00eda de Educaci\u00f3n y Desarrollo Comunitario de la Municipalidad de la Capital, a trav\u00e9s del \u00e1rea de Supervisi\u00f3n de Jardines de Infantes, convoc\u00f3 a un nuevo acto de opci\u00f3n para la cobertura de cargos docentes. Seg\u00fan el Listado de Orden de M\u00e9rito Inscripci\u00f3n Extraordinaria 2025 para el Jard\u00edn Municipal N\u00b0 27 \u00abPapa Francisco\u00bb del barrio Saint Germ\u00e9s, se convoca a 2 (dos) cargos de Maestra de Secci\u00f3n Interina para el turno ma\u00f1ana y 2 (dos) cargos de Maestra de Secci\u00f3n Interina para el turno tarde; a partir del&hellip;<\/p>\n","protected":false},"author":1,"featured_media":15911,"comment_status":"closed","ping_status":"closed","sticky":false,"template":"","format":"standard","meta":{"footnotes":""},"categories":[9],"tags":[],"class_list":["post-15910","post","type-post","status-publish","format-standard","has-post-thumbnail","hentry","category-noticias"],"rttpg_featured_image_url":{"full":["https:\/\/livingmultimediosde.net.ar\/INDEX\/wp-content\/uploads\/2025\/10\/educacion-de-la-municipalidad.jpg",1200,907,false],"landscape":["https:\/\/livingmultimediosde.net.ar\/INDEX\/wp-content\/uploads\/2025\/10\/educacion-de-la-municipalidad.jpg",1200,907,false],"portraits":["https:\/\/livingmultimediosde.net.ar\/INDEX\/wp-content\/uploads\/2025\/10\/educacion-de-la-municipalidad.jpg",1200,907,false],"thumbnail":["https:\/\/livingmultimediosde.net.ar\/INDEX\/wp-content\/uploads\/2025\/10\/educacion-de-la-municipalidad-150x150.jpg",150,150,true],"medium":["https:\/\/livingmultimediosde.net.ar\/INDEX\/wp-content\/uploads\/2025\/10\/educacion-de-la-municipalidad-300x227.jpg",300,227,true],"large":["https:\/\/livingmultimediosde.net.ar\/INDEX\/wp-content\/uploads\/2025\/10\/educacion-de-la-municipalidad-1024x774.jpg",640,484,true],"1536x1536":["https:\/\/livingmultimediosde.net.ar\/INDEX\/wp-content\/uploads\/2025\/10\/educacion-de-la-municipalidad.jpg",1200,907,false],"2048x2048":["https:\/\/livingmultimediosde.net.ar\/INDEX\/wp-content\/uploads\/2025\/10\/educacion-de-la-municipalidad.jpg",1200,907,false],"post-thumbnail":["https:\/\/livingmultimediosde.net.ar\/INDEX\/wp-content\/uploads\/2025\/10\/educacion-de-la-municipalidad-240x172.jpg",240,172,true]},"rttpg_author":{"display_name":"rober","author_link":"https:\/\/livingmultimediosde.net.ar\/INDEX\/author\/rober\/"},"rttpg_comment":0,"rttpg_category":"<a href=\"https:\/\/livingmultimediosde.net.ar\/INDEX\/category\/noticias\/\" rel=\"category tag\">NOTICIAS<\/a>","rttpg_excerpt":"&nbsp; La Subsecretar\u00eda de Educaci\u00f3n y Desarrollo Comunitario de la Municipalidad de la Capital, a trav\u00e9s del \u00e1rea de Supervisi\u00f3n de Jardines de Infantes, convoc\u00f3 a un nuevo acto de opci\u00f3n para la cobertura de cargos docentes. Seg\u00fan el Listado de Orden de M\u00e9rito Inscripci\u00f3n Extraordinaria 2025 para el Jard\u00edn Municipal N\u00b0 27 \u00abPapa Francisco\u00bb&hellip;","_links":{"self":[{"href":"https:\/\/livingmultimediosde.net.ar\/INDEX\/wp-json\/wp\/v2\/posts\/15910","targetHints":{"allow":["GET"]}}],"collection":[{"href":"https:\/\/livingmultimediosde.net.ar\/INDEX\/wp-json\/wp\/v2\/posts"}],"about":[{"href":"https:\/\/livingmultimediosde.net.ar\/INDEX\/wp-json\/wp\/v2\/types\/post"}],"author":[{"embeddable":true,"href":"https:\/\/livingmultimediosde.net.ar\/INDEX\/wp-json\/wp\/v2\/users\/1"}],"replies":[{"embeddable":true,"href":"https:\/\/livingmultimediosde.net.ar\/INDEX\/wp-json\/wp\/v2\/comments?post=15910"}],"version-history":[{"count":1,"href":"https:\/\/livingmultimediosde.net.ar\/INDEX\/wp-json\/wp\/v2\/posts\/15910\/revisions"}],"predecessor-version":[{"id":15912,"href":"https:\/\/livingmultimediosde.net.ar\/INDEX\/wp-json\/wp\/v2\/posts\/15910\/revisions\/15912"}],"wp:featuredmedia":[{"embeddable":true,"href":"https:\/\/livingmultimediosde.net.ar\/INDEX\/wp-json\/wp\/v2\/media\/15911"}],"wp:attachment":[{"href":"https:\/\/livingmultimediosde.net.ar\/INDEX\/wp-json\/wp\/v2\/media?parent=15910"}],"wp:term":[{"taxonomy":"category","embeddable":true,"href":"https:\/\/livingmultimediosde.net.ar\/INDEX\/wp-json\/wp\/v2\/categories?post=15910"},{"taxonomy":"post_tag","embeddable":true,"href":"https:\/\/livingmultimediosde.net.ar\/INDEX\/wp-json\/wp\/v2\/tags?post=15910"}],"curies":[{"name":"wp","href":"https:\/\/api.w.org\/{rel}","templated":true}]}}