{"id":15898,"date":"2025-10-14T05:47:52","date_gmt":"2025-10-14T05:47:52","guid":{"rendered":"https:\/\/livingmultimediosde.net.ar\/INDEX\/?p=15898"},"modified":"2025-10-14T05:47:52","modified_gmt":"2025-10-14T05:47:52","slug":"funcionarios-de-la-municipalidad-supervisaron-el-avance-de-obra-del-jardin-de-infantes-papa-francisco","status":"publish","type":"post","link":"https:\/\/livingmultimediosde.net.ar\/INDEX\/2025\/10\/funcionarios-de-la-municipalidad-supervisaron-el-avance-de-obra-del-jardin-de-infantes-papa-francisco\/","title":{"rendered":"FUNCIONARIOS DE LA MUNICIPALIDAD SUPERVISARON EL AVANCE DE OBRA DEL JARD\u00cdN DE INFANTES PAPA FRANCISCO"},"content":{"rendered":"<p>&nbsp;<\/p>\n<p>Funcionarios de la Municipalidad de la Capital supervisaron el avance de la construcci\u00f3n del nuevo Jard\u00edn de Infantes N\u00b0 27 \u00abPapa Francisco\u00bb ubicado en el barrio Saint Germ\u00e9s, que contar\u00e1 con una educaci\u00f3n orientada a la ecolog\u00eda y la rob\u00f3tica.<br \/>\nEl secretario de Gobierno, N\u00e9stor Machado; el secretario de Planeamiento, Obras y Servicios P\u00fablicos, Jorge Vila; la subsecretaria de Educaci\u00f3n, Nancy Bravo y la directora de Educaci\u00f3n, Josefina Muratore; inspeccionaron el progreso de la imponente obra ubicada entre las calles Perito Moreno, Col\u00f3n, Franklin Moyano y Santa Mar\u00eda Magdalena.<br \/>\nEl establecimiento contar\u00e1 con un dise\u00f1o arquitect\u00f3nico amigable con el medio ambiente y busca brindar un espacio de aprendizaje innovador y creativo, en sinton\u00eda con las pol\u00edticas educativas impulsadas por la intendente, Ing. Norma Fuentes.<br \/>\nEl nuevo jard\u00edn de infantes se inaugurar\u00e1 a comienzos del ciclo lectivo 2026 y, en los pr\u00f3ximos d\u00edas, se habilitar\u00e1n las inscripciones para los alumnos que deseen formar parte de esta moderna instituci\u00f3n que estimular\u00e1 la conciencia ambiental y la convivencia arm\u00f3nica con el entorno natural.<\/p>\n","protected":false},"excerpt":{"rendered":"<p>&nbsp; Funcionarios de la Municipalidad de la Capital supervisaron el avance de la construcci\u00f3n del nuevo Jard\u00edn de Infantes N\u00b0 27 \u00abPapa Francisco\u00bb ubicado en el barrio Saint Germ\u00e9s, que contar\u00e1 con una educaci\u00f3n orientada a la ecolog\u00eda y la rob\u00f3tica. El secretario de Gobierno, N\u00e9stor Machado; el secretario de Planeamiento, Obras y Servicios P\u00fablicos, Jorge Vila; la subsecretaria de Educaci\u00f3n, Nancy Bravo y la directora de Educaci\u00f3n, Josefina Muratore; inspeccionaron el progreso de la imponente obra ubicada entre las calles Perito Moreno, Col\u00f3n, Franklin Moyano y Santa Mar\u00eda Magdalena.&hellip;<\/p>\n","protected":false},"author":1,"featured_media":15899,"comment_status":"closed","ping_status":"closed","sticky":false,"template":"","format":"standard","meta":{"footnotes":""},"categories":[9],"tags":[],"class_list":["post-15898","post","type-post","status-publish","format-standard","has-post-thumbnail","hentry","category-noticias"],"rttpg_featured_image_url":{"full":["https:\/\/livingmultimediosde.net.ar\/INDEX\/wp-content\/uploads\/2025\/10\/IMG-20251013-WA0049.jpg",900,599,false],"landscape":["https:\/\/livingmultimediosde.net.ar\/INDEX\/wp-content\/uploads\/2025\/10\/IMG-20251013-WA0049.jpg",900,599,false],"portraits":["https:\/\/livingmultimediosde.net.ar\/INDEX\/wp-content\/uploads\/2025\/10\/IMG-20251013-WA0049.jpg",900,599,false],"thumbnail":["https:\/\/livingmultimediosde.net.ar\/INDEX\/wp-content\/uploads\/2025\/10\/IMG-20251013-WA0049-150x150.jpg",150,150,true],"medium":["https:\/\/livingmultimediosde.net.ar\/INDEX\/wp-content\/uploads\/2025\/10\/IMG-20251013-WA0049-300x200.jpg",300,200,true],"large":["https:\/\/livingmultimediosde.net.ar\/INDEX\/wp-content\/uploads\/2025\/10\/IMG-20251013-WA0049.jpg",640,426,false],"1536x1536":["https:\/\/livingmultimediosde.net.ar\/INDEX\/wp-content\/uploads\/2025\/10\/IMG-20251013-WA0049.jpg",900,599,false],"2048x2048":["https:\/\/livingmultimediosde.net.ar\/INDEX\/wp-content\/uploads\/2025\/10\/IMG-20251013-WA0049.jpg",900,599,false],"post-thumbnail":["https:\/\/livingmultimediosde.net.ar\/INDEX\/wp-content\/uploads\/2025\/10\/IMG-20251013-WA0049-240x172.jpg",240,172,true]},"rttpg_author":{"display_name":"rober","author_link":"https:\/\/livingmultimediosde.net.ar\/INDEX\/author\/rober\/"},"rttpg_comment":0,"rttpg_category":"<a href=\"https:\/\/livingmultimediosde.net.ar\/INDEX\/category\/noticias\/\" rel=\"category tag\">NOTICIAS<\/a>","rttpg_excerpt":"&nbsp; Funcionarios de la Municipalidad de la Capital supervisaron el avance de la construcci\u00f3n del nuevo Jard\u00edn de Infantes N\u00b0 27 \u00abPapa Francisco\u00bb ubicado en el barrio Saint Germ\u00e9s, que contar\u00e1 con una educaci\u00f3n orientada a la ecolog\u00eda y la rob\u00f3tica. El secretario de Gobierno, N\u00e9stor Machado; el secretario de Planeamiento, Obras y Servicios P\u00fablicos,&hellip;","_links":{"self":[{"href":"https:\/\/livingmultimediosde.net.ar\/INDEX\/wp-json\/wp\/v2\/posts\/15898","targetHints":{"allow":["GET"]}}],"collection":[{"href":"https:\/\/livingmultimediosde.net.ar\/INDEX\/wp-json\/wp\/v2\/posts"}],"about":[{"href":"https:\/\/livingmultimediosde.net.ar\/INDEX\/wp-json\/wp\/v2\/types\/post"}],"author":[{"embeddable":true,"href":"https:\/\/livingmultimediosde.net.ar\/INDEX\/wp-json\/wp\/v2\/users\/1"}],"replies":[{"embeddable":true,"href":"https:\/\/livingmultimediosde.net.ar\/INDEX\/wp-json\/wp\/v2\/comments?post=15898"}],"version-history":[{"count":1,"href":"https:\/\/livingmultimediosde.net.ar\/INDEX\/wp-json\/wp\/v2\/posts\/15898\/revisions"}],"predecessor-version":[{"id":15900,"href":"https:\/\/livingmultimediosde.net.ar\/INDEX\/wp-json\/wp\/v2\/posts\/15898\/revisions\/15900"}],"wp:featuredmedia":[{"embeddable":true,"href":"https:\/\/livingmultimediosde.net.ar\/INDEX\/wp-json\/wp\/v2\/media\/15899"}],"wp:attachment":[{"href":"https:\/\/livingmultimediosde.net.ar\/INDEX\/wp-json\/wp\/v2\/media?parent=15898"}],"wp:term":[{"taxonomy":"category","embeddable":true,"href":"https:\/\/livingmultimediosde.net.ar\/INDEX\/wp-json\/wp\/v2\/categories?post=15898"},{"taxonomy":"post_tag","embeddable":true,"href":"https:\/\/livingmultimediosde.net.ar\/INDEX\/wp-json\/wp\/v2\/tags?post=15898"}],"curies":[{"name":"wp","href":"https:\/\/api.w.org\/{rel}","templated":true}]}}