{"id":15885,"date":"2025-10-13T04:32:08","date_gmt":"2025-10-13T04:32:08","guid":{"rendered":"https:\/\/livingmultimediosde.net.ar\/INDEX\/?p=15885"},"modified":"2025-10-13T04:32:08","modified_gmt":"2025-10-13T04:32:08","slug":"por-el-avance-de-la-obra-de-repavimentacion-de-av-colon-se-reestableceran-cruces-y-tambien-habra-nuevos-desvios","status":"publish","type":"post","link":"https:\/\/livingmultimediosde.net.ar\/INDEX\/2025\/10\/por-el-avance-de-la-obra-de-repavimentacion-de-av-colon-se-reestableceran-cruces-y-tambien-habra-nuevos-desvios\/","title":{"rendered":"POR EL AVANCE DE LA OBRA DE REPAVIMENTACI\u00d3N DE AV. COL\u00d3N SE REESTABLECER\u00c1N CRUCES Y TAMBI\u00c9N HABR\u00c1 NUEVOS DESV\u00cdOS"},"content":{"rendered":"<p>&nbsp;<\/p>\n<p>La Direcci\u00f3n de Tr\u00e1nsito de la Capital inform\u00f3 el cronograma de trabajo para esta semana de la obra de repavimentaci\u00f3n de la avenida Col\u00f3n y que deber\u00e1n tener en cuenta los conductores de veh\u00edculos.<br \/>\nA partir de este lunes, un grupo de opearios realizar\u00e1 la demolici\u00f3n y retiro del antiguo pavimento, entre avenida S\u00e1enz Pe\u00f1a y Libertad, de la calzada este.<br \/>\nEl mi\u00e9rcoles se habilitar\u00e1 el paso en la intersecci\u00f3n de Col\u00f3n y Pedro Le\u00f3n Gallo, sobre la calzada oeste.<br \/>\nEl jueves se demoler\u00e1 la boca calle de Congreso. Mientras que el viernes se liberar\u00e1 el cruce con calle La Rioja y el s\u00e1bado se demolera la boca calle de San Juan. Todo ello sobre la calzada oeste.<\/p>\n","protected":false},"excerpt":{"rendered":"<p>&nbsp; La Direcci\u00f3n de Tr\u00e1nsito de la Capital inform\u00f3 el cronograma de trabajo para esta semana de la obra de repavimentaci\u00f3n de la avenida Col\u00f3n y que deber\u00e1n tener en cuenta los conductores de veh\u00edculos. A partir de este lunes, un grupo de opearios realizar\u00e1 la demolici\u00f3n y retiro del antiguo pavimento, entre avenida S\u00e1enz Pe\u00f1a y Libertad, de la calzada este. El mi\u00e9rcoles se habilitar\u00e1 el paso en la intersecci\u00f3n de Col\u00f3n y Pedro Le\u00f3n Gallo, sobre la calzada oeste. El jueves se demoler\u00e1 la boca calle de Congreso.&hellip;<\/p>\n","protected":false},"author":1,"featured_media":15886,"comment_status":"closed","ping_status":"closed","sticky":false,"template":"","format":"standard","meta":{"footnotes":""},"categories":[9],"tags":[],"class_list":["post-15885","post","type-post","status-publish","format-standard","has-post-thumbnail","hentry","category-noticias"],"rttpg_featured_image_url":{"full":["https:\/\/livingmultimediosde.net.ar\/INDEX\/wp-content\/uploads\/2025\/10\/AV-COLON-.jpg",1280,853,false],"landscape":["https:\/\/livingmultimediosde.net.ar\/INDEX\/wp-content\/uploads\/2025\/10\/AV-COLON-.jpg",1280,853,false],"portraits":["https:\/\/livingmultimediosde.net.ar\/INDEX\/wp-content\/uploads\/2025\/10\/AV-COLON-.jpg",1280,853,false],"thumbnail":["https:\/\/livingmultimediosde.net.ar\/INDEX\/wp-content\/uploads\/2025\/10\/AV-COLON--150x150.jpg",150,150,true],"medium":["https:\/\/livingmultimediosde.net.ar\/INDEX\/wp-content\/uploads\/2025\/10\/AV-COLON--300x200.jpg",300,200,true],"large":["https:\/\/livingmultimediosde.net.ar\/INDEX\/wp-content\/uploads\/2025\/10\/AV-COLON--1024x682.jpg",640,426,true],"1536x1536":["https:\/\/livingmultimediosde.net.ar\/INDEX\/wp-content\/uploads\/2025\/10\/AV-COLON-.jpg",1280,853,false],"2048x2048":["https:\/\/livingmultimediosde.net.ar\/INDEX\/wp-content\/uploads\/2025\/10\/AV-COLON-.jpg",1280,853,false],"post-thumbnail":["https:\/\/livingmultimediosde.net.ar\/INDEX\/wp-content\/uploads\/2025\/10\/AV-COLON--240x172.jpg",240,172,true]},"rttpg_author":{"display_name":"rober","author_link":"https:\/\/livingmultimediosde.net.ar\/INDEX\/author\/rober\/"},"rttpg_comment":0,"rttpg_category":"<a href=\"https:\/\/livingmultimediosde.net.ar\/INDEX\/category\/noticias\/\" rel=\"category tag\">NOTICIAS<\/a>","rttpg_excerpt":"&nbsp; La Direcci\u00f3n de Tr\u00e1nsito de la Capital inform\u00f3 el cronograma de trabajo para esta semana de la obra de repavimentaci\u00f3n de la avenida Col\u00f3n y que deber\u00e1n tener en cuenta los conductores de veh\u00edculos. A partir de este lunes, un grupo de opearios realizar\u00e1 la demolici\u00f3n y retiro del antiguo pavimento, entre avenida S\u00e1enz&hellip;","_links":{"self":[{"href":"https:\/\/livingmultimediosde.net.ar\/INDEX\/wp-json\/wp\/v2\/posts\/15885","targetHints":{"allow":["GET"]}}],"collection":[{"href":"https:\/\/livingmultimediosde.net.ar\/INDEX\/wp-json\/wp\/v2\/posts"}],"about":[{"href":"https:\/\/livingmultimediosde.net.ar\/INDEX\/wp-json\/wp\/v2\/types\/post"}],"author":[{"embeddable":true,"href":"https:\/\/livingmultimediosde.net.ar\/INDEX\/wp-json\/wp\/v2\/users\/1"}],"replies":[{"embeddable":true,"href":"https:\/\/livingmultimediosde.net.ar\/INDEX\/wp-json\/wp\/v2\/comments?post=15885"}],"version-history":[{"count":1,"href":"https:\/\/livingmultimediosde.net.ar\/INDEX\/wp-json\/wp\/v2\/posts\/15885\/revisions"}],"predecessor-version":[{"id":15887,"href":"https:\/\/livingmultimediosde.net.ar\/INDEX\/wp-json\/wp\/v2\/posts\/15885\/revisions\/15887"}],"wp:featuredmedia":[{"embeddable":true,"href":"https:\/\/livingmultimediosde.net.ar\/INDEX\/wp-json\/wp\/v2\/media\/15886"}],"wp:attachment":[{"href":"https:\/\/livingmultimediosde.net.ar\/INDEX\/wp-json\/wp\/v2\/media?parent=15885"}],"wp:term":[{"taxonomy":"category","embeddable":true,"href":"https:\/\/livingmultimediosde.net.ar\/INDEX\/wp-json\/wp\/v2\/categories?post=15885"},{"taxonomy":"post_tag","embeddable":true,"href":"https:\/\/livingmultimediosde.net.ar\/INDEX\/wp-json\/wp\/v2\/tags?post=15885"}],"curies":[{"name":"wp","href":"https:\/\/api.w.org\/{rel}","templated":true}]}}